{"id":7645,"date":"2018-08-02T13:12:11","date_gmt":"2018-08-02T16:12:11","guid":{"rendered":"http:\/\/newsinfoco.com.br\/?p=7645"},"modified":"2018-08-02T13:12:11","modified_gmt":"2018-08-02T16:12:11","slug":"qualificacao-profissional-prefeitura-promove-oficina-gratuita-de-automaquiagem-no-mangalo","status":"publish","type":"post","link":"https:\/\/newsinfoco.com.br\/inicio\/qualificacao-profissional-prefeitura-promove-oficina-gratuita-de-automaquiagem-no-mangalo\/","title":{"rendered":"Qualifica\u00e7\u00e3o profissional: Prefeitura promove oficina gratuita de automaquiagem no Mangal\u00f4"},"content":{"rendered":"<p style=\"text-align: justify;\"><span style=\"color: #000000;\">Pensando na qualifica\u00e7\u00e3o profissional como uma possibilidade para o cen\u00e1rio de emprego, para o mercado de trabalho e para o empreendedorismo, a Prefeitura de Alagoinhas, atrav\u00e9s da Secretaria Municipal de Desenvolvimento e Meio Ambiente (SEDEA), levou, nesta quarta-feira (2), uma oficina de automaquiagem \u00e0 Associa\u00e7\u00e3o Comunit\u00e1ria do Alto Sagrado Cora\u00e7\u00e3o de Jesus, no Mangal\u00f4.<\/span><\/p>\n<p style=\"text-align: justify;\"><span style=\"color: #000000;\">O pedido partiu da comunidade e foi atendido pelo poder p\u00fablico municipal. \u201cN\u00f3s, da associa\u00e7\u00e3o, estamos em busca de todos os recursos poss\u00edveis para trazer \u00e0 nossa comunidade. Hoje, tendo essa experi\u00eancia com automaquiagem, a pessoa pode trabalhar em um sal\u00e3o ou pode trabalhar para ela mesma, pode abrir na casa dela, fazer a domic\u00edlio, ent\u00e3o \u00e9 um dinheiro extra que vai entrar para ela ou talvez at\u00e9 o \u00fanico dinheiro que esteja entrando para a fam\u00edlia\u201d, pontuou Maria Adrelina, presidente da associa\u00e7\u00e3o.<\/span><\/p><div class=\"newsi-conteudo_19\" id=\"newsi-2462539289\"><a href=\"https:\/\/www.instagram.com\/prefeituraalagoinhas?igsh=YzgzdDJ1bWR3aWI4\" aria-label=\"SAVE_20251006_221555\"><img loading=\"lazy\" decoding=\"async\" src=\"https:\/\/newsinfoco.com.br\/inicio\/wp-content\/uploads\/2025\/10\/SAVE_20251006_221555-rotated.jpg\" alt=\"\"  srcset=\"https:\/\/newsinfoco.com.br\/inicio\/wp-content\/uploads\/2025\/10\/SAVE_20251006_221555-rotated.jpg 1140w, https:\/\/newsinfoco.com.br\/inicio\/wp-content\/uploads\/2025\/10\/SAVE_20251006_221555-300x52.jpg 300w, https:\/\/newsinfoco.com.br\/inicio\/wp-content\/uploads\/2025\/10\/SAVE_20251006_221555-1024x177.jpg 1024w, https:\/\/newsinfoco.com.br\/inicio\/wp-content\/uploads\/2025\/10\/SAVE_20251006_221555-768x133.jpg 768w, https:\/\/newsinfoco.com.br\/inicio\/wp-content\/uploads\/2025\/10\/SAVE_20251006_221555-600x104.jpg 600w, https:\/\/newsinfoco.com.br\/inicio\/wp-content\/uploads\/2025\/10\/SAVE_20251006_221555-696x120.jpg 696w, https:\/\/newsinfoco.com.br\/inicio\/wp-content\/uploads\/2025\/10\/SAVE_20251006_221555-1068x185.jpg 1068w\" sizes=\"(max-width: 1140px) 100vw, 1140px\" width=\"1140\" height=\"197\"   \/><\/a><\/div>\n<p style=\"text-align: justify;\"><span style=\"color: #000000;\">A atividade foi realizada no per\u00edodo vespertino, na sede da associa\u00e7\u00e3o, e faz parte de mais uma iniciativa do programa PREPARE-SE, que tem oferecido treinamentos profissionalizantes e de aprimoramento pessoal aos cadastrados no Servi\u00e7o de Intermedia\u00e7\u00e3o de M\u00e3o de Obra (SIMM\/Alagoinhas).<\/span><\/p>\n<p style=\"text-align: justify;\"><span style=\"color: #000000;\">Ministrada pela maquiadora profissional Suzana D\u00f3ria, a oficina desta quarta-feira reuniu 11 participantes na tarde desta quarta-feira. \u201cNa verdade, s\u00e3o empreendedoras que querem crescer, que querem aprender. Hoje em dia a gente sabe que a situa\u00e7\u00e3o est\u00e1 complicada. Muita gente sem emprego e tudo mais. Cada um tenta ter uma renda extra trabalhando de forma pr\u00f3pria. \u00c9 um trabalho que a gente vem fazendo. J\u00e1 fizemos na SEDEA para estar treinando essas mulheres, ensinando a t\u00e9cnica de maquiagem, o passo a passo. Elas n\u00e3o v\u00e3o sair profissionais, j\u00e1 que \u00e9 uma oficina, mas v\u00e3o sair sabendo os primeiros passos para preparar uma pele, para arrumar uma sobrancelha, colocar o batom correto, o blush e todos os outros itens da maquiagem. Estou a\u00ed para ajudar voc\u00eas nesta empreitada\u201d, afirmou a facilitadora.<\/span><\/p>\n<p style=\"text-align: justify;\"><span style=\"color: #000000;\">Embora tenha sido especificamente ministrada na sede da associa\u00e7\u00e3o, a pedido da comunidade, as oficinas promovidas pela SEDEA acontecem mensalmente na pr\u00f3pria secretaria, que fica na Rua Soror Joana Ang\u00e9lica, acima do pr\u00e9dio da l\u00e2mpada, pr\u00f3xima \u00e0 Prefeitura Municipal.<\/span><\/p>\n<p style=\"text-align: justify;\"><span style=\"color: #000000;\">As inscri\u00e7\u00f5es s\u00e3o gratuitas e qualquer pessoa acima de 16 anos pode participar. Para fazer o cadastro, basta apresentar documento de identidade e comprovante de resid\u00eancia das 7h \u00e0s 13h, na secretaria.<\/span><\/p>\n<p style=\"text-align: justify;\"><span style=\"color: #000000;\">A SEDEA informou que, de abril de 2017 a julho de 2018, 1.548 pessoas participaram das a\u00e7\u00f5es e receberam o certificado da qualifica\u00e7\u00e3o.<\/span><\/p>\n<p><a href=\"http:\/\/newsinfoco.com.br\/wp-content\/uploads\/2018\/08\/43805212181_84c98e76a1_b.jpg\"><img loading=\"lazy\" decoding=\"async\" class=\"aligncenter size-full wp-image-7653\" src=\"http:\/\/newsinfoco.com.br\/wp-content\/uploads\/2018\/08\/43805212181_84c98e76a1_b.jpg\" alt=\"\" width=\"1024\" height=\"768\" srcset=\"https:\/\/newsinfoco.com.br\/inicio\/wp-content\/uploads\/2018\/08\/43805212181_84c98e76a1_b.jpg 1024w, https:\/\/newsinfoco.com.br\/inicio\/wp-content\/uploads\/2018\/08\/43805212181_84c98e76a1_b-300x225.jpg 300w, https:\/\/newsinfoco.com.br\/inicio\/wp-content\/uploads\/2018\/08\/43805212181_84c98e76a1_b-768x576.jpg 768w, https:\/\/newsinfoco.com.br\/inicio\/wp-content\/uploads\/2018\/08\/43805212181_84c98e76a1_b-600x450.jpg 600w, https:\/\/newsinfoco.com.br\/inicio\/wp-content\/uploads\/2018\/08\/43805212181_84c98e76a1_b-80x60.jpg 80w, https:\/\/newsinfoco.com.br\/inicio\/wp-content\/uploads\/2018\/08\/43805212181_84c98e76a1_b-265x198.jpg 265w, https:\/\/newsinfoco.com.br\/inicio\/wp-content\/uploads\/2018\/08\/43805212181_84c98e76a1_b-696x522.jpg 696w, https:\/\/newsinfoco.com.br\/inicio\/wp-content\/uploads\/2018\/08\/43805212181_84c98e76a1_b-560x420.jpg 560w\" sizes=\"auto, (max-width: 1024px) 100vw, 1024px\" \/><\/a> <a href=\"http:\/\/newsinfoco.com.br\/wp-content\/uploads\/2018\/08\/42901684355_920202913f_b.jpg\"><img loading=\"lazy\" decoding=\"async\" class=\"aligncenter size-full wp-image-7652\" src=\"http:\/\/newsinfoco.com.br\/wp-content\/uploads\/2018\/08\/42901684355_920202913f_b.jpg\" alt=\"\" width=\"1024\" height=\"768\" srcset=\"https:\/\/newsinfoco.com.br\/inicio\/wp-content\/uploads\/2018\/08\/42901684355_920202913f_b.jpg 1024w, https:\/\/newsinfoco.com.br\/inicio\/wp-content\/uploads\/2018\/08\/42901684355_920202913f_b-300x225.jpg 300w, https:\/\/newsinfoco.com.br\/inicio\/wp-content\/uploads\/2018\/08\/42901684355_920202913f_b-768x576.jpg 768w, https:\/\/newsinfoco.com.br\/inicio\/wp-content\/uploads\/2018\/08\/42901684355_920202913f_b-600x450.jpg 600w, https:\/\/newsinfoco.com.br\/inicio\/wp-content\/uploads\/2018\/08\/42901684355_920202913f_b-80x60.jpg 80w, https:\/\/newsinfoco.com.br\/inicio\/wp-content\/uploads\/2018\/08\/42901684355_920202913f_b-265x198.jpg 265w, https:\/\/newsinfoco.com.br\/inicio\/wp-content\/uploads\/2018\/08\/42901684355_920202913f_b-696x522.jpg 696w, https:\/\/newsinfoco.com.br\/inicio\/wp-content\/uploads\/2018\/08\/42901684355_920202913f_b-560x420.jpg 560w\" sizes=\"auto, (max-width: 1024px) 100vw, 1024px\" \/><\/a> <a href=\"http:\/\/newsinfoco.com.br\/wp-content\/uploads\/2018\/08\/42901683395_0fd5451c6b_b.jpg\"><img loading=\"lazy\" decoding=\"async\" class=\"aligncenter size-full wp-image-7651\" src=\"http:\/\/newsinfoco.com.br\/wp-content\/uploads\/2018\/08\/42901683395_0fd5451c6b_b.jpg\" alt=\"\" width=\"1024\" height=\"768\" srcset=\"https:\/\/newsinfoco.com.br\/inicio\/wp-content\/uploads\/2018\/08\/42901683395_0fd5451c6b_b.jpg 1024w, https:\/\/newsinfoco.com.br\/inicio\/wp-content\/uploads\/2018\/08\/42901683395_0fd5451c6b_b-300x225.jpg 300w, https:\/\/newsinfoco.com.br\/inicio\/wp-content\/uploads\/2018\/08\/42901683395_0fd5451c6b_b-768x576.jpg 768w, https:\/\/newsinfoco.com.br\/inicio\/wp-content\/uploads\/2018\/08\/42901683395_0fd5451c6b_b-600x450.jpg 600w, https:\/\/newsinfoco.com.br\/inicio\/wp-content\/uploads\/2018\/08\/42901683395_0fd5451c6b_b-80x60.jpg 80w, https:\/\/newsinfoco.com.br\/inicio\/wp-content\/uploads\/2018\/08\/42901683395_0fd5451c6b_b-265x198.jpg 265w, https:\/\/newsinfoco.com.br\/inicio\/wp-content\/uploads\/2018\/08\/42901683395_0fd5451c6b_b-696x522.jpg 696w, https:\/\/newsinfoco.com.br\/inicio\/wp-content\/uploads\/2018\/08\/42901683395_0fd5451c6b_b-560x420.jpg 560w\" sizes=\"auto, (max-width: 1024px) 100vw, 1024px\" \/><\/a> <a href=\"http:\/\/newsinfoco.com.br\/wp-content\/uploads\/2018\/08\/42901682865_b48c6ccce1_b.jpg\"><img loading=\"lazy\" decoding=\"async\" class=\"aligncenter size-full wp-image-7650\" src=\"http:\/\/newsinfoco.com.br\/wp-content\/uploads\/2018\/08\/42901682865_b48c6ccce1_b.jpg\" alt=\"\" width=\"1024\" height=\"768\" srcset=\"https:\/\/newsinfoco.com.br\/inicio\/wp-content\/uploads\/2018\/08\/42901682865_b48c6ccce1_b.jpg 1024w, https:\/\/newsinfoco.com.br\/inicio\/wp-content\/uploads\/2018\/08\/42901682865_b48c6ccce1_b-300x225.jpg 300w, https:\/\/newsinfoco.com.br\/inicio\/wp-content\/uploads\/2018\/08\/42901682865_b48c6ccce1_b-768x576.jpg 768w, https:\/\/newsinfoco.com.br\/inicio\/wp-content\/uploads\/2018\/08\/42901682865_b48c6ccce1_b-600x450.jpg 600w, https:\/\/newsinfoco.com.br\/inicio\/wp-content\/uploads\/2018\/08\/42901682865_b48c6ccce1_b-80x60.jpg 80w, https:\/\/newsinfoco.com.br\/inicio\/wp-content\/uploads\/2018\/08\/42901682865_b48c6ccce1_b-265x198.jpg 265w, https:\/\/newsinfoco.com.br\/inicio\/wp-content\/uploads\/2018\/08\/42901682865_b48c6ccce1_b-696x522.jpg 696w, https:\/\/newsinfoco.com.br\/inicio\/wp-content\/uploads\/2018\/08\/42901682865_b48c6ccce1_b-560x420.jpg 560w\" sizes=\"auto, (max-width: 1024px) 100vw, 1024px\" \/><\/a> <a href=\"http:\/\/newsinfoco.com.br\/wp-content\/uploads\/2018\/08\/41996189990_9b6219a673_b.jpg\"><img loading=\"lazy\" decoding=\"async\" class=\"aligncenter size-full wp-image-7649\" src=\"http:\/\/newsinfoco.com.br\/wp-content\/uploads\/2018\/08\/41996189990_9b6219a673_b.jpg\" alt=\"\" width=\"1024\" height=\"768\" srcset=\"https:\/\/newsinfoco.com.br\/inicio\/wp-content\/uploads\/2018\/08\/41996189990_9b6219a673_b.jpg 1024w, https:\/\/newsinfoco.com.br\/inicio\/wp-content\/uploads\/2018\/08\/41996189990_9b6219a673_b-300x225.jpg 300w, https:\/\/newsinfoco.com.br\/inicio\/wp-content\/uploads\/2018\/08\/41996189990_9b6219a673_b-768x576.jpg 768w, https:\/\/newsinfoco.com.br\/inicio\/wp-content\/uploads\/2018\/08\/41996189990_9b6219a673_b-600x450.jpg 600w, https:\/\/newsinfoco.com.br\/inicio\/wp-content\/uploads\/2018\/08\/41996189990_9b6219a673_b-80x60.jpg 80w, https:\/\/newsinfoco.com.br\/inicio\/wp-content\/uploads\/2018\/08\/41996189990_9b6219a673_b-265x198.jpg 265w, https:\/\/newsinfoco.com.br\/inicio\/wp-content\/uploads\/2018\/08\/41996189990_9b6219a673_b-696x522.jpg 696w, https:\/\/newsinfoco.com.br\/inicio\/wp-content\/uploads\/2018\/08\/41996189990_9b6219a673_b-560x420.jpg 560w\" sizes=\"auto, (max-width: 1024px) 100vw, 1024px\" \/><\/a><\/p>\n<h6 style=\"text-align: right;\"><span style=\"color: #999999;\">Fonte: SECOM SEDEA<\/span><\/h6>\n<p style=\"text-align: right;\">\n<div class='share-to-whatsapp-wrapper'><div class='share-on-whsp'>Share on: <\/div><a data-text='Qualifica\u00e7\u00e3o profissional: Prefeitura promove oficina gratuita de automaquiagem no Mangal\u00f4' data-link='https:\/\/newsinfoco.com.br\/inicio\/qualificacao-profissional-prefeitura-promove-oficina-gratuita-de-automaquiagem-no-mangalo\/' class='whatsapp-button whatsapp-share'>WhatsApp<\/a><div class='clear '><\/div><\/div>","protected":false},"excerpt":{"rendered":"<p>Pensando na qualifica\u00e7\u00e3o profissional como uma possibilidade para o cen\u00e1rio de emprego, para o mercado de trabalho e para o empreendedorismo, a Prefeitura de Alagoinhas, atrav\u00e9s da Secretaria Municipal de Desenvolvimento e Meio Ambiente (SEDEA), levou, nesta quarta-feira (2), uma oficina de automaquiagem \u00e0 Associa\u00e7\u00e3o Comunit\u00e1ria do Alto Sagrado Cora\u00e7\u00e3o de Jesus, no Mangal\u00f4. O [&hellip;]<\/p>\n","protected":false},"author":1,"featured_media":7653,"comment_status":"open","ping_status":"open","sticky":false,"template":"","format":"standard","meta":{"om_disable_all_campaigns":false,"_exactmetrics_skip_tracking":false,"_exactmetrics_sitenote_active":false,"_exactmetrics_sitenote_note":"","_exactmetrics_sitenote_category":0,"footnotes":""},"categories":[38,30],"tags":[53,54,130],"class_list":["post-7645","post","type-post","status-publish","format-standard","has-post-thumbnail","hentry","category-alagoinhas-e-regiao","category-destaque","tag-alagoinhas","tag-prefeitura","tag-secom-sedea"],"aioseo_notices":[],"_links":{"self":[{"href":"https:\/\/newsinfoco.com.br\/inicio\/wp-json\/wp\/v2\/posts\/7645","targetHints":{"allow":["GET"]}}],"collection":[{"href":"https:\/\/newsinfoco.com.br\/inicio\/wp-json\/wp\/v2\/posts"}],"about":[{"href":"https:\/\/newsinfoco.com.br\/inicio\/wp-json\/wp\/v2\/types\/post"}],"author":[{"embeddable":true,"href":"https:\/\/newsinfoco.com.br\/inicio\/wp-json\/wp\/v2\/users\/1"}],"replies":[{"embeddable":true,"href":"https:\/\/newsinfoco.com.br\/inicio\/wp-json\/wp\/v2\/comments?post=7645"}],"version-history":[{"count":0,"href":"https:\/\/newsinfoco.com.br\/inicio\/wp-json\/wp\/v2\/posts\/7645\/revisions"}],"wp:featuredmedia":[{"embeddable":true,"href":"https:\/\/newsinfoco.com.br\/inicio\/wp-json\/wp\/v2\/media\/7653"}],"wp:attachment":[{"href":"https:\/\/newsinfoco.com.br\/inicio\/wp-json\/wp\/v2\/media?parent=7645"}],"wp:term":[{"taxonomy":"category","embeddable":true,"href":"https:\/\/newsinfoco.com.br\/inicio\/wp-json\/wp\/v2\/categories?post=7645"},{"taxonomy":"post_tag","embeddable":true,"href":"https:\/\/newsinfoco.com.br\/inicio\/wp-json\/wp\/v2\/tags?post=7645"}],"curies":[{"name":"wp","href":"https:\/\/api.w.org\/{rel}","templated":true}]}}