{"id":7648,"date":"2018-08-02T13:11:48","date_gmt":"2018-08-02T16:11:48","guid":{"rendered":"http:\/\/newsinfoco.com.br\/?p=7648"},"modified":"2018-08-02T13:11:48","modified_gmt":"2018-08-02T16:11:48","slug":"percentual-de-familias-endividadas-sobe-pela-1-vez-no-ano-em-julho","status":"publish","type":"post","link":"https:\/\/newsinfoco.com.br\/inicio\/percentual-de-familias-endividadas-sobe-pela-1-vez-no-ano-em-julho\/","title":{"rendered":"Percentual de familias endividadas sobe pela 1\u00b0 vez no ano em julho"},"content":{"rendered":"<p style=\"text-align: justify;\"><span style=\"color: #000000;\">O percentual de fam\u00edlias brasileiras endividadas cresceu pela primeira vez no ano em julho. Segundo pesquisa da Confedera\u00e7\u00e3o Nacional do Com\u00e9rcio de Bens, Servi\u00e7os e Turismo (CNC), 59,6% das fam\u00edlias tinham d\u00edvidas no m\u00eas passado \u2013 em junho, essa fatia era de 58,6%.<\/span><\/p>\n<p style=\"text-align: justify;\"><span style=\"color: #000000;\">Na compara\u00e7\u00e3o com julho do ano passado, no entanto, houve queda no endividamento: naquele m\u00eas, eram mais de 60% as fam\u00edlias com d\u00edvidas.<\/span><\/p><div class=\"newsi-conteudo_19\" id=\"newsi-1060988783\"><a href=\"https:\/\/www.instagram.com\/prefeituraalagoinhas?igsh=YzgzdDJ1bWR3aWI4\" aria-label=\"SAVE_20251006_221555\"><img loading=\"lazy\" decoding=\"async\" src=\"https:\/\/newsinfoco.com.br\/inicio\/wp-content\/uploads\/2025\/10\/SAVE_20251006_221555-rotated.jpg\" alt=\"\"  srcset=\"https:\/\/newsinfoco.com.br\/inicio\/wp-content\/uploads\/2025\/10\/SAVE_20251006_221555-rotated.jpg 1140w, https:\/\/newsinfoco.com.br\/inicio\/wp-content\/uploads\/2025\/10\/SAVE_20251006_221555-300x52.jpg 300w, https:\/\/newsinfoco.com.br\/inicio\/wp-content\/uploads\/2025\/10\/SAVE_20251006_221555-1024x177.jpg 1024w, https:\/\/newsinfoco.com.br\/inicio\/wp-content\/uploads\/2025\/10\/SAVE_20251006_221555-768x133.jpg 768w, https:\/\/newsinfoco.com.br\/inicio\/wp-content\/uploads\/2025\/10\/SAVE_20251006_221555-600x104.jpg 600w, https:\/\/newsinfoco.com.br\/inicio\/wp-content\/uploads\/2025\/10\/SAVE_20251006_221555-696x120.jpg 696w, https:\/\/newsinfoco.com.br\/inicio\/wp-content\/uploads\/2025\/10\/SAVE_20251006_221555-1068x185.jpg 1068w\" sizes=\"(max-width: 1140px) 100vw, 1140px\" width=\"1140\" height=\"197\"   \/><\/a><\/div>\n<p style=\"text-align: justify;\"><span style=\"color: #000000;\">O cart\u00e3o de cr\u00e9dito \u00e9 o maior vil\u00e3o das contas: entre as fam\u00edlias endividadas, 77% disseram ter contas a pagar nessa modalidade \u2013 que, em geral, tem os maiores juros do mercado. Em seguida, v\u00eam os carn\u00eas (13,9%) e, em terceiro lugar, o financiamento de carro (10,6%). O financiamento da casa foi mencionado por 8,6%.<\/span><\/p>\n<p style=\"text-align: justify;\"><span style=\"color: #000000;\">Segundo os dados da CNC, 13,2% das fam\u00edlias se dizem muito endividadas, enquanto 22,6% disseram estar \u2018mais ou menos\u2019 e 23,8% declararam ter poucas d\u00edvidas. As fam\u00edlias, no entanto, n\u00e3o est\u00e3o demonstrando maior dificuldade em pagar suas d\u00edvidas. A propor\u00e7\u00e3o das que est\u00e3o com d\u00edvidas ou contas em atraso ficou est\u00e1vel na passagem de junho para julho, em 23,7%. A taxa tamb\u00e9m \u00e9 menor que a registrada em julho de 2017, quando estava em 25,5% do total.<\/span><\/p>\n<p>&nbsp;<\/p>\n<h6 style=\"text-align: right;\">Fonte:Bahiaeconomica<\/h6>\n<div class='share-to-whatsapp-wrapper'><div class='share-on-whsp'>Share on: <\/div><a data-text='Percentual de familias endividadas sobe pela 1\u00b0 vez no ano em julho' data-link='https:\/\/newsinfoco.com.br\/inicio\/percentual-de-familias-endividadas-sobe-pela-1-vez-no-ano-em-julho\/' class='whatsapp-button whatsapp-share'>WhatsApp<\/a><div class='clear '><\/div><\/div>","protected":false},"excerpt":{"rendered":"<p>O percentual de fam\u00edlias brasileiras endividadas cresceu pela primeira vez no ano em julho. Segundo pesquisa da Confedera\u00e7\u00e3o Nacional do Com\u00e9rcio de Bens, Servi\u00e7os e Turismo (CNC), 59,6% das fam\u00edlias tinham d\u00edvidas no m\u00eas passado \u2013 em junho, essa fatia era de 58,6%. Na compara\u00e7\u00e3o com julho do ano passado, no entanto, houve queda no [&hellip;]<\/p>\n","protected":false},"author":1,"featured_media":7654,"comment_status":"open","ping_status":"open","sticky":false,"template":"","format":"standard","meta":{"om_disable_all_campaigns":false,"_exactmetrics_skip_tracking":false,"_exactmetrics_sitenote_active":false,"_exactmetrics_sitenote_note":"","_exactmetrics_sitenote_category":0,"footnotes":""},"categories":[21],"tags":[],"class_list":["post-7648","post","type-post","status-publish","format-standard","has-post-thumbnail","hentry","category-brasil"],"aioseo_notices":[],"_links":{"self":[{"href":"https:\/\/newsinfoco.com.br\/inicio\/wp-json\/wp\/v2\/posts\/7648","targetHints":{"allow":["GET"]}}],"collection":[{"href":"https:\/\/newsinfoco.com.br\/inicio\/wp-json\/wp\/v2\/posts"}],"about":[{"href":"https:\/\/newsinfoco.com.br\/inicio\/wp-json\/wp\/v2\/types\/post"}],"author":[{"embeddable":true,"href":"https:\/\/newsinfoco.com.br\/inicio\/wp-json\/wp\/v2\/users\/1"}],"replies":[{"embeddable":true,"href":"https:\/\/newsinfoco.com.br\/inicio\/wp-json\/wp\/v2\/comments?post=7648"}],"version-history":[{"count":0,"href":"https:\/\/newsinfoco.com.br\/inicio\/wp-json\/wp\/v2\/posts\/7648\/revisions"}],"wp:featuredmedia":[{"embeddable":true,"href":"https:\/\/newsinfoco.com.br\/inicio\/wp-json\/wp\/v2\/media\/7654"}],"wp:attachment":[{"href":"https:\/\/newsinfoco.com.br\/inicio\/wp-json\/wp\/v2\/media?parent=7648"}],"wp:term":[{"taxonomy":"category","embeddable":true,"href":"https:\/\/newsinfoco.com.br\/inicio\/wp-json\/wp\/v2\/categories?post=7648"},{"taxonomy":"post_tag","embeddable":true,"href":"https:\/\/newsinfoco.com.br\/inicio\/wp-json\/wp\/v2\/tags?post=7648"}],"curies":[{"name":"wp","href":"https:\/\/api.w.org\/{rel}","templated":true}]}}