{"id":7657,"date":"2018-08-02T13:16:07","date_gmt":"2018-08-02T16:16:07","guid":{"rendered":"http:\/\/newsinfoco.com.br\/?p=7657"},"modified":"2018-08-02T13:16:07","modified_gmt":"2018-08-02T16:16:07","slug":"mdb-confirma-candidatura-de-joao-santana","status":"publish","type":"post","link":"https:\/\/newsinfoco.com.br\/inicio\/mdb-confirma-candidatura-de-joao-santana\/","title":{"rendered":"MDB confirma candidatura de Jo\u00e3o Santana"},"content":{"rendered":"<p style=\"text-align: justify;\">\n<p style=\"text-align: justify;\"><span style=\"color: #000000;\">Mesmo sem definir a chapa completa, o MDB confirmou, ontem, a candidatura do ex-ministro Jo\u00e3o Santana ao governo da Bahia, na sede do partido, no Costa Azul, em Salvador. Na conven\u00e7\u00e3o da legenda, a professora Jeane Cruz e o ex-deputado federal Jorge Viana, ambos quadros da sigla, tamb\u00e9m foram ratificados como postulantes a vice-governadora e ao Senado, respectivamente. A composi\u00e7\u00e3o ainda precisa definir o segundo nome que vai disputar uma vaga \u00e0 C\u00e2mara Alta do Congresso Nacional e os suplentes. De acordo com o ex-ministro, o partido conversa com duas legendas que podem indicar nomes para ocupar os espa\u00e7os. Em sua fala, Jo\u00e3o Santana disse que um dos motes do seu governo ser\u00e1 combater o desemprego com o desenvolvimento e a estrutura\u00e7\u00e3o da economia no estado, principalmente, por meio da agricultura e do turismo.\u00a0<\/span><\/p>\n<p style=\"text-align: justify;\"><span style=\"color: #000000;\">&#8220;S\u00e3o duas \u00e1reas fundamentais que o governo abandonou completamente. Acabou com os \u00f3rg\u00e3os principais, como a Bahiatursa [Superintend\u00eancia de Fomento ao Turismo do Estado da Bahia] e a EBDA [Empresa Baiana de Desenvolvimento Agr\u00edcola], e ainda destinou uma parte insignificante do or\u00e7amento&#8221;, acusou. No evento, o pr\u00e9-candidato Jorge Viana defendeu Jo\u00e3o Santana e a sua agremia\u00e7\u00e3o, que entrou em crise na Bahia ap\u00f3s a Pol\u00edcia Federal encontrar R$ 51 milh\u00f5es em um apartamento ligado ao ex-ministro Geddel Vieira Lima (MDB). \u201c\u00c9 integro e incorrupt\u00edvel, como eu. Me convidou para junto com ele resgatar a Bahia e o Brasil. N\u00f3s temos que\u00a0 escolher [um candidato] que esteja comprometido [&#8230;] Cada um paga pelo que faz. O MDB existia antes de Geddel e vai ser maior do que Geddel\u201d, pontuou.<\/span><\/p>\n<p style=\"text-align: justify;\"><span style=\"color: #000000;\">Ele tamb\u00e9m saiu em defesa do presidente Michel Temer (MDB) e afirmou que sua sigla errou ao se alinhar com o Partido dos Trabalhadores. \u201cSe aliou o PT e foi tra\u00eddo pelo PT o tempo inteiro. O coitado do Temer que tem tentando consertar o neg\u00f3cio e ainda est\u00e1 sendo avacalhado. \u00c9 claro que ocorreram erros [na sigla] que todo o Brasil sabe e vamos tentar corrigir\u201d, disse. \u201cO meu candidato a presidente da Rep\u00fablica \u00e9 Henrique Meireles [do MDB], que eu acho um homem \u00edntegro e capaz de endireitar o Brasil, devolvendo a dignidade ao povo brasileiro\u201d, acrescentou. Pr\u00e9-candidata a vice, a professora Jeane apenas enalteceu o aspirante ao Pal\u00e1cio de Ondina.\u00a0 \u201cEu sou militante do partido e o meu partido me escolheu pela minha hist\u00f3ria de luta, principalmente, no movimento das mulheres e em defesa da educa\u00e7\u00e3o. Me sinto muito feliz e honrada em ter sido escolhida para ser candidata a vice de um candidato \u00edntegro, trabalhador, s\u00e9rio, que quando chegar ao governo vai fazer diferen\u00e7a na Bahia\u201d, afirmou.<\/span><\/p><div class=\"newsi-conteudo_19\" id=\"newsi-2834601161\"><a href=\"https:\/\/www.instagram.com\/prefeituraalagoinhas?igsh=YzgzdDJ1bWR3aWI4\" aria-label=\"SAVE_20251006_221555\"><img loading=\"lazy\" decoding=\"async\" src=\"https:\/\/newsinfoco.com.br\/inicio\/wp-content\/uploads\/2025\/10\/SAVE_20251006_221555-rotated.jpg\" alt=\"\"  srcset=\"https:\/\/newsinfoco.com.br\/inicio\/wp-content\/uploads\/2025\/10\/SAVE_20251006_221555-rotated.jpg 1140w, https:\/\/newsinfoco.com.br\/inicio\/wp-content\/uploads\/2025\/10\/SAVE_20251006_221555-300x52.jpg 300w, https:\/\/newsinfoco.com.br\/inicio\/wp-content\/uploads\/2025\/10\/SAVE_20251006_221555-1024x177.jpg 1024w, https:\/\/newsinfoco.com.br\/inicio\/wp-content\/uploads\/2025\/10\/SAVE_20251006_221555-768x133.jpg 768w, https:\/\/newsinfoco.com.br\/inicio\/wp-content\/uploads\/2025\/10\/SAVE_20251006_221555-600x104.jpg 600w, https:\/\/newsinfoco.com.br\/inicio\/wp-content\/uploads\/2025\/10\/SAVE_20251006_221555-696x120.jpg 696w, https:\/\/newsinfoco.com.br\/inicio\/wp-content\/uploads\/2025\/10\/SAVE_20251006_221555-1068x185.jpg 1068w\" sizes=\"(max-width: 1140px) 100vw, 1140px\" width=\"1140\" height=\"197\"   \/><\/a><\/div>\n<p>&nbsp;<\/p>\n<h6 style=\"text-align: right;\">Por Rodrigo Daniel Silva<\/h6>\n<h6 style=\"text-align: right;\">Fonte:Trbn<\/h6>\n<div class='share-to-whatsapp-wrapper'><div class='share-on-whsp'>Share on: <\/div><a data-text='MDB confirma candidatura de Jo\u00e3o Santana' data-link='https:\/\/newsinfoco.com.br\/inicio\/mdb-confirma-candidatura-de-joao-santana\/' class='whatsapp-button whatsapp-share'>WhatsApp<\/a><div class='clear '><\/div><\/div>","protected":false},"excerpt":{"rendered":"<p>Mesmo sem definir a chapa completa, o MDB confirmou, ontem, a candidatura do ex-ministro Jo\u00e3o Santana ao governo da Bahia, na sede do partido, no Costa Azul, em Salvador. Na conven\u00e7\u00e3o da legenda, a professora Jeane Cruz e o ex-deputado federal Jorge Viana, ambos quadros da sigla, tamb\u00e9m foram ratificados como postulantes a vice-governadora e [&hellip;]<\/p>\n","protected":false},"author":1,"featured_media":7658,"comment_status":"open","ping_status":"open","sticky":false,"template":"","format":"standard","meta":{"om_disable_all_campaigns":false,"_exactmetrics_skip_tracking":false,"_exactmetrics_sitenote_active":false,"_exactmetrics_sitenote_note":"","_exactmetrics_sitenote_category":0,"footnotes":""},"categories":[19],"tags":[],"class_list":["post-7657","post","type-post","status-publish","format-standard","has-post-thumbnail","hentry","category-bahia"],"aioseo_notices":[],"_links":{"self":[{"href":"https:\/\/newsinfoco.com.br\/inicio\/wp-json\/wp\/v2\/posts\/7657","targetHints":{"allow":["GET"]}}],"collection":[{"href":"https:\/\/newsinfoco.com.br\/inicio\/wp-json\/wp\/v2\/posts"}],"about":[{"href":"https:\/\/newsinfoco.com.br\/inicio\/wp-json\/wp\/v2\/types\/post"}],"author":[{"embeddable":true,"href":"https:\/\/newsinfoco.com.br\/inicio\/wp-json\/wp\/v2\/users\/1"}],"replies":[{"embeddable":true,"href":"https:\/\/newsinfoco.com.br\/inicio\/wp-json\/wp\/v2\/comments?post=7657"}],"version-history":[{"count":0,"href":"https:\/\/newsinfoco.com.br\/inicio\/wp-json\/wp\/v2\/posts\/7657\/revisions"}],"wp:featuredmedia":[{"embeddable":true,"href":"https:\/\/newsinfoco.com.br\/inicio\/wp-json\/wp\/v2\/media\/7658"}],"wp:attachment":[{"href":"https:\/\/newsinfoco.com.br\/inicio\/wp-json\/wp\/v2\/media?parent=7657"}],"wp:term":[{"taxonomy":"category","embeddable":true,"href":"https:\/\/newsinfoco.com.br\/inicio\/wp-json\/wp\/v2\/categories?post=7657"},{"taxonomy":"post_tag","embeddable":true,"href":"https:\/\/newsinfoco.com.br\/inicio\/wp-json\/wp\/v2\/tags?post=7657"}],"curies":[{"name":"wp","href":"https:\/\/api.w.org\/{rel}","templated":true}]}}