{"id":772,"date":"2018-03-05T19:18:16","date_gmt":"2018-03-05T22:18:16","guid":{"rendered":"http:\/\/newsinfoco.com.br\/?p=772"},"modified":"2018-03-05T19:18:16","modified_gmt":"2018-03-05T22:18:16","slug":"prefeitura-de-alagoinhas-divulga-cronograma-de-atividades-do-marco-mulher-para-o-cram","status":"publish","type":"post","link":"https:\/\/newsinfoco.com.br\/inicio\/prefeitura-de-alagoinhas-divulga-cronograma-de-atividades-do-marco-mulher-para-o-cram\/","title":{"rendered":"Prefeitura de Alagoinhas divulga cronograma de atividades do Mar\u00e7o Mulher para o CRAM"},"content":{"rendered":"<p style=\"text-align: justify;\"><span style=\"color: #000000;\">Adicionando mais uma s\u00e9rie de a\u00e7\u00f5es ao Mar\u00e7o Mulher Alagoinhas \u2013 Mulher, Poder e Fala, a Prefeitura de Alagoinhas divulga a programa\u00e7\u00e3o com atividades realizadas pela Secretaria Municipal de Assist\u00eancia Social (SEMAS), no Centro de Refer\u00eancia em Atendimento \u00e0 Mulher (CRAM), as oficinas e servi\u00e7os ser\u00e3o oferecidos em parcerias com iniciativa privada. As mulheres assistidas pelo CRAM viver\u00e3o momentos de empoderamento com palestra, incentivo \u00e0 autonomia financeira com oficinas de beleza e tamb\u00e9m muita descontra\u00e7\u00e3o.<\/span><\/p>\n<p style=\"text-align: justify;\"><span style=\"color: #000000;\"><strong>CONFIRA A PROGRAMA\u00c7\u00c3O:<\/strong><\/span><\/p><div class=\"newsi-conteudo_19\" id=\"newsi-2342999364\"><a href=\"https:\/\/www.instagram.com\/prefeituraalagoinhas?igsh=YzgzdDJ1bWR3aWI4\" aria-label=\"SAVE_20251006_221555\"><img loading=\"lazy\" decoding=\"async\" src=\"https:\/\/newsinfoco.com.br\/inicio\/wp-content\/uploads\/2025\/10\/SAVE_20251006_221555-rotated.jpg\" alt=\"\"  srcset=\"https:\/\/newsinfoco.com.br\/inicio\/wp-content\/uploads\/2025\/10\/SAVE_20251006_221555-rotated.jpg 1140w, https:\/\/newsinfoco.com.br\/inicio\/wp-content\/uploads\/2025\/10\/SAVE_20251006_221555-300x52.jpg 300w, https:\/\/newsinfoco.com.br\/inicio\/wp-content\/uploads\/2025\/10\/SAVE_20251006_221555-1024x177.jpg 1024w, https:\/\/newsinfoco.com.br\/inicio\/wp-content\/uploads\/2025\/10\/SAVE_20251006_221555-768x133.jpg 768w, https:\/\/newsinfoco.com.br\/inicio\/wp-content\/uploads\/2025\/10\/SAVE_20251006_221555-600x104.jpg 600w, https:\/\/newsinfoco.com.br\/inicio\/wp-content\/uploads\/2025\/10\/SAVE_20251006_221555-696x120.jpg 696w, https:\/\/newsinfoco.com.br\/inicio\/wp-content\/uploads\/2025\/10\/SAVE_20251006_221555-1068x185.jpg 1068w\" sizes=\"(max-width: 1140px) 100vw, 1140px\" width=\"1140\" height=\"197\"   \/><\/a><\/div>\n<p style=\"text-align: justify;\"><span style=\"color: #000000;\"><strong>Ter\u00e7a-feira (06\/03):<\/strong>\u00a0Momento de beleza em parceria com a escola Hair School (gerente Renato Rabello) com corte de cabelo, hidrata\u00e7\u00e3o e escova \u00e0s 18h.<\/span><\/p>\n<p style=\"text-align: justify;\"><span style=\"color: #000000;\"><strong>Quarta-feira (07\/03):\u00a0<\/strong>Oficina de constru\u00e7\u00e3o de cartaz com a contribui\u00e7\u00e3o da Patrulha Maria da Penha \u00e0s 14h.<\/span><\/p>\n<p style=\"text-align: justify;\"><span style=\"color: #000000;\"><strong>Quinta-feira (08\/03):\u00a0<\/strong>Participa\u00e7\u00e3o das assistidas na I Marcha de Mulheres do Litoral Norte e Agreste Baiano. Revindicando com o grito: \u201cn\u00e3o quero flores, quero respeito\u201d! \u00e0s 8h.<\/span><\/p>\n<p style=\"text-align: justify;\"><span style=\"color: #000000;\"><strong>Ter\u00e7a-feira (13\/03):\u00a0<\/strong>Palestra com o SENAC sobre o \u201cEmpoderamento da Mulher na Sociedade\u201d das 9h \u00e0s 12h.<\/span><\/p>\n<p style=\"text-align: justify;\"><span style=\"color: #000000;\"><strong>Quarta-feira (14\/03):\u00a0<\/strong>Design de sobrancelha com Ana Cl\u00e1udia e corte, escova\u00e7\u00e3o, hidrata\u00e7\u00e3o e esmalteria\u00a0 com Rita do Sal\u00e3o A\u00e7\u00e3o \u00e0s 14h.<\/span><\/p>\n<p style=\"text-align: justify;\"><span style=\"color: #000000;\">Momento de beleza da Mary Kay com limpeza facial, maquiagem e dicas de maquiagem com a diretora de vendas Suzana Dorea, com o objetivo de resgatar o amor pr\u00f3prio, que na maioria dos casos se perde em decorr\u00eancia da viol\u00eancia, \u00e0s 14h30.<\/span><\/p>\n<p style=\"text-align: justify;\"><span style=\"color: #000000;\"><strong>Quarta-feira (21\/03):\u00a0<\/strong>Viv\u00eancia com a Equipe do Cram: Especial Dia da Mulher \u00e0s 8h30.<\/span><\/p>\n<h6 style=\"text-align: right;\" align=\"right\"><span style=\"color: #999999;\">\u00a0fonte:SECOM,SEMAS,CRAM,Prefeitura\u00a0<\/span><\/h6>\n<div class='share-to-whatsapp-wrapper'><div class='share-on-whsp'>Share on: <\/div><a data-text='Prefeitura de Alagoinhas divulga cronograma de atividades do Mar\u00e7o Mulher para o CRAM' data-link='https:\/\/newsinfoco.com.br\/inicio\/prefeitura-de-alagoinhas-divulga-cronograma-de-atividades-do-marco-mulher-para-o-cram\/' class='whatsapp-button whatsapp-share'>WhatsApp<\/a><div class='clear '><\/div><\/div>","protected":false},"excerpt":{"rendered":"<p>Adicionando mais uma s\u00e9rie de a\u00e7\u00f5es ao Mar\u00e7o Mulher Alagoinhas \u2013 Mulher, Poder e Fala, a Prefeitura de Alagoinhas divulga a programa\u00e7\u00e3o com atividades realizadas pela Secretaria Municipal de Assist\u00eancia Social (SEMAS), no Centro de Refer\u00eancia em Atendimento \u00e0 Mulher (CRAM), as oficinas e servi\u00e7os ser\u00e3o oferecidos em parcerias com iniciativa privada. As mulheres assistidas [&hellip;]<\/p>\n","protected":false},"author":1,"featured_media":294,"comment_status":"open","ping_status":"open","sticky":false,"template":"","format":"standard","meta":{"om_disable_all_campaigns":false,"_exactmetrics_skip_tracking":false,"_exactmetrics_sitenote_active":false,"_exactmetrics_sitenote_note":"","_exactmetrics_sitenote_category":0,"footnotes":""},"categories":[38,30],"tags":[53,63,54,59],"class_list":["post-772","post","type-post","status-publish","format-standard","has-post-thumbnail","hentry","category-alagoinhas-e-regiao","category-destaque","tag-alagoinhas","tag-cram","tag-prefeitura","tag-semas"],"aioseo_notices":[],"_links":{"self":[{"href":"https:\/\/newsinfoco.com.br\/inicio\/wp-json\/wp\/v2\/posts\/772","targetHints":{"allow":["GET"]}}],"collection":[{"href":"https:\/\/newsinfoco.com.br\/inicio\/wp-json\/wp\/v2\/posts"}],"about":[{"href":"https:\/\/newsinfoco.com.br\/inicio\/wp-json\/wp\/v2\/types\/post"}],"author":[{"embeddable":true,"href":"https:\/\/newsinfoco.com.br\/inicio\/wp-json\/wp\/v2\/users\/1"}],"replies":[{"embeddable":true,"href":"https:\/\/newsinfoco.com.br\/inicio\/wp-json\/wp\/v2\/comments?post=772"}],"version-history":[{"count":0,"href":"https:\/\/newsinfoco.com.br\/inicio\/wp-json\/wp\/v2\/posts\/772\/revisions"}],"wp:featuredmedia":[{"embeddable":true,"href":"https:\/\/newsinfoco.com.br\/inicio\/wp-json\/wp\/v2\/media\/294"}],"wp:attachment":[{"href":"https:\/\/newsinfoco.com.br\/inicio\/wp-json\/wp\/v2\/media?parent=772"}],"wp:term":[{"taxonomy":"category","embeddable":true,"href":"https:\/\/newsinfoco.com.br\/inicio\/wp-json\/wp\/v2\/categories?post=772"},{"taxonomy":"post_tag","embeddable":true,"href":"https:\/\/newsinfoco.com.br\/inicio\/wp-json\/wp\/v2\/tags?post=772"}],"curies":[{"name":"wp","href":"https:\/\/api.w.org\/{rel}","templated":true}]}}