{"id":7738,"date":"2018-08-03T21:36:59","date_gmt":"2018-08-04T00:36:59","guid":{"rendered":"http:\/\/newsinfoco.com.br\/?p=7738"},"modified":"2018-08-03T21:36:59","modified_gmt":"2018-08-04T00:36:59","slug":"tradicional-prova-esportiva-de-mountain-bike-nordestino-e-marathon-night-run-sao-realizadas-em-alagoinhas-neste-final-de-semana","status":"publish","type":"post","link":"https:\/\/newsinfoco.com.br\/inicio\/tradicional-prova-esportiva-de-mountain-bike-nordestino-e-marathon-night-run-sao-realizadas-em-alagoinhas-neste-final-de-semana\/","title":{"rendered":"Tradicional prova esportiva de Mountain Bike Nordestino e Marathon Night Run s\u00e3o realizadas em Alagoinhas neste final de semana"},"content":{"rendered":"<p style=\"text-align: justify;\"><span style=\"color: #000000;\">O final de semana come\u00e7a agitado quando o assunto \u00e9 fomento \u00e0s modalidades esportivas no interior baiano. \u00c9 que a mais tradicional prova do norte e nordeste da categoria esportiva de Mountain Bike chega a Alagoinhas neste domingo (5) com etapa v\u00e1lida pelo ranking brasileiro da modalidade XCM.<\/span><\/p>\n<p style=\"text-align: justify;\"><span style=\"color: #000000;\">A prova, homologada pela Confedera\u00e7\u00e3o Brasileira de Ciclismo e supervisionada pela Federa\u00e7\u00e3o Baiana, conta com dois percursos distintos, respectivamente de 80km, para categorias oficiais de elevado n\u00edvel t\u00e9cnico, e de 53km, para iniciantes e entusiastas.<\/span><\/p><div class=\"newsi-conteudo_19\" id=\"newsi-3606395381\"><a href=\"https:\/\/www.instagram.com\/prefeituraalagoinhas?igsh=YzgzdDJ1bWR3aWI4\" aria-label=\"SAVE_20251006_221555\"><img loading=\"lazy\" decoding=\"async\" src=\"https:\/\/newsinfoco.com.br\/inicio\/wp-content\/uploads\/2025\/10\/SAVE_20251006_221555-rotated.jpg\" alt=\"\"  srcset=\"https:\/\/newsinfoco.com.br\/inicio\/wp-content\/uploads\/2025\/10\/SAVE_20251006_221555-rotated.jpg 1140w, https:\/\/newsinfoco.com.br\/inicio\/wp-content\/uploads\/2025\/10\/SAVE_20251006_221555-300x52.jpg 300w, https:\/\/newsinfoco.com.br\/inicio\/wp-content\/uploads\/2025\/10\/SAVE_20251006_221555-1024x177.jpg 1024w, https:\/\/newsinfoco.com.br\/inicio\/wp-content\/uploads\/2025\/10\/SAVE_20251006_221555-768x133.jpg 768w, https:\/\/newsinfoco.com.br\/inicio\/wp-content\/uploads\/2025\/10\/SAVE_20251006_221555-600x104.jpg 600w, https:\/\/newsinfoco.com.br\/inicio\/wp-content\/uploads\/2025\/10\/SAVE_20251006_221555-696x120.jpg 696w, https:\/\/newsinfoco.com.br\/inicio\/wp-content\/uploads\/2025\/10\/SAVE_20251006_221555-1068x185.jpg 1068w\" sizes=\"(max-width: 1140px) 100vw, 1140px\" width=\"1140\" height=\"197\"   \/><\/a><\/div>\n<p style=\"text-align: justify;\"><span style=\"color: #000000;\">Esta ser\u00e1 a 14\u00aa edi\u00e7\u00e3o do Marathon Bike Alagoinhas, que preparou uma grande estrutura para receber os atletas com estandes de expositores, espa\u00e7o gourmet, boxes de equipes, \u00e1rea de recrea\u00e7\u00e3o infantil, sal\u00e3o de congresso t\u00e9cnico e trilha kids.<\/span><\/p>\n<p style=\"text-align: justify;\"><span style=\"color: #000000;\">Ao todo, cerca de 250 colaboradores devem trabalhar para proporcionar um espa\u00e7o de lazer seguro aos competidores e visitantes. S\u00e3o 650 atletas inscritos para a largada, que deve acontecer pontualmente \u00e0s 8h30 no dia 5 de agosto.<\/span><\/p>\n<p style=\"text-align: justify;\"><span style=\"color: #000000;\">E a noite anterior \u00e0 disputa de bike n\u00e3o ser\u00e1 menos agitada. \u00c9 que, impulsionando o movimento pelo esporte com apoio da prefeitura municipal, Alagoinhas sedia tamb\u00e9m a Marathon Night Run e coloca 350 atletas na rua no dia 4 de agosto. \u00c9 o 5\u00ba ano consecutivo em que a competi\u00e7\u00e3o \u00e9 realizada no munic\u00edpio e os participantes se dividem novamente em dois percursos, de 5km e 10km, para o trajeto da prova.<\/span><\/p>\n<p style=\"text-align: justify;\"><span style=\"color: #000000;\">\u201cMais do que um lugar ao p\u00f3dio, a maioria dos participantes busca superar seus pr\u00f3prios limites\u201d, enfatiza Jean Santana, um dos organizadores do evento.<\/span><\/p>\n<p style=\"text-align: justify;\"><span style=\"color: #000000;\">Para garantir suporte total antes, durante e ap\u00f3s as competi\u00e7\u00f5es, o poder p\u00fablico municipal participa do evento com apoio da Superintend\u00eancia de Transporte e Tr\u00e2nsito (SMTT), da Guarda Municipal e da Pol\u00edcia Militar nas vias da zona urbana.<\/span><\/p>\n<p style=\"text-align: justify;\"><span style=\"color: #000000;\">Haver\u00e1 tamb\u00e9m UTI m\u00f3vel, socorristas de plant\u00e3o, pontos de hidrata\u00e7\u00e3o e equipes de apoio dispostas em pontos estrat\u00e9gicos para garantir aos atletas as orienta\u00e7\u00f5es necess\u00e1rias. A previs\u00e3o \u00e9 de que mais de mil pessoas assistam a prova do Night Run e que o movimento seja intenso tamb\u00e9m no domingo, com o Marathon Bike. Todos os competidores que concluem os percursos recebem medalhas de participa\u00e7\u00e3o e os 5 melhores de cada categoria s\u00e3o contemplados com trof\u00e9us e brindes.<\/span><\/p>\n<p style=\"text-align: justify;\"><span style=\"color: #000000;\">Os kits de cada participante ser\u00e3o distribu\u00eddos nos dias 3 e 4 de agosto. A programa\u00e7\u00e3o ser\u00e1 realizada no estacionamento do Est\u00e1dio Municipal Ant\u00f4nio de Figueiredo Carneiro, o \u201cCarneir\u00e3o\u201d.<\/span><\/p>\n<p style=\"text-align: justify;\"><span style=\"color: #000000;\">Confira a programa\u00e7\u00e3o completa:<\/span><\/p>\n<p style=\"text-align: justify;\"><span style=\"color: #000000;\"><strong>5\u00ba Marathon Night Run Alagoinhas<\/strong><\/span><br \/>\n<span style=\"color: #000000;\">03.08 \u2013 Das 14h \u00e0s 21h: Entrega de kits<\/span><br \/>\n<span style=\"color: #000000;\">04.08 \u2013 Das 9h \u00e0s 18h30: Entrega de kits<\/span><br \/>\n<span style=\"color: #000000;\">04.08 \u2013 \u00c0s 19h30: Concentra\u00e7\u00e3o e Alinhamento<\/span><br \/>\n<span style=\"color: #000000;\">04.08 \u2013 \u00c0s 20h: Largada<\/span><br \/>\n<span style=\"color: #000000;\">Local: Estacionamento do Est\u00e1dio Carneir\u00e3o<\/span><\/p>\n<p style=\"text-align: justify;\"><span style=\"color: #000000;\"><strong>14\u00ba Marathon Bike Alagoinhas<\/strong><\/span><br \/>\n<span style=\"color: #000000;\">03.08 \u2013 Das 14h \u00e0s 21h: Entrega de Kits<\/span><br \/>\n<span style=\"color: #000000;\">04.08 \u2013 Das 9h30 \u00e0s 22h: Entrega de Kits<\/span><br \/>\n<span style=\"color: #000000;\">04.08 \u2013 \u00c0s 19h: Congresso T\u00e9cnico<\/span><br \/>\n<span style=\"color: #000000;\">05.08 \u2013 \u00c0s 8h30: Largada<\/span><br \/>\n<span style=\"color: #000000;\">Local: Estacionamento do Est\u00e1dio Carneir\u00e3o<\/span><\/p>\n<p style=\"text-align: justify;\"><span style=\"color: #000000;\"><strong>Informa\u00e7\u00f5es:<\/strong>\u00a0www.marathonbike.com.br<\/span><\/p>\n<h6 style=\"text-align: right;\"><span style=\"color: #999999;\">Fonte: SECOM Prefeitura<\/span><\/h6>\n<div class='share-to-whatsapp-wrapper'><div class='share-on-whsp'>Share on: <\/div><a data-text='Tradicional prova esportiva de Mountain Bike Nordestino e Marathon Night Run s\u00e3o realizadas em Alagoinhas neste final de semana' data-link='https:\/\/newsinfoco.com.br\/inicio\/tradicional-prova-esportiva-de-mountain-bike-nordestino-e-marathon-night-run-sao-realizadas-em-alagoinhas-neste-final-de-semana\/' class='whatsapp-button whatsapp-share'>WhatsApp<\/a><div class='clear '><\/div><\/div>","protected":false},"excerpt":{"rendered":"<p>O final de semana come\u00e7a agitado quando o assunto \u00e9 fomento \u00e0s modalidades esportivas no interior baiano. \u00c9 que a mais tradicional prova do norte e nordeste da categoria esportiva de Mountain Bike chega a Alagoinhas neste domingo (5) com etapa v\u00e1lida pelo ranking brasileiro da modalidade XCM. A prova, homologada pela Confedera\u00e7\u00e3o Brasileira de [&hellip;]<\/p>\n","protected":false},"author":1,"featured_media":7739,"comment_status":"open","ping_status":"open","sticky":false,"template":"","format":"standard","meta":{"om_disable_all_campaigns":false,"_exactmetrics_skip_tracking":false,"_exactmetrics_sitenote_active":false,"_exactmetrics_sitenote_note":"","_exactmetrics_sitenote_category":0,"footnotes":""},"categories":[38,30],"tags":[53,54,56],"class_list":["post-7738","post","type-post","status-publish","format-standard","has-post-thumbnail","hentry","category-alagoinhas-e-regiao","category-destaque","tag-alagoinhas","tag-prefeitura","tag-secom"],"aioseo_notices":[],"_links":{"self":[{"href":"https:\/\/newsinfoco.com.br\/inicio\/wp-json\/wp\/v2\/posts\/7738","targetHints":{"allow":["GET"]}}],"collection":[{"href":"https:\/\/newsinfoco.com.br\/inicio\/wp-json\/wp\/v2\/posts"}],"about":[{"href":"https:\/\/newsinfoco.com.br\/inicio\/wp-json\/wp\/v2\/types\/post"}],"author":[{"embeddable":true,"href":"https:\/\/newsinfoco.com.br\/inicio\/wp-json\/wp\/v2\/users\/1"}],"replies":[{"embeddable":true,"href":"https:\/\/newsinfoco.com.br\/inicio\/wp-json\/wp\/v2\/comments?post=7738"}],"version-history":[{"count":0,"href":"https:\/\/newsinfoco.com.br\/inicio\/wp-json\/wp\/v2\/posts\/7738\/revisions"}],"wp:featuredmedia":[{"embeddable":true,"href":"https:\/\/newsinfoco.com.br\/inicio\/wp-json\/wp\/v2\/media\/7739"}],"wp:attachment":[{"href":"https:\/\/newsinfoco.com.br\/inicio\/wp-json\/wp\/v2\/media?parent=7738"}],"wp:term":[{"taxonomy":"category","embeddable":true,"href":"https:\/\/newsinfoco.com.br\/inicio\/wp-json\/wp\/v2\/categories?post=7738"},{"taxonomy":"post_tag","embeddable":true,"href":"https:\/\/newsinfoco.com.br\/inicio\/wp-json\/wp\/v2\/tags?post=7738"}],"curies":[{"name":"wp","href":"https:\/\/api.w.org\/{rel}","templated":true}]}}