{"id":774,"date":"2018-03-05T19:29:01","date_gmt":"2018-03-05T22:29:01","guid":{"rendered":"http:\/\/newsinfoco.com.br\/?p=774"},"modified":"2018-03-05T19:29:01","modified_gmt":"2018-03-05T22:29:01","slug":"prefeitura-leva-atividades-do-marco-mulher-para-lares-substitutos-de-alagoinhas","status":"publish","type":"post","link":"https:\/\/newsinfoco.com.br\/inicio\/prefeitura-leva-atividades-do-marco-mulher-para-lares-substitutos-de-alagoinhas\/","title":{"rendered":"Prefeitura leva atividades do Mar\u00e7o Mulher para lares substitutos de Alagoinhas"},"content":{"rendered":"<p style=\"text-align: justify;\"><span style=\"color: #000000;\">Integrando o cronograma de a\u00e7\u00f5es do Mar\u00e7o Mulher Alagoinhas \u2013 Mulher, Poder e Fala, a Prefeitura de Alagoinhas, por meio da Secretaria Municipal de Assist\u00eancia Social (SEMAS), em parceria com a Secretaria Municipal de Sa\u00fade (SESAU) promove uma s\u00e9rie de atividades e atendimentos nos lares substitutos do munic\u00edpio e para mulheres em situa\u00e7\u00e3o de reclus\u00e3o social. A iniciativa parte da inten\u00e7\u00e3o de acolher e integrar estas mulheres aos servi\u00e7os municipais e principalmente inseri-las no discurso que pauta as alternativas para melhoria de pol\u00edticas p\u00fablicas de defesa das mulheres.<\/span><\/p>\n<p style=\"text-align: justify;\"><span style=\"color: #000000;\">A SEMAS em parceria com a Hair School oferecer\u00e1 um momento de beleza com corte de cabelo e maquiagem e para animar o evento o m\u00fasico Ulisses Leal se apresentar\u00e1 ao vivo. Ao mesmo tempo que se divertem as mulheres tamb\u00e9m ter\u00e3o acesso a servi\u00e7os de sa\u00fade como consultas com cl\u00ednico geral e atendimento com t\u00e9cnicas de enfermagem, a medida que houver necessidade de encaminhamentos, estes ser\u00e3o feitos pela SESAU.<\/span><\/p><div class=\"newsi-conteudo_19\" id=\"newsi-748715626\"><a href=\"https:\/\/www.instagram.com\/prefeituraalagoinhas?igsh=YzgzdDJ1bWR3aWI4\" aria-label=\"SAVE_20251006_221555\"><img loading=\"lazy\" decoding=\"async\" src=\"https:\/\/newsinfoco.com.br\/inicio\/wp-content\/uploads\/2025\/10\/SAVE_20251006_221555-rotated.jpg\" alt=\"\"  srcset=\"https:\/\/newsinfoco.com.br\/inicio\/wp-content\/uploads\/2025\/10\/SAVE_20251006_221555-rotated.jpg 1140w, https:\/\/newsinfoco.com.br\/inicio\/wp-content\/uploads\/2025\/10\/SAVE_20251006_221555-300x52.jpg 300w, https:\/\/newsinfoco.com.br\/inicio\/wp-content\/uploads\/2025\/10\/SAVE_20251006_221555-1024x177.jpg 1024w, https:\/\/newsinfoco.com.br\/inicio\/wp-content\/uploads\/2025\/10\/SAVE_20251006_221555-768x133.jpg 768w, https:\/\/newsinfoco.com.br\/inicio\/wp-content\/uploads\/2025\/10\/SAVE_20251006_221555-600x104.jpg 600w, https:\/\/newsinfoco.com.br\/inicio\/wp-content\/uploads\/2025\/10\/SAVE_20251006_221555-696x120.jpg 696w, https:\/\/newsinfoco.com.br\/inicio\/wp-content\/uploads\/2025\/10\/SAVE_20251006_221555-1068x185.jpg 1068w\" sizes=\"(max-width: 1140px) 100vw, 1140px\" width=\"1140\" height=\"197\"   \/><\/a><\/div>\n<p style=\"text-align: justify;\">\n<p style=\"text-align: justify;\"><span style=\"color: #000000;\"><strong>CONFIRA PROGRAMA\u00c7\u00c3O COMPLETA:<\/strong><\/span><\/p>\n<table style=\"height: 627px;\" width=\"706\">\n<tbody>\n<tr>\n<td width=\"71\"><span style=\"color: #000000;\"><strong>DATA<\/strong><\/span><\/td>\n<td width=\"110\"><span style=\"color: #000000;\"><strong>HOR\u00c1RIO<\/strong><\/span><\/td>\n<td width=\"235\"><span style=\"color: #000000;\"><strong>EVENTO<\/strong><\/span><\/td>\n<td width=\"282\"><span style=\"color: #000000;\"><strong>LOCAL<\/strong><\/span><\/td>\n<\/tr>\n<tr>\n<td width=\"71\"><span style=\"color: #000000;\"><strong>12\/03\/18<\/strong><\/span><\/td>\n<td width=\"110\"><span style=\"color: #000000;\">14:00h<\/span><\/td>\n<td width=\"235\"><span style=\"color: #000000;\">Momento mulher com a oferta de servi\u00e7os de beleza e sa\u00fade.<\/span><\/td>\n<td width=\"282\"><span style=\"color: #000000;\">Lar Bezerra de Menezes<\/span><\/td>\n<\/tr>\n<tr>\n<td width=\"71\"><span style=\"color: #000000;\"><strong>14\/03\/18<\/strong><\/span><\/td>\n<td width=\"110\"><span style=\"color: #000000;\">14:00h<\/span><\/td>\n<td width=\"235\"><span style=\"color: #000000;\">Momento mulher com a oferta de servi\u00e7os de beleza e sa\u00fade.<\/span><\/td>\n<td width=\"282\"><span style=\"color: #000000;\">Lar de Idosos Kayr\u00f3s<\/span><\/td>\n<\/tr>\n<tr>\n<td width=\"71\"><span style=\"color: #000000;\"><strong>19\/03\/18<\/strong><\/span><\/td>\n<td width=\"110\"><span style=\"color: #000000;\">14:00h<\/span><\/td>\n<td width=\"235\"><span style=\"color: #000000;\">Momento mulher com a oferta de servi\u00e7os de beleza e sa\u00fade.<\/span><\/td>\n<td width=\"282\"><span style=\"color: #000000;\">Lar Franciscano Emma Barbetti<\/span><\/td>\n<\/tr>\n<tr>\n<td width=\"71\"><span style=\"color: #000000;\"><strong>21\/03\/18<\/strong><\/span><\/td>\n<td width=\"110\"><span style=\"color: #000000;\">14:00h<\/span><\/td>\n<td width=\"235\"><span style=\"color: #000000;\">Momento mulher com a oferta de servi\u00e7os de beleza e sa\u00fade.<\/span><\/td>\n<td width=\"282\"><span style=\"color: #000000;\">Lar Recanto da Paz<\/span><\/td>\n<\/tr>\n<tr>\n<td width=\"71\"><span style=\"color: #000000;\"><strong>22\/03\/18<\/strong><\/span><\/td>\n<td width=\"110\"><span style=\"color: #000000;\">14:00h<\/span><\/td>\n<td width=\"235\"><span style=\"color: #000000;\">Momento mulher com a oferta de servi\u00e7os de beleza e sa\u00fade.<\/span><\/td>\n<td width=\"282\"><span style=\"color: #000000;\">Delegacia<\/span><\/td>\n<\/tr>\n<tr>\n<td width=\"71\"><span style=\"color: #000000;\"><strong>26\/03\/18<\/strong><\/span><\/td>\n<td width=\"110\"><span style=\"color: #000000;\">14:00h<\/span><\/td>\n<td width=\"235\"><span style=\"color: #000000;\">Momento mulher com a oferta de servi\u00e7os de beleza e sa\u00fade.<\/span><\/td>\n<td width=\"282\"><span style=\"color: #000000;\">Lar Substituto Lindaura Pl\u00e1cido de Carvalho<\/span><\/td>\n<\/tr>\n<tr>\n<td width=\"71\"><span style=\"color: #000000;\"><strong>28\/03\/18<\/strong><\/span><\/td>\n<td width=\"110\"><span style=\"color: #000000;\">14:00h<\/span><\/td>\n<td width=\"235\"><span style=\"color: #000000;\">Momento mulher com a oferta de servi\u00e7os de beleza e sa\u00fade.<\/span><\/td>\n<td width=\"282\"><span style=\"color: #000000;\">Lar Substituto Nova Esperan\u00e7a<\/span><\/td>\n<\/tr>\n<\/tbody>\n<\/table>\n<p>&nbsp;<\/p>\n<h6 style=\"text-align: right;\"><span style=\"color: #999999;\">fonte:SECOM,SEMAS,SESAU,Prefeitura<\/span><\/h6>\n<div class='share-to-whatsapp-wrapper'><div class='share-on-whsp'>Share on: <\/div><a data-text='Prefeitura leva atividades do Mar\u00e7o Mulher para lares substitutos de Alagoinhas' data-link='https:\/\/newsinfoco.com.br\/inicio\/prefeitura-leva-atividades-do-marco-mulher-para-lares-substitutos-de-alagoinhas\/' class='whatsapp-button whatsapp-share'>WhatsApp<\/a><div class='clear '><\/div><\/div>","protected":false},"excerpt":{"rendered":"<p>Integrando o cronograma de a\u00e7\u00f5es do Mar\u00e7o Mulher Alagoinhas \u2013 Mulher, Poder e Fala, a Prefeitura de Alagoinhas, por meio da Secretaria Municipal de Assist\u00eancia Social (SEMAS), em parceria com a Secretaria Municipal de Sa\u00fade (SESAU) promove uma s\u00e9rie de atividades e atendimentos nos lares substitutos do munic\u00edpio e para mulheres em situa\u00e7\u00e3o de reclus\u00e3o [&hellip;]<\/p>\n","protected":false},"author":1,"featured_media":301,"comment_status":"open","ping_status":"open","sticky":false,"template":"","format":"standard","meta":{"om_disable_all_campaigns":false,"_exactmetrics_skip_tracking":false,"_exactmetrics_sitenote_active":false,"_exactmetrics_sitenote_note":"","_exactmetrics_sitenote_category":0,"footnotes":""},"categories":[38,30],"tags":[53,54,59,58],"class_list":["post-774","post","type-post","status-publish","format-standard","has-post-thumbnail","hentry","category-alagoinhas-e-regiao","category-destaque","tag-alagoinhas","tag-prefeitura","tag-semas","tag-sesau"],"aioseo_notices":[],"_links":{"self":[{"href":"https:\/\/newsinfoco.com.br\/inicio\/wp-json\/wp\/v2\/posts\/774","targetHints":{"allow":["GET"]}}],"collection":[{"href":"https:\/\/newsinfoco.com.br\/inicio\/wp-json\/wp\/v2\/posts"}],"about":[{"href":"https:\/\/newsinfoco.com.br\/inicio\/wp-json\/wp\/v2\/types\/post"}],"author":[{"embeddable":true,"href":"https:\/\/newsinfoco.com.br\/inicio\/wp-json\/wp\/v2\/users\/1"}],"replies":[{"embeddable":true,"href":"https:\/\/newsinfoco.com.br\/inicio\/wp-json\/wp\/v2\/comments?post=774"}],"version-history":[{"count":0,"href":"https:\/\/newsinfoco.com.br\/inicio\/wp-json\/wp\/v2\/posts\/774\/revisions"}],"wp:featuredmedia":[{"embeddable":true,"href":"https:\/\/newsinfoco.com.br\/inicio\/wp-json\/wp\/v2\/media\/301"}],"wp:attachment":[{"href":"https:\/\/newsinfoco.com.br\/inicio\/wp-json\/wp\/v2\/media?parent=774"}],"wp:term":[{"taxonomy":"category","embeddable":true,"href":"https:\/\/newsinfoco.com.br\/inicio\/wp-json\/wp\/v2\/categories?post=774"},{"taxonomy":"post_tag","embeddable":true,"href":"https:\/\/newsinfoco.com.br\/inicio\/wp-json\/wp\/v2\/tags?post=774"}],"curies":[{"name":"wp","href":"https:\/\/api.w.org\/{rel}","templated":true}]}}