{"id":7741,"date":"2018-08-03T21:41:08","date_gmt":"2018-08-04T00:41:08","guid":{"rendered":"http:\/\/newsinfoco.com.br\/?p=7741"},"modified":"2018-08-03T21:41:08","modified_gmt":"2018-08-04T00:41:08","slug":"confira-a-programacao-das-oficinas-do-programa-prepare-se-para-este-mes","status":"publish","type":"post","link":"https:\/\/newsinfoco.com.br\/inicio\/confira-a-programacao-das-oficinas-do-programa-prepare-se-para-este-mes\/","title":{"rendered":"Confira a programa\u00e7\u00e3o das oficinas do Programa PREPARE-SE para este m\u00eas"},"content":{"rendered":"<p style=\"text-align: justify;\"><span style=\"color: #000000;\">A Prefeitura Municipal de Alagoinhas, por interm\u00e9dio da Secretaria de Desenvolvimento Econ\u00f4mico e Meio Ambiente (SEDEA), divulga, nesta sexta-feira (3), as oficinas programadas para o m\u00eas de agosto.<\/span><\/p>\n<p style=\"text-align: justify;\"><span style=\"color: #000000;\">A programa\u00e7\u00e3o faz parte das atividades de qualifica\u00e7\u00e3o profissional oferecidas gratuitamente pela secretaria, atrav\u00e9s do Programa PREPARE-SE. Para fazer a inscri\u00e7\u00e3o, \u00e9 necess\u00e1rio apresentar documento de identidade e comprovante de resid\u00eancia na sede da SEDEA, que fica na Rua Soror Joana Ang\u00e9lica, acima do pr\u00e9dio da loja A L\u00e2mpada, centro de Alagoinhas. Apenas maiores de 16 anos podem participar.<\/span><\/p><div class=\"newsi-conteudo_19\" id=\"newsi-2527000207\"><a href=\"https:\/\/www.instagram.com\/prefeituraalagoinhas?igsh=YzgzdDJ1bWR3aWI4\" aria-label=\"SAVE_20251006_221555\"><img loading=\"lazy\" decoding=\"async\" src=\"https:\/\/newsinfoco.com.br\/inicio\/wp-content\/uploads\/2025\/10\/SAVE_20251006_221555-rotated.jpg\" alt=\"\"  srcset=\"https:\/\/newsinfoco.com.br\/inicio\/wp-content\/uploads\/2025\/10\/SAVE_20251006_221555-rotated.jpg 1140w, https:\/\/newsinfoco.com.br\/inicio\/wp-content\/uploads\/2025\/10\/SAVE_20251006_221555-300x52.jpg 300w, https:\/\/newsinfoco.com.br\/inicio\/wp-content\/uploads\/2025\/10\/SAVE_20251006_221555-1024x177.jpg 1024w, https:\/\/newsinfoco.com.br\/inicio\/wp-content\/uploads\/2025\/10\/SAVE_20251006_221555-768x133.jpg 768w, https:\/\/newsinfoco.com.br\/inicio\/wp-content\/uploads\/2025\/10\/SAVE_20251006_221555-600x104.jpg 600w, https:\/\/newsinfoco.com.br\/inicio\/wp-content\/uploads\/2025\/10\/SAVE_20251006_221555-696x120.jpg 696w, https:\/\/newsinfoco.com.br\/inicio\/wp-content\/uploads\/2025\/10\/SAVE_20251006_221555-1068x185.jpg 1068w\" sizes=\"(max-width: 1140px) 100vw, 1140px\" width=\"1140\" height=\"197\"   \/><\/a><\/div>\n<p style=\"text-align: justify;\">\n<p style=\"text-align: justify;\"><span style=\"color: #000000;\"><strong>CONFIRA PROGRAMA\u00c7\u00c3O:<\/strong><\/span><\/p>\n<p style=\"text-align: justify;\"><span style=\"color: #000000;\"><strong>09\/08 \u2013<\/strong>\u00a0das 8 \u00e0s 11h<\/span><br \/>\n<span style=\"color: #000000;\">Oficina de Depila\u00e7\u00e3o, com Aline Calmon do SPA Depil.<\/span><\/p>\n<p style=\"text-align: justify;\"><span style=\"color: #000000;\"><strong>13\/08 e 14\/08 \u2013<\/strong>\u00a0das 8 \u00e0s 11h<\/span><br \/>\n<span style=\"color: #000000;\">Oficina de Manicure e Pedicure, com Ana Paula Gomes.<\/span><\/p>\n<h6 style=\"text-align: right;\"><span style=\"color: #999999;\">Fonte: SECOM SEDEA<\/span><\/h6>\n<div class='share-to-whatsapp-wrapper'><div class='share-on-whsp'>Share on: <\/div><a data-text='Confira a programa\u00e7\u00e3o das oficinas do Programa PREPARE-SE para este m\u00eas' data-link='https:\/\/newsinfoco.com.br\/inicio\/confira-a-programacao-das-oficinas-do-programa-prepare-se-para-este-mes\/' class='whatsapp-button whatsapp-share'>WhatsApp<\/a><div class='clear '><\/div><\/div>","protected":false},"excerpt":{"rendered":"<p>A Prefeitura Municipal de Alagoinhas, por interm\u00e9dio da Secretaria de Desenvolvimento Econ\u00f4mico e Meio Ambiente (SEDEA), divulga, nesta sexta-feira (3), as oficinas programadas para o m\u00eas de agosto. A programa\u00e7\u00e3o faz parte das atividades de qualifica\u00e7\u00e3o profissional oferecidas gratuitamente pela secretaria, atrav\u00e9s do Programa PREPARE-SE. Para fazer a inscri\u00e7\u00e3o, \u00e9 necess\u00e1rio apresentar documento de identidade [&hellip;]<\/p>\n","protected":false},"author":1,"featured_media":7742,"comment_status":"open","ping_status":"open","sticky":false,"template":"","format":"standard","meta":{"om_disable_all_campaigns":false,"_exactmetrics_skip_tracking":false,"_exactmetrics_sitenote_active":false,"_exactmetrics_sitenote_note":"","_exactmetrics_sitenote_category":0,"footnotes":""},"categories":[38,30],"tags":[53,54,130],"class_list":["post-7741","post","type-post","status-publish","format-standard","has-post-thumbnail","hentry","category-alagoinhas-e-regiao","category-destaque","tag-alagoinhas","tag-prefeitura","tag-secom-sedea"],"aioseo_notices":[],"_links":{"self":[{"href":"https:\/\/newsinfoco.com.br\/inicio\/wp-json\/wp\/v2\/posts\/7741","targetHints":{"allow":["GET"]}}],"collection":[{"href":"https:\/\/newsinfoco.com.br\/inicio\/wp-json\/wp\/v2\/posts"}],"about":[{"href":"https:\/\/newsinfoco.com.br\/inicio\/wp-json\/wp\/v2\/types\/post"}],"author":[{"embeddable":true,"href":"https:\/\/newsinfoco.com.br\/inicio\/wp-json\/wp\/v2\/users\/1"}],"replies":[{"embeddable":true,"href":"https:\/\/newsinfoco.com.br\/inicio\/wp-json\/wp\/v2\/comments?post=7741"}],"version-history":[{"count":0,"href":"https:\/\/newsinfoco.com.br\/inicio\/wp-json\/wp\/v2\/posts\/7741\/revisions"}],"wp:featuredmedia":[{"embeddable":true,"href":"https:\/\/newsinfoco.com.br\/inicio\/wp-json\/wp\/v2\/media\/7742"}],"wp:attachment":[{"href":"https:\/\/newsinfoco.com.br\/inicio\/wp-json\/wp\/v2\/media?parent=7741"}],"wp:term":[{"taxonomy":"category","embeddable":true,"href":"https:\/\/newsinfoco.com.br\/inicio\/wp-json\/wp\/v2\/categories?post=7741"},{"taxonomy":"post_tag","embeddable":true,"href":"https:\/\/newsinfoco.com.br\/inicio\/wp-json\/wp\/v2\/tags?post=7741"}],"curies":[{"name":"wp","href":"https:\/\/api.w.org\/{rel}","templated":true}]}}