{"id":7744,"date":"2018-08-03T21:47:15","date_gmt":"2018-08-04T00:47:15","guid":{"rendered":"http:\/\/newsinfoco.com.br\/?p=7744"},"modified":"2018-08-03T21:47:15","modified_gmt":"2018-08-04T00:47:15","slug":"movimento-que-impulsiona-iniciativas-alagoinhas-sedia-eventos-esportivos-de-projecao-nacional-e-divulga-agenda-das-atividades-que-devem-agitar-o-final-de-semana-na-cidade","status":"publish","type":"post","link":"https:\/\/newsinfoco.com.br\/inicio\/movimento-que-impulsiona-iniciativas-alagoinhas-sedia-eventos-esportivos-de-projecao-nacional-e-divulga-agenda-das-atividades-que-devem-agitar-o-final-de-semana-na-cidade\/","title":{"rendered":"Movimento que impulsiona iniciativas: Alagoinhas sedia eventos esportivos de proje\u00e7\u00e3o nacional e divulga agenda das atividades que devem agitar o final de semana na cidade"},"content":{"rendered":"<p style=\"text-align: justify;\"><span style=\"color: #000000;\">Quem imaginava sair da cidade neste final de semana pode esperar uma agenda que deve mudar a programa\u00e7\u00e3o dos amantes de esporte. \u00c9 que Alagoinhas sai na frente na disputa entre as cidades baianas e sedia 3 grandes eventos nos dias 4 e 5 de agosto.<\/span><\/p>\n<p style=\"text-align: justify;\"><span style=\"color: #000000;\">Abrindo a programa\u00e7\u00e3o de s\u00e1bado \u00e0 noite, \u00e0s 19h30, no Est\u00e1dio Municipal Ant\u00f4nio de Figueiredo Carneiro, o \u201cCarneir\u00e3o\u201d, atletas e entusiastas se re\u00fanem para concentra\u00e7\u00e3o e alinhamento da 5\u00aa Marathon Night Run Alagoinhas, com largada prevista para as 20h.<\/span><\/p><div class=\"newsi-conteudo_19\" id=\"newsi-861206929\"><a href=\"https:\/\/www.instagram.com\/prefeituraalagoinhas?igsh=YzgzdDJ1bWR3aWI4\" aria-label=\"SAVE_20251006_221555\"><img loading=\"lazy\" decoding=\"async\" src=\"https:\/\/newsinfoco.com.br\/inicio\/wp-content\/uploads\/2025\/10\/SAVE_20251006_221555-rotated.jpg\" alt=\"\"  srcset=\"https:\/\/newsinfoco.com.br\/inicio\/wp-content\/uploads\/2025\/10\/SAVE_20251006_221555-rotated.jpg 1140w, https:\/\/newsinfoco.com.br\/inicio\/wp-content\/uploads\/2025\/10\/SAVE_20251006_221555-300x52.jpg 300w, https:\/\/newsinfoco.com.br\/inicio\/wp-content\/uploads\/2025\/10\/SAVE_20251006_221555-1024x177.jpg 1024w, https:\/\/newsinfoco.com.br\/inicio\/wp-content\/uploads\/2025\/10\/SAVE_20251006_221555-768x133.jpg 768w, https:\/\/newsinfoco.com.br\/inicio\/wp-content\/uploads\/2025\/10\/SAVE_20251006_221555-600x104.jpg 600w, https:\/\/newsinfoco.com.br\/inicio\/wp-content\/uploads\/2025\/10\/SAVE_20251006_221555-696x120.jpg 696w, https:\/\/newsinfoco.com.br\/inicio\/wp-content\/uploads\/2025\/10\/SAVE_20251006_221555-1068x185.jpg 1068w\" sizes=\"(max-width: 1140px) 100vw, 1140px\" width=\"1140\" height=\"197\"   \/><\/a><\/div>\n<p style=\"text-align: justify;\"><span style=\"color: #000000;\">No dia seguinte, logo cedo, \u00e9 a vez de preparar as pernas para a pedalada: com 650 inscritos e etapa v\u00e1lida pelo ranking brasileiro da modalidade XCM, a cidade recebe a 14\u00aa edi\u00e7\u00e3o do Marathon Bike. A competi\u00e7\u00e3o come\u00e7a pontualmente \u00e0s 8h30, com concentra\u00e7\u00e3o \u00e0s 7h no estacionamento do Est\u00e1dio Carneir\u00e3o.<\/span><\/p>\n<p style=\"text-align: justify;\"><span style=\"color: #000000;\">Mas a agenda n\u00e3o para por a\u00ed: no mesmo final de semana, Alagoinhas abre as portas para 300 atletas que chegam de mais de 33 munic\u00edpios para disputar o Campeonato Baiano de Karat\u00ea Interestilos 2018. A cerim\u00f4nia oficial do evento, que acontece no Gin\u00e1sio de Esportes Ant\u00f4nio Carlos Magalh\u00e3es, est\u00e1 marcada para domingo (5) \u00e0s 8h, mas as competi\u00e7\u00f5es come\u00e7am antes, \u00e0s 17h de s\u00e1bado (4), ap\u00f3s a realiza\u00e7\u00e3o de um curso de arbitragem.<\/span><\/p>\n<p style=\"text-align: justify;\"><span style=\"color: #000000;\">E como o incentivo ao esporte e o cuidado \u00e0 sa\u00fade s\u00e3o sempre pontos fundamentais, o prefeito Joaquim Neto aproveita a oportunidade para inaugurar, no domingo, a partir das 10h, a Academia da Sa\u00fade do Jardim Petrolar, que deve beneficiar toda a comunidade com o novo equipamento.<\/span><\/p>\n<p style=\"text-align: justify;\"><span style=\"color: #000000;\">Para o prefeito, s\u00e3o a\u00e7\u00f5es que evidenciam o fomento ao esporte na regi\u00e3o, em conformidade com as a\u00e7\u00f5es desenvolvidas pela Secretaria de Cultura, Esporte e Turismo (SECET), que tem priorizado o investimento em diferentes modalidades para melhorar a qualidade de vida da popula\u00e7\u00e3o.<\/span><\/p>\n<p style=\"text-align: justify;\"><span style=\"color: #000000;\">Confira a programa\u00e7\u00e3o completa:<\/span><\/p>\n<p style=\"text-align: justify;\"><span style=\"color: #000000;\"><strong>5\u00ba Marathon Night Run Alagoinhas<\/strong><\/span><br \/>\n<span style=\"color: #000000;\">03.08 \u2013 Das 14h \u00e0s 21h: Entrega de kits<\/span><br \/>\n<span style=\"color: #000000;\">04.08 \u2013 Das 9h \u00e0s 18h30: Entrega de kits<\/span><br \/>\n<span style=\"color: #000000;\">04.08 \u2013 \u00c0s 19h30: Concentra\u00e7\u00e3o e Alinhamento<\/span><br \/>\n<span style=\"color: #000000;\">04.08 \u2013 \u00c0s 20h: Largada<\/span><br \/>\n<span style=\"color: #000000;\">Local: Estacionamento do Est\u00e1dio Carneir\u00e3o<\/span><\/p>\n<p style=\"text-align: justify;\"><span style=\"color: #000000;\"><strong>14\u00ba Marathon Bike Alagoinhas<\/strong><\/span><br \/>\n<span style=\"color: #000000;\">03.08 \u2013 Das 14h \u00e0s 21h: Entrega de Kits<\/span><br \/>\n<span style=\"color: #000000;\">04.08 \u2013 Das 9h30 \u00e0s 22h: Entrega de Kits<\/span><br \/>\n<span style=\"color: #000000;\">04.08 \u2013 \u00c0s 19h: Congresso T\u00e9cnico<\/span><br \/>\n<span style=\"color: #000000;\">05.08 \u2013 \u00c0s 8h30: Largada<\/span><br \/>\n<span style=\"color: #000000;\">Local: Estacionamento do Est\u00e1dio Carneir\u00e3o<\/span><\/p>\n<p style=\"text-align: justify;\"><span style=\"color: #000000;\"><strong>Campeonato Baiano de Karat\u00ea Interestilos 2018<\/strong><strong><br \/>\n<\/strong>Local: Gin\u00e1sio de Esportes Ant\u00f4nio Carlos Magalh\u00e3es<\/span><br \/>\n<span style=\"color: #000000;\">S\u00e1bado (04\/08)<\/span><br \/>\n<span style=\"color: #000000;\">14h Assembl\u00e9ia Geral Ordin\u00e1ria para presidentes<\/span><br \/>\n<span style=\"color: #000000;\">15h Curso de Arbitragem<\/span><br \/>\n<span style=\"color: #000000;\">17h In\u00edcio das competi\u00e7\u00f5es<\/span><\/p>\n<p style=\"text-align: justify;\"><span style=\"color: #000000;\">Domingo (05\/08)<\/span><br \/>\n<span style=\"color: #000000;\">8h Cerim\u00f4nia de abertura<\/span><br \/>\n<span style=\"color: #000000;\">9h In\u00edcio das competi\u00e7\u00f5es<\/span><\/p>\n<p style=\"text-align: justify;\"><span style=\"color: #000000;\"><strong>Inaugura\u00e7\u00e3o da Academia da Sa\u00fade do Jardim Petrolar<\/strong><\/span><br \/>\n<span style=\"color: #000000;\">Data: 05\/08 (domingo)<\/span><br \/>\n<span style=\"color: #000000;\">Hor\u00e1rio: 10h<\/span><br \/>\n<span style=\"color: #000000;\">Local: Rua Holandesa (atr\u00e1s da Delegacia da Mulher)<\/span><\/p>\n<h6 style=\"text-align: right;\"><span style=\"color: #999999;\">Fonte: SECOM SECET<\/span><\/h6>\n<div style=\"text-align: justify;\" align=\"right\"><\/div>\n<div class='share-to-whatsapp-wrapper'><div class='share-on-whsp'>Share on: <\/div><a data-text='Movimento que impulsiona iniciativas: Alagoinhas sedia eventos esportivos de proje\u00e7\u00e3o nacional e divulga agenda das atividades que devem agitar o final de semana na cidade' data-link='https:\/\/newsinfoco.com.br\/inicio\/movimento-que-impulsiona-iniciativas-alagoinhas-sedia-eventos-esportivos-de-projecao-nacional-e-divulga-agenda-das-atividades-que-devem-agitar-o-final-de-semana-na-cidade\/' class='whatsapp-button whatsapp-share'>WhatsApp<\/a><div class='clear '><\/div><\/div>","protected":false},"excerpt":{"rendered":"<p>Quem imaginava sair da cidade neste final de semana pode esperar uma agenda que deve mudar a programa\u00e7\u00e3o dos amantes de esporte. \u00c9 que Alagoinhas sai na frente na disputa entre as cidades baianas e sedia 3 grandes eventos nos dias 4 e 5 de agosto. Abrindo a programa\u00e7\u00e3o de s\u00e1bado \u00e0 noite, \u00e0s 19h30, [&hellip;]<\/p>\n","protected":false},"author":1,"featured_media":7745,"comment_status":"open","ping_status":"open","sticky":false,"template":"","format":"standard","meta":{"om_disable_all_campaigns":false,"_exactmetrics_skip_tracking":false,"_exactmetrics_sitenote_active":false,"_exactmetrics_sitenote_note":"","_exactmetrics_sitenote_category":0,"footnotes":""},"categories":[38,30],"tags":[53,54,121],"class_list":["post-7744","post","type-post","status-publish","format-standard","has-post-thumbnail","hentry","category-alagoinhas-e-regiao","category-destaque","tag-alagoinhas","tag-prefeitura","tag-secom-secet"],"aioseo_notices":[],"_links":{"self":[{"href":"https:\/\/newsinfoco.com.br\/inicio\/wp-json\/wp\/v2\/posts\/7744","targetHints":{"allow":["GET"]}}],"collection":[{"href":"https:\/\/newsinfoco.com.br\/inicio\/wp-json\/wp\/v2\/posts"}],"about":[{"href":"https:\/\/newsinfoco.com.br\/inicio\/wp-json\/wp\/v2\/types\/post"}],"author":[{"embeddable":true,"href":"https:\/\/newsinfoco.com.br\/inicio\/wp-json\/wp\/v2\/users\/1"}],"replies":[{"embeddable":true,"href":"https:\/\/newsinfoco.com.br\/inicio\/wp-json\/wp\/v2\/comments?post=7744"}],"version-history":[{"count":0,"href":"https:\/\/newsinfoco.com.br\/inicio\/wp-json\/wp\/v2\/posts\/7744\/revisions"}],"wp:featuredmedia":[{"embeddable":true,"href":"https:\/\/newsinfoco.com.br\/inicio\/wp-json\/wp\/v2\/media\/7745"}],"wp:attachment":[{"href":"https:\/\/newsinfoco.com.br\/inicio\/wp-json\/wp\/v2\/media?parent=7744"}],"wp:term":[{"taxonomy":"category","embeddable":true,"href":"https:\/\/newsinfoco.com.br\/inicio\/wp-json\/wp\/v2\/categories?post=7744"},{"taxonomy":"post_tag","embeddable":true,"href":"https:\/\/newsinfoco.com.br\/inicio\/wp-json\/wp\/v2\/tags?post=7744"}],"curies":[{"name":"wp","href":"https:\/\/api.w.org\/{rel}","templated":true}]}}