{"id":7845,"date":"2018-08-06T21:37:45","date_gmt":"2018-08-07T00:37:45","guid":{"rendered":"http:\/\/newsinfoco.com.br\/?p=7845"},"modified":"2018-08-06T21:37:45","modified_gmt":"2018-08-07T00:37:45","slug":"prefeitura-de-alagoinhas-divulga-cronograma-semanal-de-atividades-do-cras-confira","status":"publish","type":"post","link":"https:\/\/newsinfoco.com.br\/inicio\/prefeitura-de-alagoinhas-divulga-cronograma-semanal-de-atividades-do-cras-confira\/","title":{"rendered":"Prefeitura de Alagoinhas divulga cronograma semanal de atividades do CRAS; confira"},"content":{"rendered":"<p style=\"text-align: justify;\"><span style=\"color: #000000;\">A Prefeitura de Alagoinhas, atrav\u00e9s da Secretaria Municipal de Assist\u00eancia Social (SEMAS), divulgou a programa\u00e7\u00e3o semanal de atividades do Centro de Refer\u00eancia de Assist\u00eancia Social de Pra\u00e7a do C\u00e9u, Nova Bras\u00edlia, Boa Uni\u00e3o e Riacho da Guia. Entre as atividades previstas no cronograma, est\u00e3o oficinas de dan\u00e7a para grupos de idosos e crian\u00e7as.<\/span><\/p>\n<p style=\"text-align: justify;\"><span style=\"color: #000000;\">De acordo com a SEMAS, o intuito das atividades \u00e9 fortalecer os v\u00ednculos familiares e comunit\u00e1rios atrav\u00e9s de din\u00e2micas, oficinas e rodas de conversa organizadas por profissionais da \u00e1rea.<\/span><\/p><div class=\"newsi-conteudo_19\" id=\"newsi-3404092741\"><a href=\"https:\/\/www.instagram.com\/prefeituraalagoinhas?igsh=YzgzdDJ1bWR3aWI4\" aria-label=\"SAVE_20251006_221555\"><img loading=\"lazy\" decoding=\"async\" src=\"https:\/\/newsinfoco.com.br\/inicio\/wp-content\/uploads\/2025\/10\/SAVE_20251006_221555-rotated.jpg\" alt=\"\"  srcset=\"https:\/\/newsinfoco.com.br\/inicio\/wp-content\/uploads\/2025\/10\/SAVE_20251006_221555-rotated.jpg 1140w, https:\/\/newsinfoco.com.br\/inicio\/wp-content\/uploads\/2025\/10\/SAVE_20251006_221555-300x52.jpg 300w, https:\/\/newsinfoco.com.br\/inicio\/wp-content\/uploads\/2025\/10\/SAVE_20251006_221555-1024x177.jpg 1024w, https:\/\/newsinfoco.com.br\/inicio\/wp-content\/uploads\/2025\/10\/SAVE_20251006_221555-768x133.jpg 768w, https:\/\/newsinfoco.com.br\/inicio\/wp-content\/uploads\/2025\/10\/SAVE_20251006_221555-600x104.jpg 600w, https:\/\/newsinfoco.com.br\/inicio\/wp-content\/uploads\/2025\/10\/SAVE_20251006_221555-696x120.jpg 696w, https:\/\/newsinfoco.com.br\/inicio\/wp-content\/uploads\/2025\/10\/SAVE_20251006_221555-1068x185.jpg 1068w\" sizes=\"(max-width: 1140px) 100vw, 1140px\" width=\"1140\" height=\"197\"   \/><\/a><\/div>\n<p style=\"text-align: justify;\"><span style=\"color: #000000;\"><strong>\u00a0<\/strong><\/span><\/p>\n<p style=\"text-align: justify;\"><span style=\"color: #000000;\"><strong>Programa\u00e7\u00e3o Cras Pra\u00e7a do Ceu de 06 de Agosto a 10 de Agosto<\/strong><\/span><\/p>\n<p style=\"text-align: justify;\"><span style=\"color: #000000;\"><strong>07\/08<\/strong><\/span><\/p>\n<ul style=\"text-align: justify;\">\n<li><span style=\"color: #000000;\">Manh\u00e3<\/span><\/li>\n<\/ul>\n<p style=\"text-align: justify;\"><span style=\"color: #000000;\">Sala de Espera:<\/span><\/p>\n<p style=\"text-align: justify;\"><span style=\"color: #000000;\">Acolhida com t\u00e9cnico<\/span><\/p>\n<ul style=\"text-align: justify;\">\n<li><span style=\"color: #000000;\">Tarde<\/span><\/li>\n<\/ul>\n<p style=\"text-align: justify;\"><span style=\"color: #000000;\">Grupo de Mulheres: Palestra com o CRAM<\/span><\/p>\n<p style=\"text-align: justify;\"><span style=\"color: #000000;\">Alus\u00e3o ao eixo do m\u00eas Agosto Lil\u00e1s \u201cReflex\u00f5es sobre os 12 anos da Lei Maria da Penha\u201d<\/span><\/p>\n<p style=\"text-align: justify;\"><span style=\"color: #000000;\">Oficina de Dan\u00e7a com idosas<\/span><\/p>\n<p style=\"text-align: justify;\">\n<p style=\"text-align: justify;\"><span style=\"color: #000000;\"><strong>08\/08<\/strong><\/span><\/p>\n<ul style=\"text-align: justify;\">\n<li><span style=\"color: #000000;\">Tarde<\/span><\/li>\n<\/ul>\n<p style=\"text-align: justify;\"><span style=\"color: #000000;\">Oficina de Violinos M\u00e1gicos<\/span><\/p>\n<p style=\"text-align: justify;\"><span style=\"color: #000000;\">Oficina de Dan\u00e7a com crian\u00e7as<\/span><\/p>\n<p style=\"text-align: justify;\"><span style=\"color: #000000;\">Reuni\u00e3o T\u00e9cnica<\/span><\/p>\n<p style=\"text-align: justify;\">\n<p style=\"text-align: justify;\"><span style=\"color: #000000;\"><strong>09\/08<\/strong><\/span><\/p>\n<ul style=\"text-align: justify;\">\n<li><span style=\"color: #000000;\">Manh\u00e3 e Tarde<\/span><\/li>\n<\/ul>\n<p style=\"text-align: justify;\"><span style=\"color: #000000;\">Grupo de Adolescentes \u2013 Palestra com Acessuas e constru\u00e7\u00e3o do Painel \u201cMundo do Trabalho\u201d<\/span><\/p>\n<p style=\"text-align: justify;\"><span style=\"color: #000000;\">Grupo de Idosas \u2013 Acolhimento \/ Document\u00e1rio \u201cA vida de Maria da Penha\u201d\/ Oficina de Colcha de retalho<\/span><\/p>\n<p style=\"text-align: justify;\">\n<p style=\"text-align: justify;\"><span style=\"color: #000000;\"><strong>10\/08<\/strong><\/span><\/p>\n<ul style=\"text-align: justify;\">\n<li><span style=\"color: #000000;\">Manh\u00e3<\/span><\/li>\n<\/ul>\n<p style=\"text-align: justify;\"><span style=\"color: #000000;\">Sala de Espera com os t\u00e9cnicos<\/span><\/p>\n<p style=\"text-align: justify;\"><span style=\"color: #000000;\">Grupo de Crian\u00e7as \u2013 Elabora\u00e7\u00e3o de par\u00f3dia sobre a Inclus\u00e3o<\/span><\/p>\n<p style=\"text-align: justify;\"><span style=\"color: #000000;\">Oficina de Futebol<\/span><\/p>\n<p style=\"text-align: justify;\"><span style=\"color: #000000;\"><strong>\u00a0<\/strong><\/span><\/p>\n<p style=\"text-align: justify;\"><span style=\"color: #000000;\"><strong>\u00a0<\/strong><strong>CRAS Riacho da Guia De 06 a 10 de Agosto<\/strong><\/span><\/p>\n<p style=\"text-align: justify;\"><span style=\"color: #000000;\"><strong>07\/08<\/strong><\/span><\/p>\n<ul style=\"text-align: justify;\">\n<li><span style=\"color: #000000;\">Tarde<\/span><\/li>\n<\/ul>\n<p style=\"text-align: justify;\"><span style=\"color: #000000;\">SCFV \u2013 Grupo de Mulheres<\/span><\/p>\n<p style=\"text-align: justify;\"><span style=\"color: #000000;\">Encontro Intergeracional com apresenta\u00e7\u00f5es e din\u00e2micas em homenagem ao dia dos av\u00f3s.<\/span><\/p>\n<p style=\"text-align: justify;\">\n<p style=\"text-align: justify;\"><span style=\"color: #000000;\"><strong>08\/08<\/strong><\/span><\/p>\n<ul style=\"text-align: justify;\">\n<li><span style=\"color: #000000;\">Manh\u00e3 e Tarde<\/span><\/li>\n<\/ul>\n<p style=\"text-align: justify;\"><span style=\"color: #000000;\">SCFV \u2013 Grupo de Crian\u00e7as \u2013 Roda de Conversa sobre relacionamento entre pais e filhos. Confeccionar uma lembran\u00e7a.<\/span><\/p>\n<p style=\"text-align: justify;\"><span style=\"color: #000000;\">Manh\u00e3 e Tarde<\/span><\/p>\n<p style=\"text-align: justify;\"><span style=\"color: #000000;\">SCFV \u2013 Oficina de Futebol.<\/span><\/p>\n<p style=\"text-align: justify;\">\n<p style=\"text-align: justify;\"><span style=\"color: #000000;\"><strong>09\/08<\/strong><\/span><\/p>\n<ul style=\"text-align: justify;\">\n<li><span style=\"color: #000000;\">Manh\u00e3 e Tarde<\/span><\/li>\n<\/ul>\n<p style=\"text-align: justify;\"><span style=\"color: #000000;\">SCFV \u2013 Grupo de Adolescentes: Rela\u00e7\u00f5es de G\u00eanero \u2013 Reflex\u00e3o sobre viol\u00eancia, conviv\u00eancia, responsabilidade e respeito.<\/span><\/p>\n<p style=\"text-align: justify;\"><span style=\"color: #000000;\">SCFV \u2013 Oficina de Dan\u00e7a infantil e idosos.<\/span><\/p>\n<p style=\"text-align: justify;\">\n<p style=\"text-align: justify;\"><span style=\"color: #000000;\"><strong>10\/08<\/strong><\/span><\/p>\n<ul style=\"text-align: justify;\">\n<li><span style=\"color: #000000;\">Manh\u00e3<\/span><\/li>\n<\/ul>\n<p style=\"text-align: justify;\"><span style=\"color: #000000;\">SCFV \u2013 Grupo de Adolescentes \u2013 Rela\u00e7\u00f5es de G\u00eanero \u2013 Reflex\u00e3o sobre viol\u00eancia, conviv\u00eancia, responsabilidade e respeito.<\/span><\/p>\n<ul style=\"text-align: justify;\">\n<li><span style=\"color: #000000;\">Tarde<\/span><\/li>\n<\/ul>\n<p style=\"text-align: justify;\"><span style=\"color: #000000;\">SCFV \u2013 Grupo de Crian\u00e7as \u2013 Roda de Conversa sobre relacionamento entre pais e filhos. Confeccionar uma lembran\u00e7a.<\/span><\/p>\n<p style=\"text-align: justify;\">\n<p style=\"text-align: justify;\"><span style=\"color: #000000;\"><strong>CRAS BOA UNI\u00c3O \u2013 De 06 de Agosto a 10 de Agosto<\/strong><\/span><\/p>\n<p style=\"text-align: justify;\"><span style=\"color: #000000;\"><strong>\u00a0<\/strong><strong>07\/08<\/strong><\/span><\/p>\n<p style=\"text-align: justify;\"><span style=\"color: #000000;\">Manh\u00e3 e Tarde<\/span><\/p>\n<p style=\"text-align: justify;\"><span style=\"color: #000000;\">Oficina de Dan\u00e7a do SCFV para crian\u00e7as e mulheres<\/span><\/p>\n<p style=\"text-align: justify;\">\n<p style=\"text-align: justify;\"><span style=\"color: #000000;\"><strong>08\/08<\/strong><\/span><\/p>\n<ul style=\"text-align: justify;\">\n<li><span style=\"color: #000000;\">Manh\u00e3 e Tarde<\/span><\/li>\n<\/ul>\n<p style=\"text-align: justify;\"><span style=\"color: #000000;\">Oficina de Violinos \u2013 SCFV na Comunidade do Oiteiro (manh\u00e3) e no CRAS (tarde)<\/span><\/p>\n<p style=\"text-align: justify;\">\n<p style=\"text-align: justify;\"><span style=\"color: #000000;\"><strong>09\/08<\/strong><\/span><\/p>\n<ul style=\"text-align: justify;\">\n<li><span style=\"color: #000000;\">Manh\u00e3 e Tarde<\/span><\/li>\n<\/ul>\n<p style=\"text-align: justify;\"><span style=\"color: #000000;\">SCFV \u2013 Grupo de Adolescentes \u2013 Cine CRAS \u2013 Preciosa: Uma hist\u00f3ria de esperan\u00e7a.<\/span><\/p>\n<p style=\"text-align: justify;\">\n<p style=\"text-align: justify;\"><span style=\"color: #000000;\"><strong>10\/08<\/strong><\/span><\/p>\n<ul style=\"text-align: justify;\">\n<li><span style=\"color: #000000;\">Manh\u00e3 e Tarde<\/span><\/li>\n<\/ul>\n<p style=\"text-align: justify;\"><span style=\"color: #000000;\">SCFV \u2013 Grupo de Crian\u00e7as 9 a 11 anos \u2013 Protagonismo Infantil: Exibi\u00e7\u00e3o do clipe \u201cQuem ama abra\u00e7a\u201d<\/span><\/p>\n<p style=\"text-align: justify;\">\n<p style=\"text-align: justify;\"><span style=\"color: #000000;\"><strong>CRAS DE NOVA BRAS\u00cdLIA de 06 a 10 de agosto de 2018<\/strong><\/span><\/p>\n<p style=\"text-align: justify;\"><span style=\"color: #000000;\"><strong>07\/08<\/strong><\/span><\/p>\n<ul style=\"text-align: justify;\">\n<li><span style=\"color: #000000;\">Manh\u00e3<\/span><\/li>\n<\/ul>\n<p style=\"text-align: justify;\"><span style=\"color: #000000;\">SCFV\/Oficinas<\/span><\/p>\n<p style=\"text-align: justify;\"><span style=\"color: #000000;\">Oficina Violinos M\u00e1gicos;<\/span><\/p>\n<p style=\"text-align: justify;\"><span style=\"color: #000000;\">Oficina de Futebol na Comunidade da Baixa da Candeia;<\/span><\/p>\n<ul style=\"text-align: justify;\">\n<li><span style=\"color: #000000;\">Tarde<\/span><\/li>\n<\/ul>\n<p style=\"text-align: justify;\"><span style=\"color: #000000;\">SCFV\/Oficinas<\/span><\/p>\n<p style=\"text-align: justify;\"><span style=\"color: #000000;\">Oficina Violinos M\u00e1gicos;<\/span><\/p>\n<p style=\"text-align: justify;\"><span style=\"color: #000000;\">Oficina de Futebol na Comunidade da Baixa da Candeia \/ Roda de Conversa: Lei da Aprendizagem (ACESSUAS) \/ Inscri\u00e7\u00f5es: Oficinas de Gin\u00e1stica e Capoeira.<\/span><\/p>\n<p style=\"text-align: justify;\"><span style=\"color: #000000;\">SCFV \u2013 Idosos \u2013 Oficina com Jornal: Resgatando mem\u00f3rias.<\/span><\/p>\n<p style=\"text-align: justify;\">\n<p style=\"text-align: justify;\"><span style=\"color: #000000;\"><strong>08\/08<\/strong><\/span><\/p>\n<ul style=\"text-align: justify;\">\n<li><span style=\"color: #000000;\">Manh\u00e3<\/span><\/li>\n<\/ul>\n<p style=\"text-align: justify;\"><span style=\"color: #000000;\">SCFV\/Oficinas<\/span><\/p>\n<p style=\"text-align: justify;\"><span style=\"color: #000000;\">Oficina de Dan\u00e7a com crian\u00e7as e adolescentes;<\/span><\/p>\n<ul style=\"text-align: justify;\">\n<li><span style=\"color: #000000;\">Tarde<\/span><\/li>\n<\/ul>\n<p style=\"text-align: justify;\"><span style=\"color: #000000;\">Oficina de Dan\u00e7a com mulheres e idosos<\/span><\/p>\n<p style=\"text-align: justify;\">\n<p style=\"text-align: justify;\"><span style=\"color: #000000;\"><strong>09\/08<\/strong><\/span><\/p>\n<ul style=\"text-align: justify;\">\n<li><span style=\"color: #000000;\">Tarde<\/span><\/li>\n<\/ul>\n<p style=\"text-align: justify;\"><span style=\"color: #000000;\">PAIF: Grupo de Homens<\/span><\/p>\n<p style=\"text-align: justify;\"><span style=\"color: #000000;\">Atividade: Roda de Conversa \u2013 Resolu\u00e7\u00e3o de Conflitos intra-familiares: Fortalecendo v\u00ednculos.<\/span><\/p>\n<p style=\"text-align: justify;\"><span style=\"color: #000000;\">SCFV\/ Mulheres<\/span><\/p>\n<p style=\"text-align: justify;\"><span style=\"color: #000000;\">Oficina de papietagem \/ Conversas consentidas: Encontro com Fam\u00edlias.<\/span><\/p>\n<p style=\"text-align: justify;\">\n<p style=\"text-align: justify;\"><span style=\"color: #000000;\"><strong>10\/08<\/strong><\/span><\/p>\n<ul style=\"text-align: justify;\">\n<li><span style=\"color: #000000;\">Manh\u00e3 e tarde<\/span><\/li>\n<\/ul>\n<p style=\"text-align: justify;\"><span style=\"color: #000000;\">SCFV \u2013 Crian\u00e7as (06 a 08 anos)<\/span><\/p>\n<p style=\"text-align: justify;\"><span style=\"color: #000000;\">Atividade (s): Aprender brincando: Como combater a viol\u00eancia na fam\u00edlia.<\/span><\/p>\n<p style=\"text-align: justify;\"><span style=\"color: #000000;\">SCFV \u2013 Crian\u00e7as (09 a 11 anos)<\/span><\/p>\n<p style=\"text-align: justify;\"><span style=\"color: #000000;\">Atividade (s): Constru\u00e7\u00e3o de painel expositivo: \u201cA viol\u00eancia na vis\u00e3o da crian\u00e7a\u201d.<\/span><\/p>\n<p style=\"text-align: justify;\">\n<p style=\"text-align: justify;\"><span style=\"color: #000000;\"><strong>10\/08<\/strong><\/span><\/p>\n<ul style=\"text-align: justify;\">\n<li><span style=\"color: #000000;\">Tarde<\/span><\/li>\n<\/ul>\n<p style=\"text-align: justify;\"><span style=\"color: #000000;\">SCFV \u2013 Oficinas<\/span><\/p>\n<p style=\"text-align: justify;\"><span style=\"color: #000000;\">Oficina de Dan\u00e7a com mulheres e idosas da comunidade da Baixa da Candeia \/ Conversas consentidas: Encontro com Fam\u00edlias.<\/span><\/p>\n<p style=\"text-align: justify;\">\n<p style=\"text-align: justify;\"><span style=\"color: #000000;\"><strong>\u00a0<\/strong><strong>CRAS BOA UNI\u00c3O de 06 de Agosto a 10 de Agosto de 2018<\/strong><\/span><\/p>\n<p style=\"text-align: justify;\"><span style=\"color: #000000;\"><strong>07\/08<\/strong><\/span><\/p>\n<ul style=\"text-align: justify;\">\n<li><span style=\"color: #000000;\">Manh\u00e3 e Tarde<\/span><\/li>\n<\/ul>\n<p style=\"text-align: justify;\"><span style=\"color: #000000;\">Oficina de Dan\u00e7a do SCFV para crian\u00e7as no per\u00edodo matutino e vespertino e mulheres no per\u00edodo vespertino.<\/span><\/p>\n<p style=\"text-align: justify;\">\n<p style=\"text-align: justify;\"><span style=\"color: #000000;\"><strong>08\/08<\/strong><\/span><\/p>\n<ul style=\"text-align: justify;\">\n<li><span style=\"color: #000000;\">Manh\u00e3 e Tarde<\/span><\/li>\n<\/ul>\n<p style=\"text-align: justify;\"><span style=\"color: #000000;\">Oficina de Violinos \u2013 SCFV na Comunidade do Oiteiro (manh\u00e3) e no CRAS (tarde)<\/span><\/p>\n<p style=\"text-align: justify;\">\n<p style=\"text-align: justify;\"><span style=\"color: #000000;\"><strong>09\/08<\/strong><\/span><\/p>\n<ul style=\"text-align: justify;\">\n<li><span style=\"color: #000000;\">Manh\u00e3 e Tarde<\/span><\/li>\n<\/ul>\n<p style=\"text-align: justify;\"><span style=\"color: #000000;\">SCFV \u2013 Grupo de Adolescentes no per\u00edodo matutino e vespertino \u2013 Cine CRAS \u2013 Preciosa: Uma hist\u00f3ria de esperan\u00e7a.<\/span><\/p>\n<p style=\"text-align: justify;\">\n<p style=\"text-align: justify;\"><span style=\"color: #000000;\"><strong>10\/08<\/strong><\/span><\/p>\n<ul style=\"text-align: justify;\">\n<li><span style=\"color: #000000;\">Manh\u00e3 e Tarde<\/span><\/li>\n<\/ul>\n<p style=\"text-align: justify;\"><span style=\"color: #000000;\">SCFV \u2013 Grupo de Crian\u00e7as 9 a 11 anos \u2013 Protagonismo Infantil: Exibi\u00e7\u00e3o do clipe \u201cQuem ama abra\u00e7a\u201d.<\/span><\/p>\n<h6 style=\"text-align: right;\"><span style=\"color: #999999;\">fonte:SECOM,SEMAS,prefeitura<\/span><\/h6>\n<div class='share-to-whatsapp-wrapper'><div class='share-on-whsp'>Share on: <\/div><a data-text='Prefeitura de Alagoinhas divulga cronograma semanal de atividades do CRAS; confira' data-link='https:\/\/newsinfoco.com.br\/inicio\/prefeitura-de-alagoinhas-divulga-cronograma-semanal-de-atividades-do-cras-confira\/' class='whatsapp-button whatsapp-share'>WhatsApp<\/a><div class='clear '><\/div><\/div>","protected":false},"excerpt":{"rendered":"<p>A Prefeitura de Alagoinhas, atrav\u00e9s da Secretaria Municipal de Assist\u00eancia Social (SEMAS), divulgou a programa\u00e7\u00e3o semanal de atividades do Centro de Refer\u00eancia de Assist\u00eancia Social de Pra\u00e7a do C\u00e9u, Nova Bras\u00edlia, Boa Uni\u00e3o e Riacho da Guia. Entre as atividades previstas no cronograma, est\u00e3o oficinas de dan\u00e7a para grupos de idosos e crian\u00e7as. De acordo [&hellip;]<\/p>\n","protected":false},"author":1,"featured_media":166,"comment_status":"open","ping_status":"open","sticky":false,"template":"","format":"standard","meta":{"om_disable_all_campaigns":false,"_exactmetrics_skip_tracking":false,"_exactmetrics_sitenote_active":false,"_exactmetrics_sitenote_note":"","_exactmetrics_sitenote_category":0,"footnotes":""},"categories":[1],"tags":[53,54,59],"class_list":["post-7845","post","type-post","status-publish","format-standard","has-post-thumbnail","hentry","category-sem-categoria","tag-alagoinhas","tag-prefeitura","tag-semas"],"aioseo_notices":[],"_links":{"self":[{"href":"https:\/\/newsinfoco.com.br\/inicio\/wp-json\/wp\/v2\/posts\/7845","targetHints":{"allow":["GET"]}}],"collection":[{"href":"https:\/\/newsinfoco.com.br\/inicio\/wp-json\/wp\/v2\/posts"}],"about":[{"href":"https:\/\/newsinfoco.com.br\/inicio\/wp-json\/wp\/v2\/types\/post"}],"author":[{"embeddable":true,"href":"https:\/\/newsinfoco.com.br\/inicio\/wp-json\/wp\/v2\/users\/1"}],"replies":[{"embeddable":true,"href":"https:\/\/newsinfoco.com.br\/inicio\/wp-json\/wp\/v2\/comments?post=7845"}],"version-history":[{"count":0,"href":"https:\/\/newsinfoco.com.br\/inicio\/wp-json\/wp\/v2\/posts\/7845\/revisions"}],"wp:featuredmedia":[{"embeddable":true,"href":"https:\/\/newsinfoco.com.br\/inicio\/wp-json\/wp\/v2\/media\/166"}],"wp:attachment":[{"href":"https:\/\/newsinfoco.com.br\/inicio\/wp-json\/wp\/v2\/media?parent=7845"}],"wp:term":[{"taxonomy":"category","embeddable":true,"href":"https:\/\/newsinfoco.com.br\/inicio\/wp-json\/wp\/v2\/categories?post=7845"},{"taxonomy":"post_tag","embeddable":true,"href":"https:\/\/newsinfoco.com.br\/inicio\/wp-json\/wp\/v2\/tags?post=7845"}],"curies":[{"name":"wp","href":"https:\/\/api.w.org\/{rel}","templated":true}]}}