{"id":8021,"date":"2018-08-10T14:15:48","date_gmt":"2018-08-10T17:15:48","guid":{"rendered":"http:\/\/newsinfoco.com.br\/?p=8021"},"modified":"2018-08-10T14:15:48","modified_gmt":"2018-08-10T17:15:48","slug":"manutencao-na-central-de-abastecimento-prefeitura-troca-mais-de-200-lampadas-e-melhora-a-iluminacao-dos-galpoes","status":"publish","type":"post","link":"https:\/\/newsinfoco.com.br\/inicio\/manutencao-na-central-de-abastecimento-prefeitura-troca-mais-de-200-lampadas-e-melhora-a-iluminacao-dos-galpoes\/","title":{"rendered":"Manuten\u00e7\u00e3o na Central de Abastecimento: Prefeitura troca mais de 200 l\u00e2mpadas e melhora a ilumina\u00e7\u00e3o dos galp\u00f5es"},"content":{"rendered":"<p style=\"text-align: justify;\"><span style=\"color: #000000;\">Quem for \u00e0 Central de Abastecimento de Alagoinhas neste final de semana vai notar uma mudan\u00e7a na ilumina\u00e7\u00e3o do local: \u00e9 que, atendendo \u00e0 solicita\u00e7\u00e3o de permission\u00e1rios e usu\u00e1rios, a Prefeitura Municipal, atrav\u00e9s da Secretaria de Agricultura (SEMAG), realizou mais um servi\u00e7o de manuten\u00e7\u00e3o e substituiu\u00a0mais de 200 l\u00e2mpadas queimadas, melhorando o sistema de ilumina\u00e7\u00e3o dos galp\u00f5es.<\/span><\/p>\n<p style=\"text-align: justify;\"><span style=\"color: #000000;\">De acordo com o secret\u00e1rio da pasta, Geraldo Almeida, s\u00e3o pequenos servi\u00e7os de manuten\u00e7\u00e3o que v\u00e3o transformando, gradativamente, o ambiente de trabalho dos feirantes. \u201cDesde o m\u00eas passado, estava em curso o processo de melhoria do sistema de ilumina\u00e7\u00e3o. Os usu\u00e1rios apontavam a pouca luminosidade como um fator de afastamento de clientes e estimulador de casos de viol\u00eancia. \u00c9 preciso que as pessoas entendam que esta gest\u00e3o assumiu a Central com v\u00e1rias quest\u00f5es e recursos limitados. Embora n\u00e3o se trate de uma revitaliza\u00e7\u00e3o total, com uma grande obra, temos feito um uso eficiente dos recursos para trazer melhorias \u00e0 popula\u00e7\u00e3o\u201d, explicou.<\/span><\/p><div class=\"newsi-conteudo_19\" id=\"newsi-1409271293\"><a href=\"https:\/\/www.instagram.com\/prefeituraalagoinhas?igsh=YzgzdDJ1bWR3aWI4\" aria-label=\"SAVE_20251006_221555\"><img loading=\"lazy\" decoding=\"async\" src=\"https:\/\/newsinfoco.com.br\/inicio\/wp-content\/uploads\/2025\/10\/SAVE_20251006_221555-rotated.jpg\" alt=\"\"  srcset=\"https:\/\/newsinfoco.com.br\/inicio\/wp-content\/uploads\/2025\/10\/SAVE_20251006_221555-rotated.jpg 1140w, https:\/\/newsinfoco.com.br\/inicio\/wp-content\/uploads\/2025\/10\/SAVE_20251006_221555-300x52.jpg 300w, https:\/\/newsinfoco.com.br\/inicio\/wp-content\/uploads\/2025\/10\/SAVE_20251006_221555-1024x177.jpg 1024w, https:\/\/newsinfoco.com.br\/inicio\/wp-content\/uploads\/2025\/10\/SAVE_20251006_221555-768x133.jpg 768w, https:\/\/newsinfoco.com.br\/inicio\/wp-content\/uploads\/2025\/10\/SAVE_20251006_221555-600x104.jpg 600w, https:\/\/newsinfoco.com.br\/inicio\/wp-content\/uploads\/2025\/10\/SAVE_20251006_221555-696x120.jpg 696w, https:\/\/newsinfoco.com.br\/inicio\/wp-content\/uploads\/2025\/10\/SAVE_20251006_221555-1068x185.jpg 1068w\" sizes=\"(max-width: 1140px) 100vw, 1140px\" width=\"1140\" height=\"197\"   \/><\/a><\/div>\n<p style=\"text-align: justify;\"><span style=\"color: #000000;\">Segundo ele, tamb\u00e9m foi realizada uma revis\u00e3o parcial da rede el\u00e9trica, com a troca de equipamentos defeituosos que provocaram a queima precoce das l\u00e2mpadas. Al\u00e9m disso, Geraldo Almeida informou que tamb\u00e9m foi feita a desobstru\u00e7\u00e3o de calha para \u00e1guas pluviais na Central.<\/span><\/p>\n<p style=\"text-align: justify;\"><span style=\"color: #000000;\">\u201cO novo diretor Osvaldo Cruz tem atuado na corre\u00e7\u00e3o de alguns problemas, como a limpeza de sarjetas, o reordenamento dos feirantes de frutas, a regulariza\u00e7\u00e3o do hor\u00e1rio de funcionamento, com controle efetivo do fechamento dos port\u00f5es, a fiscaliza\u00e7\u00e3o cont\u00ednua dos bares, o ordenamento interno com suporte da SMTT e a presen\u00e7a da Pol\u00edcia Militar \u00e0s sextas-feiras e aos s\u00e1bados, com nove policiais se revezando em grupos por turnos. S\u00e3o pequenas mudan\u00e7as que, juntas, representam um avan\u00e7o significativo para um grande n\u00famero de pessoas\u201d, pontuou o secret\u00e1rio.<\/span><\/p>\n<p style=\"text-align: justify;\"><span style=\"color: #000000;\">A previs\u00e3o, a partir de agora, \u00e9 que a manuten\u00e7\u00e3o seja cont\u00ednua e que sejam realizadas novas reformas para melhorar a acessibilidade, o ordenamento e a seguran\u00e7a. O intuito, de acordo com a SEMAG, \u00e9 de que o espa\u00e7o possa servir para comemora\u00e7\u00e3o de datas festivas e tamb\u00e9m para a realiza\u00e7\u00e3o de a\u00e7\u00f5es de integra\u00e7\u00e3o social. \u201cVamos continuar trabalhando para melhorar o espa\u00e7o da Central de Atendimento, que deve atender as necessidades dos feirantes e tamb\u00e9m da popula\u00e7\u00e3o que circula diariamente nas \u00e1reas interna e externa. Estamos trabalhando para garantir essas melhorias\u201d, assegurou.<\/span><\/p>\n<p><img decoding=\"async\" src=\"https:\/\/www.alagoinhas.ba.gov.br\/wp-content\/uploads\/2018\/08\/WhatsApp-Image-2018-08-10-at-10.22.29-1-575x1024.jpeg\" \/><\/p>\n<h6 style=\"text-align: right;\"><span style=\"color: #999999;\">Fonte: SECOM SEMAG<\/span><\/h6>\n<div class='share-to-whatsapp-wrapper'><div class='share-on-whsp'>Share on: <\/div><a data-text='Manuten\u00e7\u00e3o na Central de Abastecimento: Prefeitura troca mais de 200 l\u00e2mpadas e melhora a ilumina\u00e7\u00e3o dos galp\u00f5es' data-link='https:\/\/newsinfoco.com.br\/inicio\/manutencao-na-central-de-abastecimento-prefeitura-troca-mais-de-200-lampadas-e-melhora-a-iluminacao-dos-galpoes\/' class='whatsapp-button whatsapp-share'>WhatsApp<\/a><div class='clear '><\/div><\/div>","protected":false},"excerpt":{"rendered":"<p>Quem for \u00e0 Central de Abastecimento de Alagoinhas neste final de semana vai notar uma mudan\u00e7a na ilumina\u00e7\u00e3o do local: \u00e9 que, atendendo \u00e0 solicita\u00e7\u00e3o de permission\u00e1rios e usu\u00e1rios, a Prefeitura Municipal, atrav\u00e9s da Secretaria de Agricultura (SEMAG), realizou mais um servi\u00e7o de manuten\u00e7\u00e3o e substituiu\u00a0mais de 200 l\u00e2mpadas queimadas, melhorando o sistema de ilumina\u00e7\u00e3o [&hellip;]<\/p>\n","protected":false},"author":1,"featured_media":8022,"comment_status":"open","ping_status":"open","sticky":false,"template":"","format":"standard","meta":{"om_disable_all_campaigns":false,"_exactmetrics_skip_tracking":false,"_exactmetrics_sitenote_active":false,"_exactmetrics_sitenote_note":"","_exactmetrics_sitenote_category":0,"footnotes":""},"categories":[38,30],"tags":[53,54,132],"class_list":["post-8021","post","type-post","status-publish","format-standard","has-post-thumbnail","hentry","category-alagoinhas-e-regiao","category-destaque","tag-alagoinhas","tag-prefeitura","tag-secom-semag"],"aioseo_notices":[],"_links":{"self":[{"href":"https:\/\/newsinfoco.com.br\/inicio\/wp-json\/wp\/v2\/posts\/8021","targetHints":{"allow":["GET"]}}],"collection":[{"href":"https:\/\/newsinfoco.com.br\/inicio\/wp-json\/wp\/v2\/posts"}],"about":[{"href":"https:\/\/newsinfoco.com.br\/inicio\/wp-json\/wp\/v2\/types\/post"}],"author":[{"embeddable":true,"href":"https:\/\/newsinfoco.com.br\/inicio\/wp-json\/wp\/v2\/users\/1"}],"replies":[{"embeddable":true,"href":"https:\/\/newsinfoco.com.br\/inicio\/wp-json\/wp\/v2\/comments?post=8021"}],"version-history":[{"count":0,"href":"https:\/\/newsinfoco.com.br\/inicio\/wp-json\/wp\/v2\/posts\/8021\/revisions"}],"wp:featuredmedia":[{"embeddable":true,"href":"https:\/\/newsinfoco.com.br\/inicio\/wp-json\/wp\/v2\/media\/8022"}],"wp:attachment":[{"href":"https:\/\/newsinfoco.com.br\/inicio\/wp-json\/wp\/v2\/media?parent=8021"}],"wp:term":[{"taxonomy":"category","embeddable":true,"href":"https:\/\/newsinfoco.com.br\/inicio\/wp-json\/wp\/v2\/categories?post=8021"},{"taxonomy":"post_tag","embeddable":true,"href":"https:\/\/newsinfoco.com.br\/inicio\/wp-json\/wp\/v2\/tags?post=8021"}],"curies":[{"name":"wp","href":"https:\/\/api.w.org\/{rel}","templated":true}]}}