{"id":8024,"date":"2018-08-10T14:21:43","date_gmt":"2018-08-10T17:21:43","guid":{"rendered":"http:\/\/newsinfoco.com.br\/?p=8024"},"modified":"2018-08-10T14:21:43","modified_gmt":"2018-08-10T17:21:43","slug":"o-conhecimento-nao-tem-preco-o-conhecimento-e-transformador-e-esta-fazendo-a-diferenca-na-minha-vida-na-minha-e-na-da-minha-familia-afirma-a-artesa-miriam-costa-apos-oficina-reali","status":"publish","type":"post","link":"https:\/\/newsinfoco.com.br\/inicio\/o-conhecimento-nao-tem-preco-o-conhecimento-e-transformador-e-esta-fazendo-a-diferenca-na-minha-vida-na-minha-e-na-da-minha-familia-afirma-a-artesa-miriam-costa-apos-oficina-reali\/","title":{"rendered":"\u201cO conhecimento n\u00e3o tem pre\u00e7o, o conhecimento \u00e9 transformador e est\u00e1 fazendo a diferen\u00e7a na minha vida. Na minha e na da minha fam\u00edlia\u201d, afirma a artes\u00e3 Miriam Costa ap\u00f3s oficina realizada na SEDEA"},"content":{"rendered":"<p style=\"text-align: justify;\">\n<p style=\"text-align: justify;\"><span style=\"color: #000000;\">Miriam Costa \u00e9 uma entre as 419 pessoas que participaram das oficinas do PREPARE-SE, realizadas pela Prefeitura Municipal atrav\u00e9s da Secretaria Municipal de Desenvolvimento e Meio Ambiente (SEDEA) este ano.<\/span><\/p>\n<p style=\"text-align: justify;\"><span style=\"color: #000000;\">Nesta quinta-feira (9), ela se juntou a outras 20 pessoas para mais uma oficina realizada gratuitamente na sede da secretaria. O resultado, ap\u00f3s horas compartilhando conhecimentos e aprendendo novas t\u00e9cnicas com a esteticista Aline Calmon, da SPA Depil, n\u00e3o poderia ter sido diferente: satisfa\u00e7\u00e3o garantida.<\/span><\/p>\n<p style=\"text-align: justify;\"><span style=\"color: #000000;\">\u201cO conhecimento n\u00e3o tem pre\u00e7o, o conhecimento \u00e9 transformador e est\u00e1 fazendo a diferen\u00e7a na minha vida. Na minha e na da minha fam\u00edlia. Estou instigando todo mundo. Est\u00e1 maravilhoso\u201d, pontuou.<\/span><\/p><div class=\"newsi-conteudo_19\" id=\"newsi-1827360980\"><a href=\"https:\/\/www.instagram.com\/prefeituraalagoinhas?igsh=YzgzdDJ1bWR3aWI4\" aria-label=\"SAVE_20251006_221555\"><img loading=\"lazy\" decoding=\"async\" src=\"https:\/\/newsinfoco.com.br\/inicio\/wp-content\/uploads\/2025\/10\/SAVE_20251006_221555-rotated.jpg\" alt=\"\"  srcset=\"https:\/\/newsinfoco.com.br\/inicio\/wp-content\/uploads\/2025\/10\/SAVE_20251006_221555-rotated.jpg 1140w, https:\/\/newsinfoco.com.br\/inicio\/wp-content\/uploads\/2025\/10\/SAVE_20251006_221555-300x52.jpg 300w, https:\/\/newsinfoco.com.br\/inicio\/wp-content\/uploads\/2025\/10\/SAVE_20251006_221555-1024x177.jpg 1024w, https:\/\/newsinfoco.com.br\/inicio\/wp-content\/uploads\/2025\/10\/SAVE_20251006_221555-768x133.jpg 768w, https:\/\/newsinfoco.com.br\/inicio\/wp-content\/uploads\/2025\/10\/SAVE_20251006_221555-600x104.jpg 600w, https:\/\/newsinfoco.com.br\/inicio\/wp-content\/uploads\/2025\/10\/SAVE_20251006_221555-696x120.jpg 696w, https:\/\/newsinfoco.com.br\/inicio\/wp-content\/uploads\/2025\/10\/SAVE_20251006_221555-1068x185.jpg 1068w\" sizes=\"(max-width: 1140px) 100vw, 1140px\" width=\"1140\" height=\"197\"   \/><\/a><\/div>\n<p style=\"text-align: justify;\"><span style=\"color: #000000;\">N\u00e3o \u00e9 a primeira vez que Miriam Costa aproveita o curso da SEDEA. A artes\u00e3 j\u00e1 participou de pelo menos 5 atividades de qualifica\u00e7\u00e3o ministradas pela secretaria, e pretende continuar se profissionalizando. \u201cA oportunidade que nos \u00e9 dada atrav\u00e9s dessas oficinas, al\u00e9m de ampliar a nossa mente, tamb\u00e9m nos permite ir mais longe e fazer aquilo que a gente realmente gosta\u201d, enfatizou.<\/span><\/p>\n<p style=\"text-align: justify;\"><span style=\"color: #000000;\">Miriam encontrou uma forma de enxergar satisfa\u00e7\u00e3o pessoal na profiss\u00e3o. Trabalha hoje com artesanato e faz, como diria o bom baian\u00eas, \u201cde um tudo\u201d: de sapatinho de crian\u00e7a a bolsas, almofadas e pe\u00e7as feitas \u00e0 m\u00e3o. E a SEDEA continua incentivando profissionais como ela n\u00e3o apenas para que desenvolvam o pr\u00f3prio neg\u00f3cio, mas de modo que ampliem as perspectivas de crescimento e comercializa\u00e7\u00e3o.<\/span><\/p>\n<p style=\"text-align: justify;\"><span style=\"color: #000000;\">Desde o in\u00edcio do ano passado, a secretaria tem investido na qualifica\u00e7\u00e3o profissional como forma de incentivar o empreendedorismo. Na \u00faltima semana, a equipe t\u00e9cnica levou uma oficina de automaquiagem para a Associa\u00e7\u00e3o Comunit\u00e1ria do Alto Sagrado Cora\u00e7\u00e3o de Jesus, no Mangal\u00f4, e tem realizado, semanalmente, atividades profissionalizantes gratuitas de \u00e1reas variadas para os interessados em desenvolver novas habilidades.<\/span><\/p>\n<p style=\"text-align: justify;\"><span style=\"color: #000000;\">\u201cNo atual cen\u00e1rio econ\u00f4mico, est\u00e1 cada vez mais dif\u00edcil trabalhar com emprego de carteira assinada. Por isso, \u00e9 importante que o munic\u00edpio incentive outras formas de desenvolvimento. O que a SEDEA tem feito \u00e9 justamente isso. Temos trabalhado para abrir novas portas em termos de conhecimento e para proporcionar ferramentas eficientes que ajudem a criar um ambiente favor\u00e1vel ao desenvolvimento de iniciativas empreendedoras\u201d, afirmou o secret\u00e1rio da pasta, Jos\u00e9 Ed\u00e9sio Cardoso.<\/span><\/p>\n<p style=\"text-align: justify;\"><span style=\"color: #000000;\">S\u00f3 entre abril de 2017 e julho de 2018, 1548 pessoas participaram das a\u00e7\u00f5es desenvolvidas pela SEDEA e receberam o certificado de qualifica\u00e7\u00e3o. A previs\u00e3o, segundo a secretaria, \u00e9 de que as atividades sejam cont\u00ednuas, com calend\u00e1rio divulgado mensalmente.<\/span><\/p>\n<p style=\"text-align: justify;\"><span style=\"color: #000000;\">Qualquer pessoa com mais de 16 anos pode participar. Para fazer o cadastro, basta se dirigir \u00e0 sede da SEDEA, que fica na Rua Soror Joana Ang\u00e9lica, acima do pr\u00e9dio da L\u00e2mpada. \u00c9 preciso apresentar documento de identidade e comprovante de resid\u00eancia. As oficinas s\u00e3o gratuitas.<\/span><\/p>\n<p style=\"text-align: justify;\"><span style=\"color: #000000;\">Confira as pr\u00f3ximas atividades programadas atrav\u00e9s do link:\u00a0<a style=\"color: #000000;\" href=\"https:\/\/www.alagoinhas.ba.gov.br\/index.php\/confira-a-programacao-das-oficinas-do-programa-prepare-se-para-este-mes\/\">https:\/\/www.alagoinhas.ba.gov.br\/index.php\/confira-a-programacao-das-oficinas-do-programa-prepare-se-para-este-mes\/<\/a>.<\/span><\/p>\n<h6 style=\"text-align: right;\"><span style=\"color: #999999;\">Fonte: SECOM SEDEA<\/span><\/h6>\n<div class='share-to-whatsapp-wrapper'><div class='share-on-whsp'>Share on: <\/div><a data-text='\u201cO conhecimento n\u00e3o tem pre\u00e7o, o conhecimento \u00e9 transformador e est\u00e1 fazendo a diferen\u00e7a na minha vida. Na minha e na da minha fam\u00edlia\u201d, afirma a artes\u00e3 Miriam Costa ap\u00f3s oficina realizada na SEDEA' data-link='https:\/\/newsinfoco.com.br\/inicio\/o-conhecimento-nao-tem-preco-o-conhecimento-e-transformador-e-esta-fazendo-a-diferenca-na-minha-vida-na-minha-e-na-da-minha-familia-afirma-a-artesa-miriam-costa-apos-oficina-reali\/' class='whatsapp-button whatsapp-share'>WhatsApp<\/a><div class='clear '><\/div><\/div>","protected":false},"excerpt":{"rendered":"<p>Miriam Costa \u00e9 uma entre as 419 pessoas que participaram das oficinas do PREPARE-SE, realizadas pela Prefeitura Municipal atrav\u00e9s da Secretaria Municipal de Desenvolvimento e Meio Ambiente (SEDEA) este ano. Nesta quinta-feira (9), ela se juntou a outras 20 pessoas para mais uma oficina realizada gratuitamente na sede da secretaria. O resultado, ap\u00f3s horas compartilhando [&hellip;]<\/p>\n","protected":false},"author":1,"featured_media":8025,"comment_status":"open","ping_status":"open","sticky":false,"template":"","format":"standard","meta":{"om_disable_all_campaigns":false,"_exactmetrics_skip_tracking":false,"_exactmetrics_sitenote_active":false,"_exactmetrics_sitenote_note":"","_exactmetrics_sitenote_category":0,"footnotes":""},"categories":[38,30],"tags":[53,54,130],"class_list":["post-8024","post","type-post","status-publish","format-standard","has-post-thumbnail","hentry","category-alagoinhas-e-regiao","category-destaque","tag-alagoinhas","tag-prefeitura","tag-secom-sedea"],"aioseo_notices":[],"_links":{"self":[{"href":"https:\/\/newsinfoco.com.br\/inicio\/wp-json\/wp\/v2\/posts\/8024","targetHints":{"allow":["GET"]}}],"collection":[{"href":"https:\/\/newsinfoco.com.br\/inicio\/wp-json\/wp\/v2\/posts"}],"about":[{"href":"https:\/\/newsinfoco.com.br\/inicio\/wp-json\/wp\/v2\/types\/post"}],"author":[{"embeddable":true,"href":"https:\/\/newsinfoco.com.br\/inicio\/wp-json\/wp\/v2\/users\/1"}],"replies":[{"embeddable":true,"href":"https:\/\/newsinfoco.com.br\/inicio\/wp-json\/wp\/v2\/comments?post=8024"}],"version-history":[{"count":0,"href":"https:\/\/newsinfoco.com.br\/inicio\/wp-json\/wp\/v2\/posts\/8024\/revisions"}],"wp:featuredmedia":[{"embeddable":true,"href":"https:\/\/newsinfoco.com.br\/inicio\/wp-json\/wp\/v2\/media\/8025"}],"wp:attachment":[{"href":"https:\/\/newsinfoco.com.br\/inicio\/wp-json\/wp\/v2\/media?parent=8024"}],"wp:term":[{"taxonomy":"category","embeddable":true,"href":"https:\/\/newsinfoco.com.br\/inicio\/wp-json\/wp\/v2\/categories?post=8024"},{"taxonomy":"post_tag","embeddable":true,"href":"https:\/\/newsinfoco.com.br\/inicio\/wp-json\/wp\/v2\/tags?post=8024"}],"curies":[{"name":"wp","href":"https:\/\/api.w.org\/{rel}","templated":true}]}}