{"id":8031,"date":"2018-08-10T18:34:00","date_gmt":"2018-08-10T21:34:00","guid":{"rendered":"http:\/\/newsinfoco.com.br\/?p=8031"},"modified":"2018-08-10T18:34:00","modified_gmt":"2018-08-10T21:34:00","slug":"cras-de-alagoinhas-promovem-atividades-especiais-nesta-sexta-feira-10","status":"publish","type":"post","link":"https:\/\/newsinfoco.com.br\/inicio\/cras-de-alagoinhas-promovem-atividades-especiais-nesta-sexta-feira-10\/","title":{"rendered":"CRAS de Alagoinhas promovem atividades especiais nesta sexta-feira (10)"},"content":{"rendered":"<p style=\"text-align: justify;\"><span style=\"color: #000000;\">Os Centros de Refer\u00eancias de Assist\u00eancia Social (CRAS) de Alagoinhas realizaram atividades especiais nesta sexta-feira (10). Abordando o tema \u2018G\u00eanero\u2019com o grupo de adolescentes os orientadores provocaram a discuss\u00e3o sobre como a as quest\u00f5es de g\u00eanero tem alterado as rela\u00e7\u00f5es e o modo como as pessoas lidam umas com as outras. A roda de conversa foi formada no Riacho da Guia.<\/span><\/p>\n<p style=\"text-align: justify;\"><span style=\"color: #000000;\">J\u00e1 em Boa Uni\u00e3o as crian\u00e7as assistiram ao clipe \u2018Quem Ama Abra\u00e7a\u2019, fomentando a preven\u00e7\u00e3o \u00e0 viol\u00eancia contra mulher. A atividade faz parte do resgate de viv\u00eancias, valorizando as manifesta\u00e7\u00f5es atrav\u00e9s da cultura popular do territ\u00f3rio. Enquanto na Pra\u00e7a do CEU o projeto Sala de Espera realizou atendimentos para as fam\u00edlias assistidas.<\/span><\/p><div class=\"newsi-conteudo_19\" id=\"newsi-624823338\"><a href=\"https:\/\/www.instagram.com\/prefeituraalagoinhas?igsh=YzgzdDJ1bWR3aWI4\" aria-label=\"SAVE_20251006_221555\"><img loading=\"lazy\" decoding=\"async\" src=\"https:\/\/newsinfoco.com.br\/inicio\/wp-content\/uploads\/2025\/10\/SAVE_20251006_221555-rotated.jpg\" alt=\"\"  srcset=\"https:\/\/newsinfoco.com.br\/inicio\/wp-content\/uploads\/2025\/10\/SAVE_20251006_221555-rotated.jpg 1140w, https:\/\/newsinfoco.com.br\/inicio\/wp-content\/uploads\/2025\/10\/SAVE_20251006_221555-300x52.jpg 300w, https:\/\/newsinfoco.com.br\/inicio\/wp-content\/uploads\/2025\/10\/SAVE_20251006_221555-1024x177.jpg 1024w, https:\/\/newsinfoco.com.br\/inicio\/wp-content\/uploads\/2025\/10\/SAVE_20251006_221555-768x133.jpg 768w, https:\/\/newsinfoco.com.br\/inicio\/wp-content\/uploads\/2025\/10\/SAVE_20251006_221555-600x104.jpg 600w, https:\/\/newsinfoco.com.br\/inicio\/wp-content\/uploads\/2025\/10\/SAVE_20251006_221555-696x120.jpg 696w, https:\/\/newsinfoco.com.br\/inicio\/wp-content\/uploads\/2025\/10\/SAVE_20251006_221555-1068x185.jpg 1068w\" sizes=\"(max-width: 1140px) 100vw, 1140px\" width=\"1140\" height=\"197\"   \/><\/a><\/div>\n<p style=\"text-align: justify;\"><span style=\"color: #000000;\">Dando continuidade ao Agosto Lil\u00e1s o CRAS de Nova Bras\u00edlia colaborou com o fortalecimento da rede sobre a perspectiva de prevenir e enfrentar a viol\u00eancia contra mulher. A atividade possibilitou a apresenta\u00e7\u00e3o da rede de prote\u00e7\u00e3o e atendimento \u00e0 mulher, al\u00e9m de orienta\u00e7\u00f5es para as mulheres sobre a Lei Maria da Penha.<\/span><\/p>\n<p style=\"text-align: right;\">Fonte: SECOM<\/p>\n<div style=\"text-align: justify;\" align=\"right\"><\/div>\n<div class='share-to-whatsapp-wrapper'><div class='share-on-whsp'>Share on: <\/div><a data-text='CRAS de Alagoinhas promovem atividades especiais nesta sexta-feira (10)' data-link='https:\/\/newsinfoco.com.br\/inicio\/cras-de-alagoinhas-promovem-atividades-especiais-nesta-sexta-feira-10\/' class='whatsapp-button whatsapp-share'>WhatsApp<\/a><div class='clear '><\/div><\/div>","protected":false},"excerpt":{"rendered":"<p>Os Centros de Refer\u00eancias de Assist\u00eancia Social (CRAS) de Alagoinhas realizaram atividades especiais nesta sexta-feira (10). Abordando o tema \u2018G\u00eanero\u2019com o grupo de adolescentes os orientadores provocaram a discuss\u00e3o sobre como a as quest\u00f5es de g\u00eanero tem alterado as rela\u00e7\u00f5es e o modo como as pessoas lidam umas com as outras. A roda de conversa [&hellip;]<\/p>\n","protected":false},"author":1,"featured_media":8032,"comment_status":"open","ping_status":"open","sticky":false,"template":"","format":"standard","meta":{"om_disable_all_campaigns":false,"_exactmetrics_skip_tracking":false,"_exactmetrics_sitenote_active":false,"_exactmetrics_sitenote_note":"","_exactmetrics_sitenote_category":0,"footnotes":""},"categories":[38,30],"tags":[53,54,56],"class_list":["post-8031","post","type-post","status-publish","format-standard","has-post-thumbnail","hentry","category-alagoinhas-e-regiao","category-destaque","tag-alagoinhas","tag-prefeitura","tag-secom"],"aioseo_notices":[],"_links":{"self":[{"href":"https:\/\/newsinfoco.com.br\/inicio\/wp-json\/wp\/v2\/posts\/8031","targetHints":{"allow":["GET"]}}],"collection":[{"href":"https:\/\/newsinfoco.com.br\/inicio\/wp-json\/wp\/v2\/posts"}],"about":[{"href":"https:\/\/newsinfoco.com.br\/inicio\/wp-json\/wp\/v2\/types\/post"}],"author":[{"embeddable":true,"href":"https:\/\/newsinfoco.com.br\/inicio\/wp-json\/wp\/v2\/users\/1"}],"replies":[{"embeddable":true,"href":"https:\/\/newsinfoco.com.br\/inicio\/wp-json\/wp\/v2\/comments?post=8031"}],"version-history":[{"count":0,"href":"https:\/\/newsinfoco.com.br\/inicio\/wp-json\/wp\/v2\/posts\/8031\/revisions"}],"wp:featuredmedia":[{"embeddable":true,"href":"https:\/\/newsinfoco.com.br\/inicio\/wp-json\/wp\/v2\/media\/8032"}],"wp:attachment":[{"href":"https:\/\/newsinfoco.com.br\/inicio\/wp-json\/wp\/v2\/media?parent=8031"}],"wp:term":[{"taxonomy":"category","embeddable":true,"href":"https:\/\/newsinfoco.com.br\/inicio\/wp-json\/wp\/v2\/categories?post=8031"},{"taxonomy":"post_tag","embeddable":true,"href":"https:\/\/newsinfoco.com.br\/inicio\/wp-json\/wp\/v2\/tags?post=8031"}],"curies":[{"name":"wp","href":"https:\/\/api.w.org\/{rel}","templated":true}]}}