{"id":8035,"date":"2018-08-11T18:27:56","date_gmt":"2018-08-11T21:27:56","guid":{"rendered":"http:\/\/newsinfoco.com.br\/?p=8035"},"modified":"2018-08-11T18:27:56","modified_gmt":"2018-08-11T21:27:56","slug":"alagoinhas-homem-e-baleado-na-baixa-da-santinha","status":"publish","type":"post","link":"https:\/\/newsinfoco.com.br\/inicio\/alagoinhas-homem-e-baleado-na-baixa-da-santinha\/","title":{"rendered":"Alagoinhas: Homem \u00e9 baleado na Baixa da Santinha"},"content":{"rendered":"<p style=\"text-align: justify;\">Hoje(11), por volta das 12:30, um homem foi baleado na Baixa da Santinha, em Alagoinhas.<\/p>\n<p style=\"text-align: justify;\">A v\u00edtima identificada como Gabriel Lima Xavier foi atingido por diversos disparos na regi\u00e3o do abd\u00f4men, bra\u00e7o e na m\u00e3o esquerda. A autoria do crime \u00e9 creditada pelas autoridades policiais a um indiv\u00edduo conhecido pelo vulgo de &#8220;Tubar\u00e3o do FM&#8221;.<\/p><div class=\"newsi-conteudo_19\" id=\"newsi-2174048147\"><a href=\"https:\/\/www.instagram.com\/prefeituraalagoinhas?igsh=YzgzdDJ1bWR3aWI4\" aria-label=\"SAVE_20251006_221555\"><img loading=\"lazy\" decoding=\"async\" src=\"https:\/\/newsinfoco.com.br\/inicio\/wp-content\/uploads\/2025\/10\/SAVE_20251006_221555-rotated.jpg\" alt=\"\"  srcset=\"https:\/\/newsinfoco.com.br\/inicio\/wp-content\/uploads\/2025\/10\/SAVE_20251006_221555-rotated.jpg 1140w, https:\/\/newsinfoco.com.br\/inicio\/wp-content\/uploads\/2025\/10\/SAVE_20251006_221555-300x52.jpg 300w, https:\/\/newsinfoco.com.br\/inicio\/wp-content\/uploads\/2025\/10\/SAVE_20251006_221555-1024x177.jpg 1024w, https:\/\/newsinfoco.com.br\/inicio\/wp-content\/uploads\/2025\/10\/SAVE_20251006_221555-768x133.jpg 768w, https:\/\/newsinfoco.com.br\/inicio\/wp-content\/uploads\/2025\/10\/SAVE_20251006_221555-600x104.jpg 600w, https:\/\/newsinfoco.com.br\/inicio\/wp-content\/uploads\/2025\/10\/SAVE_20251006_221555-696x120.jpg 696w, https:\/\/newsinfoco.com.br\/inicio\/wp-content\/uploads\/2025\/10\/SAVE_20251006_221555-1068x185.jpg 1068w\" sizes=\"(max-width: 1140px) 100vw, 1140px\" width=\"1140\" height=\"197\"   \/><\/a><\/div>\n<p style=\"text-align: justify;\">Apesar dos disparos, Gabriel n\u00e3o veio a \u00f3bito e segue em observa\u00e7\u00e3o m\u00e9dica.<\/p>\n<p style=\"text-align: justify;\">A policia classificou a a\u00e7\u00e3o delituosa como sendo uma tentativa de homic\u00eddio e est\u00e1 a procura do autor dos disparos.<\/p>\n<h6 style=\"text-align: right;\"><span style=\"color: #999999;\">Por Caio Pimenta para o News Infoco<\/span><\/h6>\n<div class='share-to-whatsapp-wrapper'><div class='share-on-whsp'>Share on: <\/div><a data-text='Alagoinhas: Homem \u00e9 baleado na Baixa da Santinha' data-link='https:\/\/newsinfoco.com.br\/inicio\/alagoinhas-homem-e-baleado-na-baixa-da-santinha\/' class='whatsapp-button whatsapp-share'>WhatsApp<\/a><div class='clear '><\/div><\/div>","protected":false},"excerpt":{"rendered":"<p>Hoje(11), por volta das 12:30, um homem foi baleado na Baixa da Santinha, em Alagoinhas. A v\u00edtima identificada como Gabriel Lima Xavier foi atingido por diversos disparos na regi\u00e3o do abd\u00f4men, bra\u00e7o e na m\u00e3o esquerda. A autoria do crime \u00e9 creditada pelas autoridades policiais a um indiv\u00edduo conhecido pelo vulgo de &#8220;Tubar\u00e3o do FM&#8221;. [&hellip;]<\/p>\n","protected":false},"author":1,"featured_media":6852,"comment_status":"open","ping_status":"open","sticky":false,"template":"","format":"standard","meta":{"om_disable_all_campaigns":false,"_exactmetrics_skip_tracking":false,"_exactmetrics_sitenote_active":false,"_exactmetrics_sitenote_note":"","_exactmetrics_sitenote_category":0,"footnotes":""},"categories":[38,30],"tags":[],"class_list":["post-8035","post","type-post","status-publish","format-standard","has-post-thumbnail","hentry","category-alagoinhas-e-regiao","category-destaque"],"aioseo_notices":[],"_links":{"self":[{"href":"https:\/\/newsinfoco.com.br\/inicio\/wp-json\/wp\/v2\/posts\/8035","targetHints":{"allow":["GET"]}}],"collection":[{"href":"https:\/\/newsinfoco.com.br\/inicio\/wp-json\/wp\/v2\/posts"}],"about":[{"href":"https:\/\/newsinfoco.com.br\/inicio\/wp-json\/wp\/v2\/types\/post"}],"author":[{"embeddable":true,"href":"https:\/\/newsinfoco.com.br\/inicio\/wp-json\/wp\/v2\/users\/1"}],"replies":[{"embeddable":true,"href":"https:\/\/newsinfoco.com.br\/inicio\/wp-json\/wp\/v2\/comments?post=8035"}],"version-history":[{"count":0,"href":"https:\/\/newsinfoco.com.br\/inicio\/wp-json\/wp\/v2\/posts\/8035\/revisions"}],"wp:featuredmedia":[{"embeddable":true,"href":"https:\/\/newsinfoco.com.br\/inicio\/wp-json\/wp\/v2\/media\/6852"}],"wp:attachment":[{"href":"https:\/\/newsinfoco.com.br\/inicio\/wp-json\/wp\/v2\/media?parent=8035"}],"wp:term":[{"taxonomy":"category","embeddable":true,"href":"https:\/\/newsinfoco.com.br\/inicio\/wp-json\/wp\/v2\/categories?post=8035"},{"taxonomy":"post_tag","embeddable":true,"href":"https:\/\/newsinfoco.com.br\/inicio\/wp-json\/wp\/v2\/tags?post=8035"}],"curies":[{"name":"wp","href":"https:\/\/api.w.org\/{rel}","templated":true}]}}