{"id":8037,"date":"2018-08-11T19:10:41","date_gmt":"2018-08-11T22:10:41","guid":{"rendered":"http:\/\/newsinfoco.com.br\/?p=8037"},"modified":"2018-08-12T22:09:55","modified_gmt":"2018-08-13T01:09:55","slug":"postos-de-saude-de-alagoinhas-disponibilizam-vacina-em-apenas-um-turno-maes-reclamam","status":"publish","type":"post","link":"https:\/\/newsinfoco.com.br\/inicio\/postos-de-saude-de-alagoinhas-disponibilizam-vacina-em-apenas-um-turno-maes-reclamam\/","title":{"rendered":"Postos de Sa\u00fade de Alagoinhas disponibilizam vacina em apenas um turno; m\u00e3es reclamam"},"content":{"rendered":"<p style=\"text-align: justify;\">A Campanha Nacional de Vacina\u00e7\u00e3o contra poliomielite e sarampo que come\u00e7ou dia 6 de agosto e vai at\u00e9 o dia 31 est\u00e1 ocorrendo em todos os postos de sa\u00fade de Alagoinhas, por\u00e9m o servi\u00e7o tem gerado cr\u00edticas de v\u00e1rias m\u00e3es. Isso porque a vacina\u00e7\u00e3o s\u00f3 est\u00e1 ocorrendo nos postos em apenas um turno, pela manh\u00e3. Quem trabalha pela manh\u00e3, ou tem filho na escola nesse turno tem passado dificuldades.<\/p>\n<p style=\"text-align: justify;\">As m\u00e3es tem que abrir m\u00e3o de um dia de trabalho ou n\u00e3o levar o filho na escola para promover a vacina\u00e7\u00e3o e isso tem gerado cr\u00edticas \u00e0 secretaria de sa\u00fade do munic\u00edpio.<\/p><div class=\"newsi-conteudo_19\" id=\"newsi-2664015312\"><a href=\"https:\/\/www.instagram.com\/prefeituraalagoinhas?igsh=YzgzdDJ1bWR3aWI4\" aria-label=\"SAVE_20251006_221555\"><img loading=\"lazy\" decoding=\"async\" src=\"https:\/\/newsinfoco.com.br\/inicio\/wp-content\/uploads\/2025\/10\/SAVE_20251006_221555-rotated.jpg\" alt=\"\"  srcset=\"https:\/\/newsinfoco.com.br\/inicio\/wp-content\/uploads\/2025\/10\/SAVE_20251006_221555-rotated.jpg 1140w, https:\/\/newsinfoco.com.br\/inicio\/wp-content\/uploads\/2025\/10\/SAVE_20251006_221555-300x52.jpg 300w, https:\/\/newsinfoco.com.br\/inicio\/wp-content\/uploads\/2025\/10\/SAVE_20251006_221555-1024x177.jpg 1024w, https:\/\/newsinfoco.com.br\/inicio\/wp-content\/uploads\/2025\/10\/SAVE_20251006_221555-768x133.jpg 768w, https:\/\/newsinfoco.com.br\/inicio\/wp-content\/uploads\/2025\/10\/SAVE_20251006_221555-600x104.jpg 600w, https:\/\/newsinfoco.com.br\/inicio\/wp-content\/uploads\/2025\/10\/SAVE_20251006_221555-696x120.jpg 696w, https:\/\/newsinfoco.com.br\/inicio\/wp-content\/uploads\/2025\/10\/SAVE_20251006_221555-1068x185.jpg 1068w\" sizes=\"(max-width: 1140px) 100vw, 1140px\" width=\"1140\" height=\"197\"   \/><\/a><\/div>\n<p style=\"text-align: justify;\">Na \u00faltima quinta-feira(09), durante a sess\u00e3o na c\u00e2mara de vereadores, a vereadora Raimundo Florencio(PSD) abordou a quest\u00e3o e criticou a administra\u00e7\u00e3o municipal refor\u00e7ando as criticas das m\u00e3es. Ela tamb\u00e9m alertou para a falta de seguran\u00e7a dos postos de sa\u00fade na cidade.<\/p>\n<p style=\"text-align: justify;\">No \u00faltimo dia 02, m\u00e9dico e pacientes do posto de sa\u00fade do 21 de setembro foram assaltados em plena luz do dia por marginais.<\/p>\n<p style=\"text-align: justify;\">Hoje(12) a secretaria de comunica\u00e7\u00e3o da prefeitura de Alagoinhas enviou uma nota esclarecendo que as salas de vacinas das Unidades de Sa\u00fade da Fam\u00edlia (USF) trabalham em rotinas organizadas que atendem a contento as necessidades da comunidade.<\/p>\n<p style=\"text-align: justify;\">De acordo com a Secretaria Municipal de Sa\u00fade o acompanhamento e fiscaliza\u00e7\u00e3o do servi\u00e7o e suas rotinas s\u00e3o feitos rigorosamente com seguran\u00e7a na realiza\u00e7\u00e3o dos procedimentos e controle dos riscos de infec\u00e7\u00e3o.<\/p>\n<p><span style=\"color: #ff0000;\">*Mat\u00e9ria atualizada as 22:09 do dia 12\/08\/2018<\/span><\/p>\n<h6 style=\"text-align: right;\"><span style=\"color: #999999;\">Por Caio Pimenta para o News Infoco<\/span><\/h6>\n<div class='share-to-whatsapp-wrapper'><div class='share-on-whsp'>Share on: <\/div><a data-text='Postos de Sa\u00fade de Alagoinhas disponibilizam vacina em apenas um turno; m\u00e3es reclamam' data-link='https:\/\/newsinfoco.com.br\/inicio\/postos-de-saude-de-alagoinhas-disponibilizam-vacina-em-apenas-um-turno-maes-reclamam\/' class='whatsapp-button whatsapp-share'>WhatsApp<\/a><div class='clear '><\/div><\/div>","protected":false},"excerpt":{"rendered":"<p>A Campanha Nacional de Vacina\u00e7\u00e3o contra poliomielite e sarampo que come\u00e7ou dia 6 de agosto e vai at\u00e9 o dia 31 est\u00e1 ocorrendo em todos os postos de sa\u00fade de Alagoinhas, por\u00e9m o servi\u00e7o tem gerado cr\u00edticas de v\u00e1rias m\u00e3es. Isso porque a vacina\u00e7\u00e3o s\u00f3 est\u00e1 ocorrendo nos postos em apenas um turno, pela manh\u00e3. [&hellip;]<\/p>\n","protected":false},"author":1,"featured_media":8038,"comment_status":"open","ping_status":"open","sticky":false,"template":"","format":"standard","meta":{"om_disable_all_campaigns":false,"_exactmetrics_skip_tracking":false,"_exactmetrics_sitenote_active":false,"_exactmetrics_sitenote_note":"","_exactmetrics_sitenote_category":0,"footnotes":""},"categories":[38,30],"tags":[],"class_list":["post-8037","post","type-post","status-publish","format-standard","has-post-thumbnail","hentry","category-alagoinhas-e-regiao","category-destaque"],"aioseo_notices":[],"_links":{"self":[{"href":"https:\/\/newsinfoco.com.br\/inicio\/wp-json\/wp\/v2\/posts\/8037","targetHints":{"allow":["GET"]}}],"collection":[{"href":"https:\/\/newsinfoco.com.br\/inicio\/wp-json\/wp\/v2\/posts"}],"about":[{"href":"https:\/\/newsinfoco.com.br\/inicio\/wp-json\/wp\/v2\/types\/post"}],"author":[{"embeddable":true,"href":"https:\/\/newsinfoco.com.br\/inicio\/wp-json\/wp\/v2\/users\/1"}],"replies":[{"embeddable":true,"href":"https:\/\/newsinfoco.com.br\/inicio\/wp-json\/wp\/v2\/comments?post=8037"}],"version-history":[{"count":0,"href":"https:\/\/newsinfoco.com.br\/inicio\/wp-json\/wp\/v2\/posts\/8037\/revisions"}],"wp:featuredmedia":[{"embeddable":true,"href":"https:\/\/newsinfoco.com.br\/inicio\/wp-json\/wp\/v2\/media\/8038"}],"wp:attachment":[{"href":"https:\/\/newsinfoco.com.br\/inicio\/wp-json\/wp\/v2\/media?parent=8037"}],"wp:term":[{"taxonomy":"category","embeddable":true,"href":"https:\/\/newsinfoco.com.br\/inicio\/wp-json\/wp\/v2\/categories?post=8037"},{"taxonomy":"post_tag","embeddable":true,"href":"https:\/\/newsinfoco.com.br\/inicio\/wp-json\/wp\/v2\/tags?post=8037"}],"curies":[{"name":"wp","href":"https:\/\/api.w.org\/{rel}","templated":true}]}}