{"id":8049,"date":"2018-08-11T21:19:07","date_gmt":"2018-08-12T00:19:07","guid":{"rendered":"http:\/\/newsinfoco.com.br\/?p=8049"},"modified":"2018-08-11T21:19:07","modified_gmt":"2018-08-12T00:19:07","slug":"bahia-vence-o-america-mg-na-fonte-nova-e-vai-para-a-11o-colocacao-no-brasileirao","status":"publish","type":"post","link":"https:\/\/newsinfoco.com.br\/inicio\/bahia-vence-o-america-mg-na-fonte-nova-e-vai-para-a-11o-colocacao-no-brasileirao\/","title":{"rendered":"Bahia vence o Am\u00e9rica-MG na Fonte Nova e vai para a 11\u00ba coloca\u00e7\u00e3o no Brasileir\u00e3o"},"content":{"rendered":"<p style=\"text-align: justify;\">O Bahia venceu o Am\u00e9rica-MG na noite deste s\u00e1bado(11) por 1&#215;0. O jogo realizado na Arena Fonte Nova teve um p\u00fablico de 19.100 torcedores que assistiu a vit\u00f3ria tricolor.<\/p>\n<p style=\"text-align: justify;\">O Bahia mostrou que dentro de casa \u00e9 um advers\u00e1rio a ser respeitado e come\u00e7ou a partida impondo seu ritmo de jogo, enquanto o Amercia-MG c<span class=\"lance__item__content__detalhe__descricao\">ercava e tentava fechar os espa\u00e7os.<\/span><\/p><div class=\"newsi-conteudo_19\" id=\"newsi-2687796622\"><a href=\"https:\/\/www.instagram.com\/prefeituraalagoinhas?igsh=YzgzdDJ1bWR3aWI4\" aria-label=\"SAVE_20251006_221555\"><img loading=\"lazy\" decoding=\"async\" src=\"https:\/\/newsinfoco.com.br\/inicio\/wp-content\/uploads\/2025\/10\/SAVE_20251006_221555-rotated.jpg\" alt=\"\"  srcset=\"https:\/\/newsinfoco.com.br\/inicio\/wp-content\/uploads\/2025\/10\/SAVE_20251006_221555-rotated.jpg 1140w, https:\/\/newsinfoco.com.br\/inicio\/wp-content\/uploads\/2025\/10\/SAVE_20251006_221555-300x52.jpg 300w, https:\/\/newsinfoco.com.br\/inicio\/wp-content\/uploads\/2025\/10\/SAVE_20251006_221555-1024x177.jpg 1024w, https:\/\/newsinfoco.com.br\/inicio\/wp-content\/uploads\/2025\/10\/SAVE_20251006_221555-768x133.jpg 768w, https:\/\/newsinfoco.com.br\/inicio\/wp-content\/uploads\/2025\/10\/SAVE_20251006_221555-600x104.jpg 600w, https:\/\/newsinfoco.com.br\/inicio\/wp-content\/uploads\/2025\/10\/SAVE_20251006_221555-696x120.jpg 696w, https:\/\/newsinfoco.com.br\/inicio\/wp-content\/uploads\/2025\/10\/SAVE_20251006_221555-1068x185.jpg 1068w\" sizes=\"(max-width: 1140px) 100vw, 1140px\" width=\"1140\" height=\"197\"   \/><\/a><\/div>\n<p style=\"text-align: justify;\">A primeira etapa permaneceu 0x0 em um jogo bastante equilibrado, com uma leve vantagem para o tricolor baiano.<\/p>\n<p style=\"text-align: justify;\">No segundo tempo, o America-MG tentou emplacar um modelo mais ofensivo de jogo e o t\u00e9cnico Ad\u00edlson Batista substituiu o volante Wesley pelo atacante Judivan.<\/p>\n<p style=\"text-align: justify;\">Mas aos 9 minutos da segunda etapa quem inaugura o marcador \u00e9 o Bahia. <span class=\"lance__item__content__detalhe__descricao\">Tiago ganha da defesa do Am\u00e9rica-MG no alto e testa para o gol. Jo\u00e3o Ricardo, o goleiro do America-MG, mostra reflexo e espalma, mas Gilberto aparece para o rebote e completa para o gol.\u00a0 Bahia 1&#215;0 Amercia-MG.<\/span><\/p>\n<p style=\"text-align: justify;\"><span class=\"lance-posjogo__item__descricao\">Mesmo atr\u00e1s no placar, o Am\u00e9rica-MG pouco pressionou o gol do Bahia levando perigo apenas em chutes de longe. E o jogo terminou mesmo no 1&#215;0.<br \/>\n<\/span><\/p>\n<p style=\"text-align: justify;\"><span class=\"lance-posjogo__item__descricao\">Com a vit\u00f3ria, o Bahia chegou aos 21 pontos e conquistou a 11\u00aa coloca\u00e7\u00e3o, uma posi\u00e7\u00e3o a frente do Am\u00e9rica-MG, que com a derrota em Salvador parou na 10\u00aa coloca\u00e7\u00e3o do Campeonato Brasileiro.<\/span><\/p>\n<h6 style=\"text-align: right;\"><span style=\"color: #999999;\">Por Caio Pimenta para o News Infoco<\/span><\/h6>\n<div class='share-to-whatsapp-wrapper'><div class='share-on-whsp'>Share on: <\/div><a data-text='Bahia vence o Am\u00e9rica-MG na Fonte Nova e vai para a 11\u00ba coloca\u00e7\u00e3o no Brasileir\u00e3o' data-link='https:\/\/newsinfoco.com.br\/inicio\/bahia-vence-o-america-mg-na-fonte-nova-e-vai-para-a-11o-colocacao-no-brasileirao\/' class='whatsapp-button whatsapp-share'>WhatsApp<\/a><div class='clear '><\/div><\/div>","protected":false},"excerpt":{"rendered":"<p>O Bahia venceu o Am\u00e9rica-MG na noite deste s\u00e1bado(11) por 1&#215;0. O jogo realizado na Arena Fonte Nova teve um p\u00fablico de 19.100 torcedores que assistiu a vit\u00f3ria tricolor. O Bahia mostrou que dentro de casa \u00e9 um advers\u00e1rio a ser respeitado e come\u00e7ou a partida impondo seu ritmo de jogo, enquanto o Amercia-MG cercava [&hellip;]<\/p>\n","protected":false},"author":1,"featured_media":8050,"comment_status":"open","ping_status":"open","sticky":false,"template":"","format":"standard","meta":{"om_disable_all_campaigns":false,"_exactmetrics_skip_tracking":false,"_exactmetrics_sitenote_active":false,"_exactmetrics_sitenote_note":"","_exactmetrics_sitenote_category":0,"footnotes":""},"categories":[30,36],"tags":[],"class_list":["post-8049","post","type-post","status-publish","format-standard","has-post-thumbnail","hentry","category-destaque","category-esporte"],"aioseo_notices":[],"_links":{"self":[{"href":"https:\/\/newsinfoco.com.br\/inicio\/wp-json\/wp\/v2\/posts\/8049","targetHints":{"allow":["GET"]}}],"collection":[{"href":"https:\/\/newsinfoco.com.br\/inicio\/wp-json\/wp\/v2\/posts"}],"about":[{"href":"https:\/\/newsinfoco.com.br\/inicio\/wp-json\/wp\/v2\/types\/post"}],"author":[{"embeddable":true,"href":"https:\/\/newsinfoco.com.br\/inicio\/wp-json\/wp\/v2\/users\/1"}],"replies":[{"embeddable":true,"href":"https:\/\/newsinfoco.com.br\/inicio\/wp-json\/wp\/v2\/comments?post=8049"}],"version-history":[{"count":0,"href":"https:\/\/newsinfoco.com.br\/inicio\/wp-json\/wp\/v2\/posts\/8049\/revisions"}],"wp:featuredmedia":[{"embeddable":true,"href":"https:\/\/newsinfoco.com.br\/inicio\/wp-json\/wp\/v2\/media\/8050"}],"wp:attachment":[{"href":"https:\/\/newsinfoco.com.br\/inicio\/wp-json\/wp\/v2\/media?parent=8049"}],"wp:term":[{"taxonomy":"category","embeddable":true,"href":"https:\/\/newsinfoco.com.br\/inicio\/wp-json\/wp\/v2\/categories?post=8049"},{"taxonomy":"post_tag","embeddable":true,"href":"https:\/\/newsinfoco.com.br\/inicio\/wp-json\/wp\/v2\/tags?post=8049"}],"curies":[{"name":"wp","href":"https:\/\/api.w.org\/{rel}","templated":true}]}}