{"id":8052,"date":"2018-08-11T21:28:47","date_gmt":"2018-08-12T00:28:47","guid":{"rendered":"http:\/\/newsinfoco.com.br\/?p=8052"},"modified":"2018-08-11T21:28:47","modified_gmt":"2018-08-12T00:28:47","slug":"se-haddad-encabecar-chapa-do-pt-vaquinha-virtual-de-lula-tera-de-ser-devolvida-fonte-ultimo-segundo-ig-https-ultimosegundo-ig-com-br-politica-2018-08-11-fernando-haddad-vaquinha-lula-html","status":"publish","type":"post","link":"https:\/\/newsinfoco.com.br\/inicio\/se-haddad-encabecar-chapa-do-pt-vaquinha-virtual-de-lula-tera-de-ser-devolvida-fonte-ultimo-segundo-ig-https-ultimosegundo-ig-com-br-politica-2018-08-11-fernando-haddad-vaquinha-lula-html\/","title":{"rendered":"Se Haddad encabe\u00e7ar chapa do PT, vaquinha virtual de Lula ter\u00e1 de ser devolvida Fonte: \u00daltimo Segundo &#8211; iG @ https:\/\/ultimosegundo.ig.com.br\/politica\/2018-08-11\/fernando-haddad-vaquinha-lula.html"},"content":{"rendered":"<p class=\"\" style=\"text-align: justify;\"><span style=\"color: #000000;\">Apesar de Fernando Haddad estar sendo apresentado ao Tribunal Superior Eleitoral (TSE), pelo Partido dos Trabalhadores (PT), como o candidato \u00e0 vice-presid\u00eancia da legenda, numa chapa junto ao ex-presidente Luiz In\u00e1cio Lula da Silva, h\u00e1 chances do ex-prefeito de S\u00e3o Paulo encabe\u00e7ar a disputa petista \u2013 no caso de Lula ser impedido de ser candidato.<\/span><\/p>\n<p style=\"text-align: justify;\"><span style=\"color: #000000;\">Por\u00e9m, se passar a ser oficialmente o novo candidato petista,\u00a0\u00a0<strong>Fernando Haddad<\/strong>\u00a0\u00a0n\u00e3o ter\u00e1 direito de usar o dinheiro arrecadado na &#8216;vaquinha virtual&#8217; feita pelo PT, para a campanha do ex-presidente Lula. O montante, que superou os R$ 500 mil s\u00f3 poder\u00e1 ser usado se Lula for o candidato da legenda.<\/span><\/p><div class=\"newsi-conteudo_19\" id=\"newsi-1910131997\"><a href=\"https:\/\/www.instagram.com\/prefeituraalagoinhas?igsh=YzgzdDJ1bWR3aWI4\" aria-label=\"SAVE_20251006_221555\"><img loading=\"lazy\" decoding=\"async\" src=\"https:\/\/newsinfoco.com.br\/inicio\/wp-content\/uploads\/2025\/10\/SAVE_20251006_221555-rotated.jpg\" alt=\"\"  srcset=\"https:\/\/newsinfoco.com.br\/inicio\/wp-content\/uploads\/2025\/10\/SAVE_20251006_221555-rotated.jpg 1140w, https:\/\/newsinfoco.com.br\/inicio\/wp-content\/uploads\/2025\/10\/SAVE_20251006_221555-300x52.jpg 300w, https:\/\/newsinfoco.com.br\/inicio\/wp-content\/uploads\/2025\/10\/SAVE_20251006_221555-1024x177.jpg 1024w, https:\/\/newsinfoco.com.br\/inicio\/wp-content\/uploads\/2025\/10\/SAVE_20251006_221555-768x133.jpg 768w, https:\/\/newsinfoco.com.br\/inicio\/wp-content\/uploads\/2025\/10\/SAVE_20251006_221555-600x104.jpg 600w, https:\/\/newsinfoco.com.br\/inicio\/wp-content\/uploads\/2025\/10\/SAVE_20251006_221555-696x120.jpg 696w, https:\/\/newsinfoco.com.br\/inicio\/wp-content\/uploads\/2025\/10\/SAVE_20251006_221555-1068x185.jpg 1068w\" sizes=\"(max-width: 1140px) 100vw, 1140px\" width=\"1140\" height=\"197\"   \/><\/a><\/div>\n<p style=\"text-align: justify;\"><span style=\"color: #000000;\">Afinal, segundo o TSE, todas as &#8216;vaquinhas virtuais&#8217; promovidas por partidos para arrecada\u00e7\u00e3o de dinheiro para financiar campanhas pol\u00edticas para as elei\u00e7\u00f5es 2018 s\u00f3 podem ser usadas pelo pr\u00f3prio candidato indicado na promo\u00e7\u00e3o da &#8216;vaquinha&#8217;.<\/span><\/p>\n<p style=\"text-align: justify;\"><span style=\"color: #000000;\">Ou seja, se\u00a0<strong>Lula<\/strong>\u00a0n\u00e3o puder ser candidato e o\u00a0<strong>PT<\/strong>\u00a0tiver que colocar outra pessoa para encabe\u00e7ar a sua chapa \u2013 seja o Haddad ou n\u00e3o \u2013, registrando essa outra candidatura no TSE at\u00e9 a pr\u00f3xima quarta-feira (15), prazo para os registros de candidaturas no tribunal, o dinheiro arrecadado em prol de Lula ter\u00e1 que ser devolvido aos doadores. Essa \u00e9 a regra.<\/span><\/p>\n<p style=\"text-align: justify;\"><span style=\"color: #000000;\">Isso tamb\u00e9m \u00e9 o que ocorreria com a arrecada\u00e7\u00e3o feira por Manuela d&#8217;\u00c1vila (PCdoB), considerada &#8216;plano B&#8217; para ser vice na chapa petista. Isso \u00e9 o que diz o jornal\u00a0\u00a0<em>O Estado de S.Paulo<\/em>\u00a0, neste s\u00e1bado (11).<\/span><\/p>\n<h3 style=\"text-align: justify;\"><span style=\"color: #000000;\">Sem Lula nem Fernando Haddad, dinheiro \u00e9 do PT<\/span><\/h3>\n<p class=\" \" style=\"text-align: justify;\"><span style=\"color: #000000;\">Agora, se a\u00a0<strong>candidatura de Lula<\/strong>\u00a0for efetivamente registrada no TSE e barrada posteriormente, o dinheiro que n\u00e3o for gasto pelo partido at\u00e9 a data da decis\u00e3o pelo indeferimento ser\u00e1 revertido ao pr\u00f3prio partido, ao fim da campanha eleitoral.<\/span><\/p>\n<p style=\"text-align: justify;\"><span style=\"color: #000000;\">Assim, se a campanha for encerrada, n\u00e3o houver plano B vi\u00e1vel, nem\u00a0\u00a0<strong>Fernando Haddad<\/strong>\u00a0, e houver sobrar financeiras decorrentes das doa\u00e7\u00f5es, todo o dinheiro que sobrar dos R$ 500 mil doados ao PT ser\u00e3o destinados \u00e0 receita da pr\u00f3pria legenda, enriquecendo um pouco mais o Partido dos Trabalhadores.<\/span><\/p>\n<h6 style=\"text-align: right;\">Fonte:ig<\/h6>\n<div class='share-to-whatsapp-wrapper'><div class='share-on-whsp'>Share on: <\/div><a data-text='Se Haddad encabe\u00e7ar chapa do PT, vaquinha virtual de Lula ter\u00e1 de ser devolvida Fonte: \u00daltimo Segundo - iG @ https:\/\/ultimosegundo.ig.com.br\/politica\/2018-08-11\/fernando-haddad-vaquinha-lula.html' data-link='https:\/\/newsinfoco.com.br\/inicio\/se-haddad-encabecar-chapa-do-pt-vaquinha-virtual-de-lula-tera-de-ser-devolvida-fonte-ultimo-segundo-ig-https-ultimosegundo-ig-com-br-politica-2018-08-11-fernando-haddad-vaquinha-lula-html\/' class='whatsapp-button whatsapp-share'>WhatsApp<\/a><div class='clear '><\/div><\/div>","protected":false},"excerpt":{"rendered":"<p>Apesar de Fernando Haddad estar sendo apresentado ao Tribunal Superior Eleitoral (TSE), pelo Partido dos Trabalhadores (PT), como o candidato \u00e0 vice-presid\u00eancia da legenda, numa chapa junto ao ex-presidente Luiz In\u00e1cio Lula da Silva, h\u00e1 chances do ex-prefeito de S\u00e3o Paulo encabe\u00e7ar a disputa petista \u2013 no caso de Lula ser impedido de ser candidato. [&hellip;]<\/p>\n","protected":false},"author":1,"featured_media":8053,"comment_status":"open","ping_status":"open","sticky":false,"template":"","format":"standard","meta":{"om_disable_all_campaigns":false,"_exactmetrics_skip_tracking":false,"_exactmetrics_sitenote_active":false,"_exactmetrics_sitenote_note":"","_exactmetrics_sitenote_category":0,"footnotes":""},"categories":[21],"tags":[],"class_list":["post-8052","post","type-post","status-publish","format-standard","has-post-thumbnail","hentry","category-brasil"],"aioseo_notices":[],"_links":{"self":[{"href":"https:\/\/newsinfoco.com.br\/inicio\/wp-json\/wp\/v2\/posts\/8052","targetHints":{"allow":["GET"]}}],"collection":[{"href":"https:\/\/newsinfoco.com.br\/inicio\/wp-json\/wp\/v2\/posts"}],"about":[{"href":"https:\/\/newsinfoco.com.br\/inicio\/wp-json\/wp\/v2\/types\/post"}],"author":[{"embeddable":true,"href":"https:\/\/newsinfoco.com.br\/inicio\/wp-json\/wp\/v2\/users\/1"}],"replies":[{"embeddable":true,"href":"https:\/\/newsinfoco.com.br\/inicio\/wp-json\/wp\/v2\/comments?post=8052"}],"version-history":[{"count":0,"href":"https:\/\/newsinfoco.com.br\/inicio\/wp-json\/wp\/v2\/posts\/8052\/revisions"}],"wp:featuredmedia":[{"embeddable":true,"href":"https:\/\/newsinfoco.com.br\/inicio\/wp-json\/wp\/v2\/media\/8053"}],"wp:attachment":[{"href":"https:\/\/newsinfoco.com.br\/inicio\/wp-json\/wp\/v2\/media?parent=8052"}],"wp:term":[{"taxonomy":"category","embeddable":true,"href":"https:\/\/newsinfoco.com.br\/inicio\/wp-json\/wp\/v2\/categories?post=8052"},{"taxonomy":"post_tag","embeddable":true,"href":"https:\/\/newsinfoco.com.br\/inicio\/wp-json\/wp\/v2\/tags?post=8052"}],"curies":[{"name":"wp","href":"https:\/\/api.w.org\/{rel}","templated":true}]}}