{"id":8055,"date":"2018-08-11T21:36:33","date_gmt":"2018-08-12T00:36:33","guid":{"rendered":"http:\/\/newsinfoco.com.br\/?p=8055"},"modified":"2018-08-11T21:36:33","modified_gmt":"2018-08-12T00:36:33","slug":"mpf-denuncia-guido-mantega-e-palocci-na-lava-jato","status":"publish","type":"post","link":"https:\/\/newsinfoco.com.br\/inicio\/mpf-denuncia-guido-mantega-e-palocci-na-lava-jato\/","title":{"rendered":"MPF denuncia Guido Mantega e Palocci na Lava Jato"},"content":{"rendered":"<p style=\"text-align: justify;\"><span style=\"color: #000000;\">A for\u00e7a-tarefa Lava Jato do Minist\u00e9rio P\u00fablico Federal no Paran\u00e1 (MPF\/PR) apresentou ontem den\u00fancia contra os ex-ministros da Fazenda Guido Mantega e Ant\u00f4nio Palocci e outras nove pessoas. \u00c9 a primeira den\u00fancia contra Mantega na Lava Jato em Curitiba. A defesa dele afirmou que vai se manifestar nos autos quando tomar conhecimento da den\u00fancia. Os crimes apurados envolvem a edi\u00e7\u00e3o das medidas provis\u00f3rias 470 e 472 (MP da Crise), beneficiando diretamente empresas do grupo Odebrecht, entre estas a Braskem, de acordo com o MPF. O objetivo da manobra legislativa, afirmam os procuradores, era permitir o pagamento parcelado de tributos federais devidos, com redu\u00e7\u00e3o de multa, bem como sua compensa\u00e7\u00e3o com preju\u00edzos fiscais. As medidas foram aprovadas. Os denunciados v\u00e3o responder pelos crimes de corrup\u00e7\u00e3o ativa e passiva e lavagem de dinheiro. O G1 tenta contato com a defesa de Palocci.<\/span><\/p>\n<p style=\"text-align: justify;\"><span style=\"color: #000000;\">Segundo a investiga\u00e7\u00e3o, o empres\u00e1rio Marcelo Odebrecht ofereceu promessas indevidas aos ex-ministros com o objetivo de influenci\u00e1-los na edi\u00e7\u00e3o das medidas provis\u00f3rias. A propina oferecida a Mantega foi de R$ 50 milh\u00f5es. De acordo com os procuradores, o valor foi pago em conta espec\u00edfica mantida pelo setor de propinas de empreteira, sob o comando de Fernando Migliaccio e Hilberto da Silva. O valor, diz a den\u00fancia, s\u00f3 era utilizado mediante a autoriza\u00e7\u00e3o de Guido Mantega, sendo que parcela desse valor foi entregue aos publicit\u00e1rios M\u00f4nica Santana e Jo\u00e3o Santana, al\u00e9m de Andr\u00e9 Santana, para serem usados na campanha eleitoral de 2014. A den\u00fancia tem como base provas fornecidas pelas empresas Odebrecht e Braskem, no contexto do cumprimento das condi\u00e7\u00f5es previstas nos acordos de leni\u00eancia firmados pelas empresas.<\/span><\/p><div class=\"newsi-conteudo_19\" id=\"newsi-1632615296\"><a href=\"https:\/\/www.instagram.com\/prefeituraalagoinhas?igsh=YzgzdDJ1bWR3aWI4\" aria-label=\"SAVE_20251006_221555\"><img loading=\"lazy\" decoding=\"async\" src=\"https:\/\/newsinfoco.com.br\/inicio\/wp-content\/uploads\/2025\/10\/SAVE_20251006_221555-rotated.jpg\" alt=\"\"  srcset=\"https:\/\/newsinfoco.com.br\/inicio\/wp-content\/uploads\/2025\/10\/SAVE_20251006_221555-rotated.jpg 1140w, https:\/\/newsinfoco.com.br\/inicio\/wp-content\/uploads\/2025\/10\/SAVE_20251006_221555-300x52.jpg 300w, https:\/\/newsinfoco.com.br\/inicio\/wp-content\/uploads\/2025\/10\/SAVE_20251006_221555-1024x177.jpg 1024w, https:\/\/newsinfoco.com.br\/inicio\/wp-content\/uploads\/2025\/10\/SAVE_20251006_221555-768x133.jpg 768w, https:\/\/newsinfoco.com.br\/inicio\/wp-content\/uploads\/2025\/10\/SAVE_20251006_221555-600x104.jpg 600w, https:\/\/newsinfoco.com.br\/inicio\/wp-content\/uploads\/2025\/10\/SAVE_20251006_221555-696x120.jpg 696w, https:\/\/newsinfoco.com.br\/inicio\/wp-content\/uploads\/2025\/10\/SAVE_20251006_221555-1068x185.jpg 1068w\" sizes=\"(max-width: 1140px) 100vw, 1140px\" width=\"1140\" height=\"197\"   \/><\/a><\/div>\n<p style=\"text-align: justify;\"><span style=\"color: #000000;\">A propina para Mantega foi lan\u00e7ada na planilha da Odebrecht nomeada &#8220;Planilha Italiano&#8221;, na subconta &#8220;P\u00f3s-It\u00e1lia&#8221;, de acordo com a for\u00e7a-tarefa. Ainda conforme a den\u00fancia, o dinheiro ilegal teve origem em ativos da Braskem, mantidos ilicitamente no exterior pelo Setor de Opera\u00e7\u00f5es Estruturadas. Por sua vez, os publicit\u00e1rios M\u00f4nica Santana e Jo\u00e3o Santana receberam R$ 15.150.000,00 a partir do setor de propinas mediante 26 entregas, em pagamentos que se deram tanto em esp\u00e9cie no Brasil quanto fora do territ\u00f3rio nacional, em contas mantidas em para\u00edsos fiscais.\u00a0<\/span><\/p>\n<p>&nbsp;<\/p>\n<h6 style=\"text-align: right;\">Fonte:g1<\/h6>\n<div class='share-to-whatsapp-wrapper'><div class='share-on-whsp'>Share on: <\/div><a data-text='MPF denuncia Guido Mantega e Palocci na Lava Jato' data-link='https:\/\/newsinfoco.com.br\/inicio\/mpf-denuncia-guido-mantega-e-palocci-na-lava-jato\/' class='whatsapp-button whatsapp-share'>WhatsApp<\/a><div class='clear '><\/div><\/div>","protected":false},"excerpt":{"rendered":"<p>A for\u00e7a-tarefa Lava Jato do Minist\u00e9rio P\u00fablico Federal no Paran\u00e1 (MPF\/PR) apresentou ontem den\u00fancia contra os ex-ministros da Fazenda Guido Mantega e Ant\u00f4nio Palocci e outras nove pessoas. \u00c9 a primeira den\u00fancia contra Mantega na Lava Jato em Curitiba. A defesa dele afirmou que vai se manifestar nos autos quando tomar conhecimento da den\u00fancia. Os [&hellip;]<\/p>\n","protected":false},"author":1,"featured_media":8056,"comment_status":"open","ping_status":"open","sticky":false,"template":"","format":"standard","meta":{"om_disable_all_campaigns":false,"_exactmetrics_skip_tracking":false,"_exactmetrics_sitenote_active":false,"_exactmetrics_sitenote_note":"","_exactmetrics_sitenote_category":0,"footnotes":""},"categories":[21],"tags":[],"class_list":["post-8055","post","type-post","status-publish","format-standard","has-post-thumbnail","hentry","category-brasil"],"aioseo_notices":[],"_links":{"self":[{"href":"https:\/\/newsinfoco.com.br\/inicio\/wp-json\/wp\/v2\/posts\/8055","targetHints":{"allow":["GET"]}}],"collection":[{"href":"https:\/\/newsinfoco.com.br\/inicio\/wp-json\/wp\/v2\/posts"}],"about":[{"href":"https:\/\/newsinfoco.com.br\/inicio\/wp-json\/wp\/v2\/types\/post"}],"author":[{"embeddable":true,"href":"https:\/\/newsinfoco.com.br\/inicio\/wp-json\/wp\/v2\/users\/1"}],"replies":[{"embeddable":true,"href":"https:\/\/newsinfoco.com.br\/inicio\/wp-json\/wp\/v2\/comments?post=8055"}],"version-history":[{"count":0,"href":"https:\/\/newsinfoco.com.br\/inicio\/wp-json\/wp\/v2\/posts\/8055\/revisions"}],"wp:featuredmedia":[{"embeddable":true,"href":"https:\/\/newsinfoco.com.br\/inicio\/wp-json\/wp\/v2\/media\/8056"}],"wp:attachment":[{"href":"https:\/\/newsinfoco.com.br\/inicio\/wp-json\/wp\/v2\/media?parent=8055"}],"wp:term":[{"taxonomy":"category","embeddable":true,"href":"https:\/\/newsinfoco.com.br\/inicio\/wp-json\/wp\/v2\/categories?post=8055"},{"taxonomy":"post_tag","embeddable":true,"href":"https:\/\/newsinfoco.com.br\/inicio\/wp-json\/wp\/v2\/tags?post=8055"}],"curies":[{"name":"wp","href":"https:\/\/api.w.org\/{rel}","templated":true}]}}