{"id":8061,"date":"2018-08-11T21:53:22","date_gmt":"2018-08-12T00:53:22","guid":{"rendered":"http:\/\/newsinfoco.com.br\/?p=8061"},"modified":"2018-08-11T21:53:22","modified_gmt":"2018-08-12T00:53:22","slug":"impedimentos-de-natureza-fisica-nao-dificultam-o-ingresso-em-universidades-publicas","status":"publish","type":"post","link":"https:\/\/newsinfoco.com.br\/inicio\/impedimentos-de-natureza-fisica-nao-dificultam-o-ingresso-em-universidades-publicas\/","title":{"rendered":"Impedimentos de natureza f\u00edsica n\u00e3o dificultam o ingresso em universidades p\u00fablicas"},"content":{"rendered":"<p style=\"text-align: justify;\"><span style=\"color: #000000;\">O Dia do Estudante \u00e9 comemorado no dia 11 de agosto, desde 1927, data do centen\u00e1rio dos dois primeiros cursos superiores do Brasil, criados por D. Pedro I, em 1827. Para homenagear esses brasileiros, o Minist\u00e9rio da Educa\u00e7\u00e3o conta a hist\u00f3ria de dois estudantes que superaram as dificuldades para entrar em uma universidade p\u00fablica.<\/span><\/p>\n<p style=\"text-align: justify;\"><span style=\"color: #000000;\">Os impedimentos de natureza f\u00edsica n\u00e3o impossibilitaram o estudante ga\u00facho Gabriel Martins Valim de entrar em uma universidade p\u00fablica aos 16 anos ap\u00f3s fazer o seu primeiro Exame Nacional do Ensino M\u00e9dio (Enem), em 2016. Morador de Porto Alegre, Gabriel, que hoje tem 18 anos, teve uma parada card\u00edaca aos tr\u00eas meses de idade. Como consequ\u00eancia, uma paralisia cerebral lhe afetou a coordena\u00e7\u00e3o motora, a vis\u00e3o e a fala.<\/span><\/p><div class=\"newsi-conteudo_19\" id=\"newsi-3802900609\"><a href=\"https:\/\/www.instagram.com\/prefeituraalagoinhas?igsh=YzgzdDJ1bWR3aWI4\" aria-label=\"SAVE_20251006_221555\"><img loading=\"lazy\" decoding=\"async\" src=\"https:\/\/newsinfoco.com.br\/inicio\/wp-content\/uploads\/2025\/10\/SAVE_20251006_221555-rotated.jpg\" alt=\"\"  srcset=\"https:\/\/newsinfoco.com.br\/inicio\/wp-content\/uploads\/2025\/10\/SAVE_20251006_221555-rotated.jpg 1140w, https:\/\/newsinfoco.com.br\/inicio\/wp-content\/uploads\/2025\/10\/SAVE_20251006_221555-300x52.jpg 300w, https:\/\/newsinfoco.com.br\/inicio\/wp-content\/uploads\/2025\/10\/SAVE_20251006_221555-1024x177.jpg 1024w, https:\/\/newsinfoco.com.br\/inicio\/wp-content\/uploads\/2025\/10\/SAVE_20251006_221555-768x133.jpg 768w, https:\/\/newsinfoco.com.br\/inicio\/wp-content\/uploads\/2025\/10\/SAVE_20251006_221555-600x104.jpg 600w, https:\/\/newsinfoco.com.br\/inicio\/wp-content\/uploads\/2025\/10\/SAVE_20251006_221555-696x120.jpg 696w, https:\/\/newsinfoco.com.br\/inicio\/wp-content\/uploads\/2025\/10\/SAVE_20251006_221555-1068x185.jpg 1068w\" sizes=\"(max-width: 1140px) 100vw, 1140px\" width=\"1140\" height=\"197\"   \/><\/a><\/div>\n<p style=\"text-align: justify;\"><span style=\"color: #000000;\">Mesmo com todas as dificuldades, os pais sempre insistiram em incentivar o filho a estudar. Gabriel iniciou a vida de estudante em uma escola particular, mas a m\u00e3e, Carolina Martins Valim, disse que a escola n\u00e3o oferecia acessibilidade e que os professores n\u00e3o estavam preparados para ensinar Gabriel. Eles resolveram colocar o filho em uma escola municipal, que, segundo ela, foi o per\u00edodo escolar mais feliz do estudante, at\u00e9 ele iniciar o ensino m\u00e9dio, quando foi matriculado em uma escola estadual.<\/span><\/p>\n<p style=\"text-align: justify;\"><span style=\"color: #000000;\">A m\u00e3e conta que Gabriel sempre teve interesse em aprender, e que a fam\u00edlia sempre procurou oferecer uma vida comum para o menino. \u201cGabriel sempre foi muito dedicado. Sempre se interessou muito por humanas. Gosta de pol\u00edtica, portugu\u00eas, filosofia e de fazer poesias. Ele tem uma enorme facilidade para criar textos\u201d, destaca Carolina.<\/span><\/p>\n<p style=\"text-align: justify;\"><span style=\"color: #000000;\">A ida para uma universidade foi ap\u00f3s eles resolverem testar o Enem. \u201cDecidimos inscrever o Gabriel para ver se o Enem era tudo aquilo mesmo que falavam e para confirmarmos se o exame oferecia toda aquela acessibilidade que era divulgada\u201d. A prova foi um sucesso, e apesar de Gabriel n\u00e3o ter tido um bom desempenho em matem\u00e1tica, ele conseguiu pontua\u00e7\u00e3o suficiente para ser aprovado em Letras na Universidade Estadual do Rio Grande do Sul (Uergs) na primeira prova do Enem em que se inscreveu.<\/span><\/p>\n<p style=\"text-align: justify;\"><span style=\"color: #000000;\">De acordo com uma das professoras de Gabriel, as poesias do estudante fazem sucesso entre os colegas de Letras, e muitas vezes s\u00e3o lidas em sala de aula. Mas apesar da identifica\u00e7\u00e3o do aluno com o curso, ele ainda sonha em fazer comunica\u00e7\u00e3o, e se prepara para tentar uma vaga na Universidade Federal do Rio Grande do Sul (UFRS), pois a Uergs n\u00e3o oferece o curso que ele deseja. \u201cTenho certeza que Gabriel conseguir\u00e1 fazer o que ele realmente quer\u201d, afirma Carolina.<\/span><\/p>\n<p style=\"text-align: justify;\"><span style=\"color: #000000;\">Assim como Gabriel, uma outra estudante tamb\u00e9m teve que enfrentar as consequ\u00eancias de uma paralisia para realizar o sonho de entrar em uma universidade. Gabriela Barbosa, 26 anos, moradora da cidade de Sobradinho, no Distrito Federal, cursa atualmente licenciatura em l\u00ednguas de sinais brasileira (Libras), na Universidade de Bras\u00edlia (UnB).<\/span><\/p>\n<p style=\"text-align: justify;\"><span style=\"color: #000000;\">As adversidades come\u00e7aram antes mesmo da estudante nascer, mas n\u00e3o foram impeditivas para o estudo. A m\u00e3e teve rub\u00e9ola, e Gabriela nasceu com problemas cerebrais, o que afetou a fala, a audi\u00e7\u00e3o e a mobilidade.<\/span><\/p>\n<p style=\"text-align: justify;\"><span style=\"color: #000000;\">\u201cEstudei a vida inteira em escola p\u00fablica, apesar da escola ser inclusiva nem sempre oferecia o que precisava. Passei por muitas dificuldades. A luta n\u00e3o foi f\u00e1cil, mas consegui aprender muita coisa e me superar\u201d, afirma Gabriela, que antes de estudar na UnB j\u00e1 havia iniciado o curso de fotografia em uma faculdade particular de Bras\u00edlia.<\/span><\/p>\n<p style=\"text-align: justify;\"><span style=\"color: #000000;\">Para o futuro, Gabriela sonha fazer mestrado, p\u00f3s-gradua\u00e7\u00e3o em Direito e lecionar em escolas inclusivas, fazendo com que seus alunos tenham o mesmo \u00eaxito e n\u00e3o precisem passar por tantas dificuldades. \u201cA UnB vai abrir mais portas para mim. Poderei lutar pelos deficientes e diminuir os preconceitos\u201d, conclui a estudante.<\/span><\/p>\n<p>&nbsp;<\/p>\n<h6 style=\"text-align: right;\">Fonte:Portalmec<\/h6>\n<div class='share-to-whatsapp-wrapper'><div class='share-on-whsp'>Share on: <\/div><a data-text='Impedimentos de natureza f\u00edsica n\u00e3o dificultam o ingresso em universidades p\u00fablicas' data-link='https:\/\/newsinfoco.com.br\/inicio\/impedimentos-de-natureza-fisica-nao-dificultam-o-ingresso-em-universidades-publicas\/' class='whatsapp-button whatsapp-share'>WhatsApp<\/a><div class='clear '><\/div><\/div>","protected":false},"excerpt":{"rendered":"<p>O Dia do Estudante \u00e9 comemorado no dia 11 de agosto, desde 1927, data do centen\u00e1rio dos dois primeiros cursos superiores do Brasil, criados por D. Pedro I, em 1827. Para homenagear esses brasileiros, o Minist\u00e9rio da Educa\u00e7\u00e3o conta a hist\u00f3ria de dois estudantes que superaram as dificuldades para entrar em uma universidade p\u00fablica. Os [&hellip;]<\/p>\n","protected":false},"author":1,"featured_media":8062,"comment_status":"open","ping_status":"open","sticky":false,"template":"","format":"standard","meta":{"om_disable_all_campaigns":false,"_exactmetrics_skip_tracking":false,"_exactmetrics_sitenote_active":false,"_exactmetrics_sitenote_note":"","_exactmetrics_sitenote_category":0,"footnotes":""},"categories":[32],"tags":[],"class_list":["post-8061","post","type-post","status-publish","format-standard","has-post-thumbnail","hentry","category-educacao"],"aioseo_notices":[],"_links":{"self":[{"href":"https:\/\/newsinfoco.com.br\/inicio\/wp-json\/wp\/v2\/posts\/8061","targetHints":{"allow":["GET"]}}],"collection":[{"href":"https:\/\/newsinfoco.com.br\/inicio\/wp-json\/wp\/v2\/posts"}],"about":[{"href":"https:\/\/newsinfoco.com.br\/inicio\/wp-json\/wp\/v2\/types\/post"}],"author":[{"embeddable":true,"href":"https:\/\/newsinfoco.com.br\/inicio\/wp-json\/wp\/v2\/users\/1"}],"replies":[{"embeddable":true,"href":"https:\/\/newsinfoco.com.br\/inicio\/wp-json\/wp\/v2\/comments?post=8061"}],"version-history":[{"count":0,"href":"https:\/\/newsinfoco.com.br\/inicio\/wp-json\/wp\/v2\/posts\/8061\/revisions"}],"wp:featuredmedia":[{"embeddable":true,"href":"https:\/\/newsinfoco.com.br\/inicio\/wp-json\/wp\/v2\/media\/8062"}],"wp:attachment":[{"href":"https:\/\/newsinfoco.com.br\/inicio\/wp-json\/wp\/v2\/media?parent=8061"}],"wp:term":[{"taxonomy":"category","embeddable":true,"href":"https:\/\/newsinfoco.com.br\/inicio\/wp-json\/wp\/v2\/categories?post=8061"},{"taxonomy":"post_tag","embeddable":true,"href":"https:\/\/newsinfoco.com.br\/inicio\/wp-json\/wp\/v2\/tags?post=8061"}],"curies":[{"name":"wp","href":"https:\/\/api.w.org\/{rel}","templated":true}]}}