{"id":8064,"date":"2018-08-11T21:59:38","date_gmt":"2018-08-12T00:59:38","guid":{"rendered":"http:\/\/newsinfoco.com.br\/?p=8064"},"modified":"2018-08-11T21:59:38","modified_gmt":"2018-08-12T00:59:38","slug":"sem-opcoes-de-lazer-confira-o-mix-cultural-e-escolha-sua-programacao","status":"publish","type":"post","link":"https:\/\/newsinfoco.com.br\/inicio\/sem-opcoes-de-lazer-confira-o-mix-cultural-e-escolha-sua-programacao\/","title":{"rendered":"Sem op\u00e7\u00f5es de lazer? Confira o mix cultural e escolha sua programa\u00e7\u00e3o"},"content":{"rendered":"<header class=\"single-noticia--header\"><\/header>\n<aside class=\"single-noticia--components\">\n<div class=\"row\"><\/div>\n<\/aside>\n<div class=\"single-noticia--content\">\n<p style=\"text-align: justify;\"><span style=\"color: #000000;\">J\u00e1 fez sua programa\u00e7\u00e3o de lazer para o fim de semana? Se n\u00e3o, confira a lista de op\u00e7\u00f5es que o\u00a0iBahia\u00a0preparou. Tem festas, pe\u00e7as teatrais e exposi\u00e7\u00f5es para todos os p\u00fablicos e bolsos. <\/span><\/p>\n<p><span style=\"color: #000000;\">Paulinho da Viola Apresenta Beatriz Rabello e o Bloco do Amor<\/span><br \/>\n<span style=\"color: #000000;\">Onde:\u00a0Teatro Castro Alves<\/span><br \/>\n<span style=\"color: #000000;\">Quando:\u00a0sexta, 10 de agosto<\/span><br \/>\n<span style=\"color: #000000;\">Hor\u00e1rio:\u00a021h<\/span><br \/>\n<span style=\"color: #000000;\">Ingressos:\u00a0a partir de R$ 60\u00a0<\/span><\/p><div class=\"newsi-conteudo_19\" id=\"newsi-3183848189\"><a href=\"https:\/\/www.instagram.com\/prefeituraalagoinhas?igsh=YzgzdDJ1bWR3aWI4\" aria-label=\"SAVE_20251006_221555\"><img loading=\"lazy\" decoding=\"async\" src=\"https:\/\/newsinfoco.com.br\/inicio\/wp-content\/uploads\/2025\/10\/SAVE_20251006_221555-rotated.jpg\" alt=\"\"  srcset=\"https:\/\/newsinfoco.com.br\/inicio\/wp-content\/uploads\/2025\/10\/SAVE_20251006_221555-rotated.jpg 1140w, https:\/\/newsinfoco.com.br\/inicio\/wp-content\/uploads\/2025\/10\/SAVE_20251006_221555-300x52.jpg 300w, https:\/\/newsinfoco.com.br\/inicio\/wp-content\/uploads\/2025\/10\/SAVE_20251006_221555-1024x177.jpg 1024w, https:\/\/newsinfoco.com.br\/inicio\/wp-content\/uploads\/2025\/10\/SAVE_20251006_221555-768x133.jpg 768w, https:\/\/newsinfoco.com.br\/inicio\/wp-content\/uploads\/2025\/10\/SAVE_20251006_221555-600x104.jpg 600w, https:\/\/newsinfoco.com.br\/inicio\/wp-content\/uploads\/2025\/10\/SAVE_20251006_221555-696x120.jpg 696w, https:\/\/newsinfoco.com.br\/inicio\/wp-content\/uploads\/2025\/10\/SAVE_20251006_221555-1068x185.jpg 1068w\" sizes=\"(max-width: 1140px) 100vw, 1140px\" width=\"1140\" height=\"197\"   \/><\/a><\/div>\n<p><span style=\"color: #000000;\">Vem Ni Mim Sexta\u00a0<\/span><br \/>\n<span style=\"color: #000000;\">Onde:\u00a0Pra Come\u00e7ar Music Bar &#8211; Avenida Manoel Dias da Silva, Pituba<\/span><br \/>\n<span style=\"color: #000000;\">Quando:\u00a0sexta, 10 de agosto<\/span><br \/>\n<span style=\"color: #000000;\">Hor\u00e1rio:\u00a021h<\/span><br \/>\n<span style=\"color: #000000;\">Ingressos:\u00a0R$ 20 (masculino)<\/span><\/p>\n<p><span style=\"color: #000000;\">Noite do Vrau<\/span><br \/>\n<span style=\"color: #000000;\">Onde:\u00a0Mirante dos Aflitos<\/span><br \/>\n<span style=\"color: #000000;\">Quando:\u00a0sexta, 10 de agosto<\/span><br \/>\n<span style=\"color: #000000;\">Hor\u00e1rio:\u00a022h30<\/span><br \/>\n<span style=\"color: #000000;\">Ingressos:\u00a0R$ 30 (pista open)<\/span><\/p>\n<p><span style=\"color: #000000;\">Salvador Rap Festival<\/span><br \/>\n<span style=\"color: #000000;\">Onde:\u00a0Alto do Andu, Avenida Luis Vianna Filho<\/span><br \/>\n<span style=\"color: #000000;\">Quando:\u00a0sexta, 10 de agosto<\/span><br \/>\n<span style=\"color: #000000;\">Hor\u00e1rio:\u00a022h<\/span><br \/>\n<span style=\"color: #000000;\">Ingressos:\u00a0a partir de R$ 50<\/span><\/p>\n<p><span style=\"color: #000000;\">S\u00e1bado, 11 de agosto<\/span><\/p>\n<p><span style=\"color: #000000;\">O Maior Evento de Arrocha do Mundo<\/span><br \/>\n<span style=\"color: #000000;\">Onde:\u00a0Parque de Exposi\u00e7\u00f5es &#8211; Avenida Lu\u00eds Viana<\/span><br \/>\n<span style=\"color: #000000;\">Quando:\u00a0s\u00e1bado, 11 de agosto<\/span><br \/>\n<span style=\"color: #000000;\">Hor\u00e1rio:\u00a020h<\/span><br \/>\n<span style=\"color: #000000;\">Ingressos:\u00a0R$ 30 (pista)<\/span><\/p>\n<p><span style=\"color: #000000;\">Festival Hype<\/span><br \/>\n<span style=\"color: #000000;\">Onde:\u00a0Lauro de Freitas<\/span><br \/>\n<span style=\"color: #000000;\">Quando:\u00a0s\u00e1bado e domingo, 11 e 12 de agosto<\/span><br \/>\n<span style=\"color: #000000;\">Hor\u00e1rio:\u00a011h<\/span><br \/>\n<span style=\"color: #000000;\">Ingressos:\u00a0gratuito<\/span><\/p>\n<p><span style=\"color: #000000;\">Valesca Popozuda<\/span><br \/>\n<span style=\"color: #000000;\">Onde:\u00a0San Sebastian Salvador<\/span><br \/>\n<span style=\"color: #000000;\">Quando:\u00a0s\u00e1bado, 11 de agosto<\/span><br \/>\n<span style=\"color: #000000;\">Hor\u00e1rio:\u00a023h<\/span><br \/>\n<span style=\"color: #000000;\">Ingressos:\u00a0R$ 25 (antecipado)<\/span><\/p>\n<p><span style=\"color: #000000;\">Beatles In Senna<\/span><br \/>\n<span style=\"color: #000000;\">Onde:\u00a0Varanda do Sesi &#8211; Rio Vermelho<\/span><br \/>\n<span style=\"color: #000000;\">Quando:\u00a0s\u00e1bado, 11 de agosto<\/span><br \/>\n<span style=\"color: #000000;\">Hor\u00e1rio:\u00a022h<\/span><br \/>\n<span style=\"color: #000000;\">Ingressos:\u00a0R$ 30\u00a0<\/span><\/p>\n<p><span style=\"color: #000000;\">Domingo, 12 de agosto<\/span><\/p>\n<p><span style=\"color: #000000;\">1 Ano de Carreira de Denny Denan\u00a0<\/span><br \/>\n<span style=\"color: #000000;\">Onde:\u00a0Dique do Toror\u00f3<\/span><br \/>\n<span style=\"color: #000000;\">Quando:\u00a0domingo, 12 de agosto<\/span><br \/>\n<span style=\"color: #000000;\">Hor\u00e1rio:\u00a09h<\/span><br \/>\n<span style=\"color: #000000;\">Ingressos:\u00a0gratuito<\/span><\/p>\n<p><span style=\"color: #000000;\">Domingo do Zen<\/span><br \/>\n<span style=\"color: #000000;\">Onde:\u00a0Zen Salvador, Rio Vermelho<\/span><br \/>\n<span style=\"color: #000000;\">Quando:\u00a0domingo, 12 de agosto<\/span><br \/>\n<span style=\"color: #000000;\">Hor\u00e1rio:\u00a021h<\/span><br \/>\n<span style=\"color: #000000;\">Ingressos:\u00a0R$ 40 (lista) e R$ 60 (acesso)<\/span><\/p>\n<p><span style=\"color: #000000;\">Batifun<\/span><br \/>\n<span style=\"color: #000000;\">Onde:\u00a0Teatro Castro Alves<\/span><br \/>\n<span style=\"color: #000000;\">Quando:\u00a0domingo, 12 de agosto<\/span><br \/>\n<span style=\"color: #000000;\">Hor\u00e1rio:\u00a011h<\/span><br \/>\n<span style=\"color: #000000;\">Ingressos:\u00a0R$ 1<\/span><\/p>\n<ul style=\"text-align: justify;\">\n<li><span style=\"color: #000000;\">TEATRO<\/span><\/li>\n<\/ul>\n<p class=\"bodytext\" style=\"text-align: justify;\">\n<span style=\"color: #000000;\">Sexta-feira, 10 de agosto\u00a0<\/span><\/p>\n<p><span style=\"color: #000000;\">Piaba na Rede<\/span><br \/>\n<span style=\"color: #000000;\">Onde:\u00a0Teatro Jorge Amado<\/span><br \/>\n<span style=\"color: #000000;\">Quando:\u00a0todas as sextas e s\u00e1bados at\u00e9 o dia 08 de setembro<\/span><br \/>\n<span style=\"color: #000000;\">Hor\u00e1rio:\u00a022h<\/span><br \/>\n<span style=\"color: #000000;\">Ingressos:\u00a0R$ 30 (meia)<\/span><\/p>\n<p><span style=\"color: #000000;\">Circo Maximus\u00a0<\/span><br \/>\n<span style=\"color: #000000;\">Onde:\u00a0Estacionamento E do Shopping da Bahia<\/span><br \/>\n<span style=\"color: #000000;\">Quando:\u00a009 de agosto a 09 de setembro<\/span><br \/>\n<span style=\"color: #000000;\">Hor\u00e1rio:\u00a020h<\/span><br \/>\n<span style=\"color: #000000;\">Ingressos:\u00a0R$ 20 (crian\u00e7a) e R$ 40 (adulto)<\/span><\/p>\n<p><span style=\"color: #000000;\">S\u00e1bado, 11 de agosto\u00a0<\/span><\/p>\n<p><span style=\"color: #000000;\">O Casamento de Dona Baratinha<\/span><br \/>\n<span style=\"color: #000000;\">Onde:\u00a0Teatro Gil Santana\u00a0<\/span><br \/>\n<span style=\"color: #000000;\">Quando:\u00a0s\u00e1bado e domingo, 11 e 12 de agosto<\/span><br \/>\n<span style=\"color: #000000;\">Hor\u00e1rio:\u00a016h<\/span><br \/>\n<span style=\"color: #000000;\">Ingressos:\u00a0R$ 20 (meia) e R$ 40 (inteira)<\/span><\/p>\n<p><span style=\"color: #000000;\">O Corrupto<\/span><br \/>\n<span style=\"color: #000000;\">Onde:\u00a0Teatro M\u00f3dulo\u00a0<\/span><br \/>\n<span style=\"color: #000000;\">Quando:\u00a011 de agosto a 29 de setembro<\/span><br \/>\n<span style=\"color: #000000;\">Hor\u00e1rio:\u00a020h<\/span><br \/>\n<span style=\"color: #000000;\">Ingressos:\u00a0R$ 25 (meia)<\/span><\/p>\n<p><span style=\"color: #000000;\">Masha e o Urso<\/span><br \/>\n<span style=\"color: #000000;\">Onde: Teatro Sesc &#8211; Casa do Com\u00e9rcio<\/span><br \/>\n<span style=\"color: #000000;\">Quando:\u00a0s\u00e1bado, 11 de agosto<\/span><br \/>\n<span style=\"color: #000000;\">Hor\u00e1rio:\u00a016h<\/span><br \/>\n<span style=\"color: #000000;\">Ingressos:\u00a0a partir de R$ 35\u00a0<\/span><\/p>\n<p><span style=\"color: #000000;\">Domingo, 12 de agosto<\/span><\/p>\n<p><span style=\"color: #000000;\">Nunca Por Acaso<\/span><br \/>\n<span style=\"color: #000000;\">Onde:\u00a0Teatro Greg\u00f3rio de Mattos<\/span><br \/>\n<span style=\"color: #000000;\">Quando:\u00a011 a 26 de agosto<\/span><br \/>\n<span style=\"color: #000000;\">Hor\u00e1rio:\u00a019h<\/span><br \/>\n<span style=\"color: #000000;\">Ingressos:\u00a0R$ 5 (meia)<\/span><\/p>\n<p><span style=\"color: #000000;\">Retratos Imorais &#8211; Solo com Jo\u00e3o Guisande<\/span><br \/>\n<span style=\"color: #000000;\">Onde:\u00a0Teatro Sesi &#8211; Rio Vermelho<\/span><br \/>\n<span style=\"color: #000000;\">Quando:\u00a011 a 26 de agosto<\/span><br \/>\n<span style=\"color: #000000;\">Hor\u00e1rio:\u00a016h<\/span><br \/>\n<span style=\"color: #000000;\">Ingressos:\u00a0R$ 15 (meia)<\/span><\/p>\n<ul style=\"text-align: justify;\">\n<li><span style=\"color: #000000;\">EXPOSI\u00c7\u00d5ES<\/span><\/li>\n<\/ul>\n<p class=\"bodytext\" style=\"text-align: justify;\">\n<span style=\"color: #000000;\">Exposi\u00e7\u00e3o de Carros Antigos<\/span><br \/>\n<span style=\"color: #000000;\">Onde:\u00a0Shopping da Bahia<\/span><br \/>\n<span style=\"color: #000000;\">Quando:\u00a0quinta a s\u00e1bado, 09 a 11 de agosto<\/span><br \/>\n<span style=\"color: #000000;\">Hor\u00e1rio:\u00a09h<\/span><br \/>\n<span style=\"color: #000000;\">Ingressos:\u00a0gratuito<\/span><\/p>\n<p><span style=\"color: #000000;\">E Todo Caminho Deu No Mar<\/span><br \/>\n<span style=\"color: #000000;\">Onde:\u00a0Palacete das Artes &#8211; Rodin Bahia<\/span><br \/>\n<span style=\"color: #000000;\">Quando:\u00a009 de agosto a 02 de setembro<\/span><br \/>\n<span style=\"color: #000000;\">Hor\u00e1rio:\u00a0a partir das 13h\u00a0<\/span><br \/>\n<span style=\"color: #000000;\">Ingressos:\u00a0gratuito\u00a0<\/span><\/p>\n<p><span style=\"color: #000000;\">Corpos Tang\u00edveis<\/span><br \/>\n<span style=\"color: #000000;\">Onde:\u00a0Gamboa Nova<\/span><br \/>\n<span style=\"color: #000000;\">Quando:\u00a009 a 31 de agosto\u00a0<\/span><br \/>\n<span style=\"color: #000000;\">Hor\u00e1rio:\u00a0a partir das 15h\u00a0<\/span><br \/>\n<span style=\"color: #000000;\">Ingressos:\u00a0gratuito\u00a0<\/span><\/p>\n<p><span style=\"color: #000000;\">Super Actions<\/span><br \/>\n<span style=\"color: #000000;\">Onde:\u00a0Shopping Center Lapa<\/span><br \/>\n<span style=\"color: #000000;\">Quando:\u00a009 a 18 de agosto<\/span><br \/>\n<span style=\"color: #000000;\">Hor\u00e1rio:\u00a0a partir das 13h<\/span><br \/>\n<span style=\"color: #000000;\">Ingressos:\u00a0gratuito<\/span><\/p>\n<\/div>\n<h6 style=\"text-align: right;\">fonte:Ibahia<\/h6>\n<div class='share-to-whatsapp-wrapper'><div class='share-on-whsp'>Share on: <\/div><a data-text='Sem op\u00e7\u00f5es de lazer? Confira o mix cultural e escolha sua programa\u00e7\u00e3o' data-link='https:\/\/newsinfoco.com.br\/inicio\/sem-opcoes-de-lazer-confira-o-mix-cultural-e-escolha-sua-programacao\/' class='whatsapp-button whatsapp-share'>WhatsApp<\/a><div class='clear '><\/div><\/div>","protected":false},"excerpt":{"rendered":"<p>J\u00e1 fez sua programa\u00e7\u00e3o de lazer para o fim de semana? Se n\u00e3o, confira a lista de op\u00e7\u00f5es que o\u00a0iBahia\u00a0preparou. Tem festas, pe\u00e7as teatrais e exposi\u00e7\u00f5es para todos os p\u00fablicos e bolsos. Paulinho da Viola Apresenta Beatriz Rabello e o Bloco do Amor Onde:\u00a0Teatro Castro Alves Quando:\u00a0sexta, 10 de agosto Hor\u00e1rio:\u00a021h Ingressos:\u00a0a partir de R$ [&hellip;]<\/p>\n","protected":false},"author":1,"featured_media":8065,"comment_status":"open","ping_status":"open","sticky":false,"template":"","format":"standard","meta":{"om_disable_all_campaigns":false,"_exactmetrics_skip_tracking":false,"_exactmetrics_sitenote_active":false,"_exactmetrics_sitenote_note":"","_exactmetrics_sitenote_category":0,"footnotes":""},"categories":[29],"tags":[],"class_list":["post-8064","post","type-post","status-publish","format-standard","has-post-thumbnail","hentry","category-cultura"],"aioseo_notices":[],"_links":{"self":[{"href":"https:\/\/newsinfoco.com.br\/inicio\/wp-json\/wp\/v2\/posts\/8064","targetHints":{"allow":["GET"]}}],"collection":[{"href":"https:\/\/newsinfoco.com.br\/inicio\/wp-json\/wp\/v2\/posts"}],"about":[{"href":"https:\/\/newsinfoco.com.br\/inicio\/wp-json\/wp\/v2\/types\/post"}],"author":[{"embeddable":true,"href":"https:\/\/newsinfoco.com.br\/inicio\/wp-json\/wp\/v2\/users\/1"}],"replies":[{"embeddable":true,"href":"https:\/\/newsinfoco.com.br\/inicio\/wp-json\/wp\/v2\/comments?post=8064"}],"version-history":[{"count":0,"href":"https:\/\/newsinfoco.com.br\/inicio\/wp-json\/wp\/v2\/posts\/8064\/revisions"}],"wp:featuredmedia":[{"embeddable":true,"href":"https:\/\/newsinfoco.com.br\/inicio\/wp-json\/wp\/v2\/media\/8065"}],"wp:attachment":[{"href":"https:\/\/newsinfoco.com.br\/inicio\/wp-json\/wp\/v2\/media?parent=8064"}],"wp:term":[{"taxonomy":"category","embeddable":true,"href":"https:\/\/newsinfoco.com.br\/inicio\/wp-json\/wp\/v2\/categories?post=8064"},{"taxonomy":"post_tag","embeddable":true,"href":"https:\/\/newsinfoco.com.br\/inicio\/wp-json\/wp\/v2\/tags?post=8064"}],"curies":[{"name":"wp","href":"https:\/\/api.w.org\/{rel}","templated":true}]}}