{"id":8067,"date":"2018-08-11T22:13:19","date_gmt":"2018-08-12T01:13:19","guid":{"rendered":"http:\/\/newsinfoco.com.br\/?p=8067"},"modified":"2018-08-11T22:13:19","modified_gmt":"2018-08-12T01:13:19","slug":"inhambupe-recebe-mais-um-onibus-escolar-somando-12-ao-total","status":"publish","type":"post","link":"https:\/\/newsinfoco.com.br\/inicio\/inhambupe-recebe-mais-um-onibus-escolar-somando-12-ao-total\/","title":{"rendered":"Inhambupe recebe mais um \u00d4nibus Escolar, somando 12 ao total"},"content":{"rendered":"<div style=\"text-align: justify;\"><span style=\"color: #000000;\">Na manh\u00e3 da quarta-feira, 09 de agosto, o Prefeito Municipal, Fortunato Costa, juntamente com Secret\u00e1rio Municipal de Educa\u00e7\u00e3o, Jardiel Alarcon, formalizou a entrega de um novo ve\u00edculo para a Secretaria de Educa\u00e7\u00e3o do Munic\u00edpio, um \u00f4nibus escolar destinado ao transporte de alunos vindos da zona rural.<\/span><\/div>\n<div style=\"text-align: justify;\"><\/div>\n<div style=\"text-align: justify;\"><span style=\"color: #000000;\">O \u00f4nibus recebido foi doado pelo governo do Estado e, junto aos demais, refor\u00e7ar\u00e1 o transporte escolar do munic\u00edpio.\u00a0\u00a0<\/span><\/div>\n<div style=\"text-align: justify;\"><\/div>\n<div style=\"text-align: justify;\"><span style=\"color: #000000;\">Com a palavra, o Secret\u00e1rio de Educa\u00e7\u00e3o disse que Inhambupe est\u00e1 fortalecido dando aos estudantes o direito do transporte.<\/span><\/div>\n<div style=\"text-align: justify;\"><\/div>\n<div style=\"text-align: justify;\"><span style=\"color: #000000;\">\u201c quero comunicar tamb\u00e9m a todos que al\u00e9m deste \u00f4nibus que entregamos agora, j\u00e1 est\u00e1 empenhado mais tr\u00eas \u00f4nibus do Programa Plano de A\u00e7\u00e3o Articulada &#8211; PAR. Breve chegar\u00e1 ao munic\u00edpio. Nossos alunos tem direito ao transporte&#8221;, disse Jardiel.<\/span><\/div>\n<div style=\"text-align: justify;\">\n<div class=\"separator\"><\/div>\n<p><span style=\"color: #000000;\">Este programa ainda visa ampliar o acesso e a perman\u00eancia na escola dos estudantes matriculados na educa\u00e7\u00e3o b\u00e1sica da zona rural das redes estaduais e municipais, proporcionando transporte di\u00e1rio.<\/span><\/div>\n<div style=\"text-align: justify;\"><\/div>\n<div style=\"text-align: justify;\"><span style=\"color: #000000;\">O \u00f4nibus estregue \u00e9 de porte pequeno, mais os pr\u00f3ximos tr\u00eas s\u00e3o: dois de porte grande com capacidade de 59 alunos e 1 de porte m\u00e9dio com capacidade de 44 alunos. Estes tr\u00eas somam um total de de R$ 684.374,00<\/span><\/div>\n<div style=\"text-align: justify;\"><\/div>\n<div style=\"text-align: justify;\"><span style=\"color: #000000;\">Inhambupe tem atualmente 12 \u00f4nibus escolares tipo amarelinho.<\/span><\/div>\n<div style=\"text-align: justify;\">\n<span style=\"color: #000000;\">Outros ve\u00edculos\u00a0foram entregues nesta data que faz parte da program\u00e3o\u00a0do anivers\u00e1rio da cidade ocorrido no \u00faltimo\u00a0dia 06.\u00a0<\/span><\/div>\n<div><\/div>\n<div><\/div>\n<h6 style=\"text-align: right;\"><\/h6>\n<h6 style=\"text-align: right;\"><b>Fonte:Ronaldo Leite \/ RL News<\/b><\/h6>\n<div class='share-to-whatsapp-wrapper'><div class='share-on-whsp'>Share on: <\/div><a data-text='Inhambupe recebe mais um \u00d4nibus Escolar, somando 12 ao total' data-link='https:\/\/newsinfoco.com.br\/inicio\/inhambupe-recebe-mais-um-onibus-escolar-somando-12-ao-total\/' class='whatsapp-button whatsapp-share'>WhatsApp<\/a><div class='clear '><\/div><\/div>","protected":false},"excerpt":{"rendered":"<p>Na manh\u00e3 da quarta-feira, 09 de agosto, o Prefeito Municipal, Fortunato Costa, juntamente com Secret\u00e1rio Municipal de Educa\u00e7\u00e3o, Jardiel Alarcon, formalizou a entrega de um novo ve\u00edculo para a Secretaria de Educa\u00e7\u00e3o do Munic\u00edpio, um \u00f4nibus escolar destinado ao transporte de alunos vindos da zona rural. O \u00f4nibus recebido foi doado pelo governo do Estado [&hellip;]<\/p>\n","protected":false},"author":1,"featured_media":8068,"comment_status":"open","ping_status":"open","sticky":false,"template":"","format":"standard","meta":{"om_disable_all_campaigns":false,"_exactmetrics_skip_tracking":false,"_exactmetrics_sitenote_active":false,"_exactmetrics_sitenote_note":"","_exactmetrics_sitenote_category":0,"footnotes":""},"categories":[38],"tags":[],"class_list":["post-8067","post","type-post","status-publish","format-standard","has-post-thumbnail","hentry","category-alagoinhas-e-regiao"],"aioseo_notices":[],"_links":{"self":[{"href":"https:\/\/newsinfoco.com.br\/inicio\/wp-json\/wp\/v2\/posts\/8067","targetHints":{"allow":["GET"]}}],"collection":[{"href":"https:\/\/newsinfoco.com.br\/inicio\/wp-json\/wp\/v2\/posts"}],"about":[{"href":"https:\/\/newsinfoco.com.br\/inicio\/wp-json\/wp\/v2\/types\/post"}],"author":[{"embeddable":true,"href":"https:\/\/newsinfoco.com.br\/inicio\/wp-json\/wp\/v2\/users\/1"}],"replies":[{"embeddable":true,"href":"https:\/\/newsinfoco.com.br\/inicio\/wp-json\/wp\/v2\/comments?post=8067"}],"version-history":[{"count":0,"href":"https:\/\/newsinfoco.com.br\/inicio\/wp-json\/wp\/v2\/posts\/8067\/revisions"}],"wp:featuredmedia":[{"embeddable":true,"href":"https:\/\/newsinfoco.com.br\/inicio\/wp-json\/wp\/v2\/media\/8068"}],"wp:attachment":[{"href":"https:\/\/newsinfoco.com.br\/inicio\/wp-json\/wp\/v2\/media?parent=8067"}],"wp:term":[{"taxonomy":"category","embeddable":true,"href":"https:\/\/newsinfoco.com.br\/inicio\/wp-json\/wp\/v2\/categories?post=8067"},{"taxonomy":"post_tag","embeddable":true,"href":"https:\/\/newsinfoco.com.br\/inicio\/wp-json\/wp\/v2\/tags?post=8067"}],"curies":[{"name":"wp","href":"https:\/\/api.w.org\/{rel}","templated":true}]}}