{"id":8081,"date":"2018-08-13T08:58:39","date_gmt":"2018-08-13T11:58:39","guid":{"rendered":"http:\/\/newsinfoco.com.br\/?p=8081"},"modified":"2018-08-13T08:58:39","modified_gmt":"2018-08-13T11:58:39","slug":"candidaturas-de-militares-dobram-em-quatro-anos","status":"publish","type":"post","link":"https:\/\/newsinfoco.com.br\/inicio\/candidaturas-de-militares-dobram-em-quatro-anos\/","title":{"rendered":"Candidaturas de militares dobram em quatro anos"},"content":{"rendered":"<p style=\"text-align: justify;\"><span style=\"color: #000000;\">Incentivados pela reprova\u00e7\u00e3o a pol\u00edticos de carreira, militares ampliaram a participa\u00e7\u00e3o na disputa por cargos do Poder Executivo neste ano. O n\u00famero de candidatos origin\u00e1rios das For\u00e7as Armadas, da Pol\u00edcia Militar e do Corpo de Bombeiros quase dobrou em rela\u00e7\u00e3o ao pleito de 2014. O jornal &#8220;O Estado de S. Paulo&#8221; identificou pelo menos 25 militares, da ativa ou da reserva, que v\u00e3o concorrer a presidente, vice-presidente, governador ou vice-governador, ante 13 nomes na elei\u00e7\u00e3o passada, um aumento de 92%. Se comparado com 2010, quando sete militares disputaram esses cargos majorit\u00e1rios, a alta chega a 257%.<\/span><\/p>\n<p style=\"text-align: justify;\"><span style=\"color: #000000;\">Quando considerado todo o universo de candidatos ao Executivo, os militares representam 7% dos nomes j\u00e1 anunciados pelos partidos. Na elei\u00e7\u00e3o passada, a propor\u00e7\u00e3o era de 3% do total de profiss\u00f5es registradas ao fim do pleito, conforme dados da Justi\u00e7a Eleitoral. Os n\u00fameros podem sofrer varia\u00e7\u00f5es porque o prazo para os candidatos requisitarem o registro vai at\u00e9 a pr\u00f3xima quinta-feira. O perfil dos candidatos vai de apoiadores de Jair Bolsonaro (PSL) at\u00e9 militar filiado a partidos de esquerda.<\/span><\/p><div class=\"newsi-conteudo_19\" id=\"newsi-2210677934\"><a href=\"https:\/\/www.instagram.com\/prefeituraalagoinhas?igsh=YzgzdDJ1bWR3aWI4\" aria-label=\"SAVE_20251006_221555\"><img loading=\"lazy\" decoding=\"async\" src=\"https:\/\/newsinfoco.com.br\/inicio\/wp-content\/uploads\/2025\/10\/SAVE_20251006_221555-rotated.jpg\" alt=\"\"  srcset=\"https:\/\/newsinfoco.com.br\/inicio\/wp-content\/uploads\/2025\/10\/SAVE_20251006_221555-rotated.jpg 1140w, https:\/\/newsinfoco.com.br\/inicio\/wp-content\/uploads\/2025\/10\/SAVE_20251006_221555-300x52.jpg 300w, https:\/\/newsinfoco.com.br\/inicio\/wp-content\/uploads\/2025\/10\/SAVE_20251006_221555-1024x177.jpg 1024w, https:\/\/newsinfoco.com.br\/inicio\/wp-content\/uploads\/2025\/10\/SAVE_20251006_221555-768x133.jpg 768w, https:\/\/newsinfoco.com.br\/inicio\/wp-content\/uploads\/2025\/10\/SAVE_20251006_221555-600x104.jpg 600w, https:\/\/newsinfoco.com.br\/inicio\/wp-content\/uploads\/2025\/10\/SAVE_20251006_221555-696x120.jpg 696w, https:\/\/newsinfoco.com.br\/inicio\/wp-content\/uploads\/2025\/10\/SAVE_20251006_221555-1068x185.jpg 1068w\" sizes=\"(max-width: 1140px) 100vw, 1140px\" width=\"1140\" height=\"197\"   \/><\/a><\/div>\n<p style=\"text-align: justify;\"><span style=\"color: #000000;\">Com mais de 64 mil assassinatos registrados no ano passado e confrontos frequentes entre fac\u00e7\u00f5es criminosas internacionalizadas, a viol\u00eancia tornou-se uma das pautas mais sens\u00edveis do debate eleitoral.<\/span><\/p>\n<p style=\"text-align: justify;\"><span style=\"color: #000000;\">&#8220;Os militares est\u00e3o sendo al\u00e7ados a se candidatar como consequ\u00eancia do momento nacional, um Pa\u00eds enfrentando tantas mazelas e dificuldades. Pesquisas de opini\u00e3o junto \u00e0 sociedade brasileira mostram que, entre as demais institui\u00e7\u00f5es, as For\u00e7as Armadas t\u00eam maior \u00edndice de confiabilidade. E a sociedade est\u00e1 em busca disso&#8221;, afirma o comandante do Ex\u00e9rcito, general Eduardo Villas B\u00f4as, que promoveu rodadas de conversas com os principais concorrentes \u00e0 Presid\u00eancia da Rep\u00fablica. Essa vis\u00e3o \u00e9 endossada pelo ministro-chefe do Gabinete de Seguran\u00e7a Institucional (GSI) da Presid\u00eancia, general S\u00e9rgio Etchegoyen.<\/span><\/p>\n<p style=\"text-align: justify;\"><span style=\"color: #000000;\">Para o cientista pol\u00edtico Hilton Cesario Fernandes, da FESPSP, com a crise na \u00e1rea da seguran\u00e7a p\u00fablica, os casos de corrup\u00e7\u00e3o e o descr\u00e9dito nos nomes tradicionais da pol\u00edtica &#8220;era de se esperar que militares fossem o \u2018perfil da vez\u2019 para muitos eleitores&#8221;. &#8220;E esta \u00e9 uma tend\u00eancia que n\u00e3o tem dado sinais de mudan\u00e7a para os pr\u00f3ximos anos&#8221;, afirmou ele.<\/span><\/p>\n<p style=\"text-align: justify;\"><span style=\"color: #000000;\"><b>Divis\u00e3o<br \/>\n<\/b><\/span><\/p>\n<p style=\"text-align: justify;\"><span style=\"color: #000000;\">Dos 25 nomes, seis s\u00e3o do Ex\u00e9rcito, a maior das tr\u00eas For\u00e7as e a mais influente politicamente. N\u00e3o h\u00e1 candidatos da Marinha ou da Aeron\u00e1utica. Os demais s\u00e3o policiais (17) e bombeiros militares (2). A reportagem n\u00e3o incluiu na contagem candidatos a cargos no Legislativo nem carreiras vinculadas \u00e0 seguran\u00e7a p\u00fablica, mas de car\u00e1ter civil, como guardas municipais, delegados e policiais civis ou federais que tamb\u00e9m v\u00e3o disputar cargos majorit\u00e1rios<\/span><\/p>\n<p style=\"text-align: justify;\"><span style=\"color: #000000;\">Tr\u00eas militares concorrem ao Pal\u00e1cio do Planalto, como candidato a presidente ou vice: Bolsonaro, que \u00e9 capit\u00e3o da reserva do Ex\u00e9rcito, e seu candidato a vice, o general da reserva do Ex\u00e9rcito Hamilton Mour\u00e3o (PRTB), al\u00e9m do deputado Cabo Daciolo (Patriota), ex-bombeiro.\u00a0<\/span><\/p>\n<p style=\"text-align: justify;\"><span style=\"color: #000000;\">Os outros 22 nomes disputam cargos de governador ou vice. No Rio, por exemplo, o PRTB lan\u00e7ou uma chapa pura formada por dois policiais militares. Em S\u00e3o Paulo, tr\u00eas mulheres da Pol\u00edcia Militar foram convidadas para compor chapas como candidatas a vice-governadora do Estado.\u00a0<\/span><\/p>\n<p style=\"text-align: justify;\">\n<p style=\"text-align: justify;\"><span style=\"color: #000000;\"> As informa\u00e7\u00f5es s\u00e3o do jornal O Estado de S. Paulo.<\/span><\/p>\n<div class='share-to-whatsapp-wrapper'><div class='share-on-whsp'>Share on: <\/div><a data-text='Candidaturas de militares dobram em quatro anos' data-link='https:\/\/newsinfoco.com.br\/inicio\/candidaturas-de-militares-dobram-em-quatro-anos\/' class='whatsapp-button whatsapp-share'>WhatsApp<\/a><div class='clear '><\/div><\/div>","protected":false},"excerpt":{"rendered":"<p>Incentivados pela reprova\u00e7\u00e3o a pol\u00edticos de carreira, militares ampliaram a participa\u00e7\u00e3o na disputa por cargos do Poder Executivo neste ano. O n\u00famero de candidatos origin\u00e1rios das For\u00e7as Armadas, da Pol\u00edcia Militar e do Corpo de Bombeiros quase dobrou em rela\u00e7\u00e3o ao pleito de 2014. O jornal &#8220;O Estado de S. Paulo&#8221; identificou pelo menos 25 [&hellip;]<\/p>\n","protected":false},"author":1,"featured_media":8082,"comment_status":"open","ping_status":"open","sticky":false,"template":"","format":"standard","meta":{"om_disable_all_campaigns":false,"_exactmetrics_skip_tracking":false,"_exactmetrics_sitenote_active":false,"_exactmetrics_sitenote_note":"","_exactmetrics_sitenote_category":0,"footnotes":""},"categories":[21],"tags":[],"class_list":["post-8081","post","type-post","status-publish","format-standard","has-post-thumbnail","hentry","category-brasil"],"aioseo_notices":[],"_links":{"self":[{"href":"https:\/\/newsinfoco.com.br\/inicio\/wp-json\/wp\/v2\/posts\/8081","targetHints":{"allow":["GET"]}}],"collection":[{"href":"https:\/\/newsinfoco.com.br\/inicio\/wp-json\/wp\/v2\/posts"}],"about":[{"href":"https:\/\/newsinfoco.com.br\/inicio\/wp-json\/wp\/v2\/types\/post"}],"author":[{"embeddable":true,"href":"https:\/\/newsinfoco.com.br\/inicio\/wp-json\/wp\/v2\/users\/1"}],"replies":[{"embeddable":true,"href":"https:\/\/newsinfoco.com.br\/inicio\/wp-json\/wp\/v2\/comments?post=8081"}],"version-history":[{"count":0,"href":"https:\/\/newsinfoco.com.br\/inicio\/wp-json\/wp\/v2\/posts\/8081\/revisions"}],"wp:featuredmedia":[{"embeddable":true,"href":"https:\/\/newsinfoco.com.br\/inicio\/wp-json\/wp\/v2\/media\/8082"}],"wp:attachment":[{"href":"https:\/\/newsinfoco.com.br\/inicio\/wp-json\/wp\/v2\/media?parent=8081"}],"wp:term":[{"taxonomy":"category","embeddable":true,"href":"https:\/\/newsinfoco.com.br\/inicio\/wp-json\/wp\/v2\/categories?post=8081"},{"taxonomy":"post_tag","embeddable":true,"href":"https:\/\/newsinfoco.com.br\/inicio\/wp-json\/wp\/v2\/tags?post=8081"}],"curies":[{"name":"wp","href":"https:\/\/api.w.org\/{rel}","templated":true}]}}