{"id":8093,"date":"2018-08-13T09:44:48","date_gmt":"2018-08-13T12:44:48","guid":{"rendered":"http:\/\/newsinfoco.com.br\/?p=8093"},"modified":"2018-08-13T09:44:48","modified_gmt":"2018-08-13T12:44:48","slug":"fuvest-abre-inscricoes-para-vestibular-de-2019-nesta-segunda-feira","status":"publish","type":"post","link":"https:\/\/newsinfoco.com.br\/inicio\/fuvest-abre-inscricoes-para-vestibular-de-2019-nesta-segunda-feira\/","title":{"rendered":"Fuvest abre inscri\u00e7\u00f5es para vestibular de 2019 nesta segunda-feira"},"content":{"rendered":"<p style=\"text-align: justify;\">A Funda\u00e7\u00e3o Universit\u00e1ria para o Vestibular (<a href=\"https:\/\/veja.abril.com.br\/noticias-sobre\/fuvest\"><strong>Fuvest<\/strong><\/a>), \u00f3rg\u00e3o da\u00a0<strong>Universidade de S\u00e3o Paulo (USP)<\/strong>\u00a0respons\u00e1vel pela sele\u00e7\u00e3o de estudantes para as vagas na institui\u00e7\u00e3o, abre as inscri\u00e7\u00f5es para o vestibular de 2019 nesta segunda-feira (13), a partir das 12h. Todo o processo deve ser feito pelo\u00a0<a href=\"https:\/\/www.fuvest.br\/\">site da Fuvest<\/a>\u00a0at\u00e9 o pr\u00f3ximo dia 14 de setembro. Os estudantes sem isen\u00e7\u00e3o ter\u00e3o at\u00e9 o dia 18 do mesmo m\u00eas para quitar a taxa, no valor de 170 reais.<\/p>\n<p style=\"text-align: justify;\">Estar\u00e3o em disputa 8 362 vagas entre todas as carreiras ofertadas pela USP. A primeira fase da Fuvest acontecer\u00e1 no dia 25 de novembro e as duas provas (uma a menos do que no ano anterior) da segunda fase nos dias 6 e 7 de janeiro de 2019. Ser\u00e3o convocados para a segunda etapa quatro vezes o n\u00famero de vagas ofertadas no curso selecionado pelo estudante, exclu\u00eddos os candidatos que n\u00e3o fizerem 30% (27 acertos entre noventa quest\u00f5es).<\/p><div class=\"newsi-conteudo_19\" id=\"newsi-255437532\"><a href=\"https:\/\/www.instagram.com\/prefeituraalagoinhas?igsh=YzgzdDJ1bWR3aWI4\" aria-label=\"SAVE_20251006_221555\"><img loading=\"lazy\" decoding=\"async\" src=\"https:\/\/newsinfoco.com.br\/inicio\/wp-content\/uploads\/2025\/10\/SAVE_20251006_221555-rotated.jpg\" alt=\"\"  srcset=\"https:\/\/newsinfoco.com.br\/inicio\/wp-content\/uploads\/2025\/10\/SAVE_20251006_221555-rotated.jpg 1140w, https:\/\/newsinfoco.com.br\/inicio\/wp-content\/uploads\/2025\/10\/SAVE_20251006_221555-300x52.jpg 300w, https:\/\/newsinfoco.com.br\/inicio\/wp-content\/uploads\/2025\/10\/SAVE_20251006_221555-1024x177.jpg 1024w, https:\/\/newsinfoco.com.br\/inicio\/wp-content\/uploads\/2025\/10\/SAVE_20251006_221555-768x133.jpg 768w, https:\/\/newsinfoco.com.br\/inicio\/wp-content\/uploads\/2025\/10\/SAVE_20251006_221555-600x104.jpg 600w, https:\/\/newsinfoco.com.br\/inicio\/wp-content\/uploads\/2025\/10\/SAVE_20251006_221555-696x120.jpg 696w, https:\/\/newsinfoco.com.br\/inicio\/wp-content\/uploads\/2025\/10\/SAVE_20251006_221555-1068x185.jpg 1068w\" sizes=\"(max-width: 1140px) 100vw, 1140px\" width=\"1140\" height=\"197\"   \/><\/a><\/div>\n<p style=\"text-align: justify;\">Segundo o\u00a0<a href=\"https:\/\/www.fuvest.br\/wp-content\/uploads\/fuvest.2019.manual.candidato.pdf\">Manual do Candidato<\/a>, o estudante precisar\u00e1 anexar uma foto, com fundo sem detalhes, que destaque o rosto do candidato sem acess\u00f3rios. A imagem ser\u00e1 comparada com a foto coletada nos dias de provas, para devido reconhecimento facial. Candidatos transexuais poder\u00e3o se inscrever utilizando o campo \u201cnome social\u201d, dispon\u00edvel no momento do cadastro online.<\/p>\n<p style=\"text-align: justify;\">O vestibulando tamb\u00e9m deve selecionar qual \u00e9 a classifica\u00e7\u00e3o da sua candidatura. Se disputa pela chamada \u201campla concorr\u00eancia\u201d \u2013 ou seja, sem se encaixar em nenhum tipo de cota \u2013, pela \u201cA\u00e7\u00e3o Afirmativa EP\u201d (estudantes oriundos de escola p\u00fablica) ou pela \u201cA\u00e7\u00e3o Afirmativa PPI\u201d (candidatos autodeclarados pretos, pardos ou ind\u00edgenas, que tamb\u00e9m sejam oriundos de escola p\u00fablica).<\/p>\n<p style=\"text-align: justify;\">As provas ser\u00e3o realizadas em munic\u00edpios da regi\u00e3o metropolitana de S\u00e3o Paulo, do litoral e do interior. No caso do entorno da capital paulista, o estudante poder\u00e1 ser alocado para fazer a prova em cidades vizinhas a sua. Sete munic\u00edpios do interior receber\u00e3o as provas apenas na primeira fase \u2013 em caso de classifica\u00e7\u00e3o, os estudantes ser\u00e3o direcionados para a maior cidade da sua regi\u00e3o, entre S\u00e3o Jos\u00e9 do Rio Preto, Ribeir\u00e3o Preto, Sorocaba, Bauru e S\u00e3o Jos\u00e9 dos Campos.<\/p>\n<p style=\"text-align: justify;\">Para esse ano, o vestibular da Fuvest exigir\u00e1 do estudante o conhecimento em nove diferentes obras da literatura em l\u00edngua portuguesa. S\u00e3o elas:\u00a0<em>Iracema<\/em>, de Jos\u00e9 de Alencar;\u00a0<em>Mem\u00f3rias P\u00f3stumas de Br\u00e1s Cubas<\/em>, de Machado de Assis;\u00a0<em>O Corti\u00e7o,\u00a0<\/em>de Alu\u00edsio de Azevedo;\u00a0<em>A Rel\u00edquia<\/em>, de E\u00e7a de Queir\u00f3s;\u00a0<em>Minha Vida de Menina<\/em>, de Helena Morley;\u00a0<em>Vidas Secas<\/em>, de Graciliano Ramos;\u00a0<em>Claro Enigma<\/em>, de Carlos Drummond de Andrade;\u00a0<em>Sagarana<\/em>, de Jo\u00e3o Guimar\u00e3es Rosa; e\u00a0<em>Mayombe,\u00a0<\/em>de Pepetela.<\/p>\n<h3 style=\"text-align: justify;\">Calend\u00e1rio<\/h3>\n<p style=\"text-align: justify;\">13\/08\/2018 a 14\/09\/2018 \u2013 Das 12h \u00e0s 12h, prazo de inscri\u00e7\u00e3o para a Fuvest 2019<\/p>\n<p style=\"text-align: justify;\">18\/09\/2018 \u2013 \u00daltimo dia para o pagamento da taxa de inscri\u00e7\u00e3o<\/p>\n<p style=\"text-align: justify;\">16\/11\/2018 \u2013 Divulga\u00e7\u00e3o dos locais de prova da primeira fase<\/p>\n<p style=\"text-align: justify;\">25\/11\/2018 \u2013 Prova da primeira fase.<\/p>\n<p style=\"text-align: justify;\">10\/12\/2018 \u2013 Divulga\u00e7\u00e3o dos aprovados na primeira fase.<\/p>\n<p style=\"text-align: justify;\">06\/01\/2019 \u2013 Prova de portugu\u00eas e reda\u00e7\u00e3o da segunda fase<\/p>\n<p style=\"text-align: justify;\">07\/01\/2019 \u2013 Prova da segunda fase de disciplinas espec\u00edficas da carreira escolhida<\/p>\n<p style=\"text-align: justify;\">24\/01\/2019 \u2013 Divulga\u00e7\u00e3o da lista de aprovados<\/p>\n<p style=\"text-align: justify;\">06\/02\/2019 \u2013 Divulga\u00e7\u00e3o da lista de \u201ctreineiros\u201d aprovados<\/p>\n<p>&nbsp;<\/p>\n<h6 style=\"text-align: right;\">Fonte:Veja<\/h6>\n<div class='share-to-whatsapp-wrapper'><div class='share-on-whsp'>Share on: <\/div><a data-text='Fuvest abre inscri\u00e7\u00f5es para vestibular de 2019 nesta segunda-feira' data-link='https:\/\/newsinfoco.com.br\/inicio\/fuvest-abre-inscricoes-para-vestibular-de-2019-nesta-segunda-feira\/' class='whatsapp-button whatsapp-share'>WhatsApp<\/a><div class='clear '><\/div><\/div>","protected":false},"excerpt":{"rendered":"<p>A Funda\u00e7\u00e3o Universit\u00e1ria para o Vestibular (Fuvest), \u00f3rg\u00e3o da\u00a0Universidade de S\u00e3o Paulo (USP)\u00a0respons\u00e1vel pela sele\u00e7\u00e3o de estudantes para as vagas na institui\u00e7\u00e3o, abre as inscri\u00e7\u00f5es para o vestibular de 2019 nesta segunda-feira (13), a partir das 12h. Todo o processo deve ser feito pelo\u00a0site da Fuvest\u00a0at\u00e9 o pr\u00f3ximo dia 14 de setembro. Os estudantes sem [&hellip;]<\/p>\n","protected":false},"author":1,"featured_media":8094,"comment_status":"open","ping_status":"open","sticky":false,"template":"","format":"standard","meta":{"om_disable_all_campaigns":false,"_exactmetrics_skip_tracking":false,"_exactmetrics_sitenote_active":false,"_exactmetrics_sitenote_note":"","_exactmetrics_sitenote_category":0,"footnotes":""},"categories":[32],"tags":[],"class_list":["post-8093","post","type-post","status-publish","format-standard","has-post-thumbnail","hentry","category-educacao"],"aioseo_notices":[],"_links":{"self":[{"href":"https:\/\/newsinfoco.com.br\/inicio\/wp-json\/wp\/v2\/posts\/8093","targetHints":{"allow":["GET"]}}],"collection":[{"href":"https:\/\/newsinfoco.com.br\/inicio\/wp-json\/wp\/v2\/posts"}],"about":[{"href":"https:\/\/newsinfoco.com.br\/inicio\/wp-json\/wp\/v2\/types\/post"}],"author":[{"embeddable":true,"href":"https:\/\/newsinfoco.com.br\/inicio\/wp-json\/wp\/v2\/users\/1"}],"replies":[{"embeddable":true,"href":"https:\/\/newsinfoco.com.br\/inicio\/wp-json\/wp\/v2\/comments?post=8093"}],"version-history":[{"count":0,"href":"https:\/\/newsinfoco.com.br\/inicio\/wp-json\/wp\/v2\/posts\/8093\/revisions"}],"wp:featuredmedia":[{"embeddable":true,"href":"https:\/\/newsinfoco.com.br\/inicio\/wp-json\/wp\/v2\/media\/8094"}],"wp:attachment":[{"href":"https:\/\/newsinfoco.com.br\/inicio\/wp-json\/wp\/v2\/media?parent=8093"}],"wp:term":[{"taxonomy":"category","embeddable":true,"href":"https:\/\/newsinfoco.com.br\/inicio\/wp-json\/wp\/v2\/categories?post=8093"},{"taxonomy":"post_tag","embeddable":true,"href":"https:\/\/newsinfoco.com.br\/inicio\/wp-json\/wp\/v2\/tags?post=8093"}],"curies":[{"name":"wp","href":"https:\/\/api.w.org\/{rel}","templated":true}]}}