{"id":8102,"date":"2018-08-13T18:24:49","date_gmt":"2018-08-13T21:24:49","guid":{"rendered":"http:\/\/newsinfoco.com.br\/?p=8102"},"modified":"2018-08-13T18:24:49","modified_gmt":"2018-08-13T21:24:49","slug":"confira-as-atividades-desta-semana-nos-centros-de-referencia-de-assistencia-social-cras","status":"publish","type":"post","link":"https:\/\/newsinfoco.com.br\/inicio\/confira-as-atividades-desta-semana-nos-centros-de-referencia-de-assistencia-social-cras\/","title":{"rendered":"Confira as atividades desta semana nos Centros de Refer\u00eancia de Assist\u00eancia Social \u2013 CRAS"},"content":{"rendered":"<p style=\"text-align: justify;\"><span style=\"color: #000000;\">A Secretaria de Assist\u00eancia Social (SEMAS) divulga as atividades que ser\u00e3o realizadas esta semana nos\u00a0Centros de Refer\u00eancia de Assist\u00eancia Social da Pra\u00e7a do C\u00e9u, Nova Bras\u00edlia, Boa Uni\u00e3o e Riacho da Guia.<\/span><\/p>\n<p style=\"text-align: justify;\"><span style=\"color: #000000;\"><strong>\u00a0CRAS Riacho da Guia<\/strong><\/span><\/p><div class=\"newsi-conteudo_19\" id=\"newsi-3498863959\"><a href=\"https:\/\/www.instagram.com\/prefeituraalagoinhas?igsh=YzgzdDJ1bWR3aWI4\" aria-label=\"SAVE_20251006_221555\"><img loading=\"lazy\" decoding=\"async\" src=\"https:\/\/newsinfoco.com.br\/inicio\/wp-content\/uploads\/2025\/10\/SAVE_20251006_221555-rotated.jpg\" alt=\"\"  srcset=\"https:\/\/newsinfoco.com.br\/inicio\/wp-content\/uploads\/2025\/10\/SAVE_20251006_221555-rotated.jpg 1140w, https:\/\/newsinfoco.com.br\/inicio\/wp-content\/uploads\/2025\/10\/SAVE_20251006_221555-300x52.jpg 300w, https:\/\/newsinfoco.com.br\/inicio\/wp-content\/uploads\/2025\/10\/SAVE_20251006_221555-1024x177.jpg 1024w, https:\/\/newsinfoco.com.br\/inicio\/wp-content\/uploads\/2025\/10\/SAVE_20251006_221555-768x133.jpg 768w, https:\/\/newsinfoco.com.br\/inicio\/wp-content\/uploads\/2025\/10\/SAVE_20251006_221555-600x104.jpg 600w, https:\/\/newsinfoco.com.br\/inicio\/wp-content\/uploads\/2025\/10\/SAVE_20251006_221555-696x120.jpg 696w, https:\/\/newsinfoco.com.br\/inicio\/wp-content\/uploads\/2025\/10\/SAVE_20251006_221555-1068x185.jpg 1068w\" sizes=\"(max-width: 1140px) 100vw, 1140px\" width=\"1140\" height=\"197\"   \/><\/a><\/div>\n<p style=\"text-align: justify;\"><span style=\"color: #000000;\"><strong>13\/08 \u2013<\/strong>\u00a0Manh\u00e3: SCFV \u2013 Grupo de Crian\u00e7as \u2013 Campanha Desafio da Igualdade: Existe brinquedo de menina e brinquedo de menino?<\/span><\/p>\n<p style=\"text-align: justify;\"><span style=\"color: #000000;\">Tarde \u2013 SCFV \u2013 Oficina Violinos M\u00e1gicos e Canto Coral.<\/span><\/p>\n<p style=\"text-align: justify;\"><span style=\"color: #000000;\"><strong>14\/08 \u2013<\/strong>\u00a0Tarde: SCFV \u2013 Grupo de Mulheres \u2013 Campanha Desafio da Igualdade: O que podemos fazer pela igualdade de g\u00eanero na nossa conviv\u00eancia di\u00e1ria?<\/span><\/p>\n<p style=\"text-align: justify;\"><span style=\"color: #000000;\"><strong>15\/08<\/strong>\u00a0\u2013 Manh\u00e3 e Tarde: SCFV \u2013 Grupo de Crian\u00e7as \u2013 Trabalhar v\u00eddeos da Campanha Desafio da Igualdade.<\/span><\/p>\n<p style=\"text-align: justify;\"><span style=\"color: #000000;\">Manh\u00e3 e Tarde: SCFV \u2013 Oficina de Futebol.<\/span><\/p>\n<p style=\"text-align: justify;\"><span style=\"color: #000000;\"><strong>16\/08<\/strong>\u00a0\u2013 Manh\u00e3 e Tarde: SCFV \u2013 Grupo de Adolescentes \u2013 Campanha Desafio da Igualdade: O que podemos fazer pela igualdade de g\u00eanero na nossa conviv\u00eancia di\u00e1ria?<\/span><\/p>\n<p style=\"text-align: justify;\"><span style=\"color: #000000;\">Manh\u00e3 e Tarde: SCFV \u2013 Oficina de Dan\u00e7a Infantil e Idosos.<\/span><\/p>\n<p style=\"text-align: justify;\"><span style=\"color: #000000;\"><strong>17\/08<\/strong>\u00a0\u2013 Manh\u00e3: SCFV \u2013 Grupo de Adolescentes \u2013 Campanha Desafio da Igualdade: O que podemos fazer pela igualdade de g\u00eanero na nossa conviv\u00eancia di\u00e1ria?<\/span><\/p>\n<p style=\"text-align: justify;\"><span style=\"color: #000000;\">Tarde: SCFV \u2013 Grupo de Crian\u00e7as \u2013 Campanha Desafio da Igualdade: Existe brinquedo de menina e brinquedo de menino?<\/span><\/p>\n<p style=\"text-align: justify;\"><span style=\"color: #000000;\"><strong>\u00a0CRAS Boa Uni\u00e3o<\/strong><\/span><\/p>\n<p style=\"text-align: justify;\"><span style=\"color: #000000;\">13\/08 \u2013 Oficina de Futebol do SCFV para Adolescentes nos per\u00edodos Matutino e Vespertino;<\/span><\/p>\n<p style=\"text-align: justify;\"><span style=\"color: #000000;\">SCFV \u2013 Grupo Intergeracional no per\u00edodo Vespertino \u2013 Mesa Redonda: Preven\u00e7\u00e3o da Viol\u00eancia contra Mulher.<\/span><\/p>\n<p style=\"text-align: justify;\"><span style=\"color: #000000;\"><strong>14\/08<\/strong>\u00a0\u2013 Oficina de Dan\u00e7a do SCFV para Crian\u00e7as nos per\u00edodos Matutino e Vespertino e Mulheres no per\u00edodo Vespertino.<\/span><\/p>\n<p style=\"text-align: justify;\"><span style=\"color: #000000;\"><strong>15\/08<\/strong>\u00a0\u2013 Oficina de Violinos \u2013 SCFV na Comunidade do Oiteiro e no CRAS no per\u00edodo Matutino e no CRAS no per\u00edodo Vespertino.<\/span><\/p>\n<p style=\"text-align: justify;\"><span style=\"color: #000000;\"><strong>16\/08 \u2013<\/strong>\u00a0SCFV \u2013 Grupo de Adolescentes nos per\u00edodos Matutino e Vespertino.<\/span><\/p>\n<p style=\"text-align: justify;\"><span style=\"color: #000000;\">17\/08 \u2013 SCFV \u2013 Grupo de Crian\u00e7as 9 a 11 anos nos per\u00edodos Matutino e Vespertino \u2013 Realiza\u00e7\u00e3o de Jogos diversos na Quadra local.<\/span><\/p>\n<p style=\"text-align: justify;\"><span style=\"color: #000000;\"><strong>CRAS Pra\u00e7a do C\u00e9u<\/strong><\/span><\/p>\n<p style=\"text-align: justify;\"><span style=\"color: #000000;\"><strong>13\/08 \u2013<\/strong>\u00a0\u00a0Manh\u00e3: Visita domiciliar<\/span><\/p>\n<p style=\"text-align: justify;\"><span style=\"color: #000000;\">Busca Ativa- Grupos de Conviv\u00eancia<\/span><\/p>\n<p style=\"text-align: justify;\"><span style=\"color: #000000;\">Oficina de Violinos M\u00e1gicos<\/span><\/p>\n<p style=\"text-align: justify;\"><span style=\"color: #000000;\">Tarde: Visita domiciliar<\/span><\/p>\n<p style=\"text-align: justify;\"><span style=\"color: #000000;\">Busca ativa- Grupos de Conviv\u00eancia<\/span><\/p>\n<p style=\"text-align: justify;\"><span style=\"color: #000000;\">Oficina de Dan\u00e7a para idosas<\/span><\/p>\n<p style=\"text-align: justify;\"><span style=\"color: #000000;\"><strong>14\/08 \u2013<\/strong>\u00a0Manh\u00e3- Sala de espera: Acolhida com os t\u00e9cnicos<\/span><\/p>\n<p style=\"text-align: justify;\"><span style=\"color: #000000;\">Tarde- Grupo de Mulheres- Din\u00e2mica da bola<\/span><\/p>\n<p style=\"text-align: justify;\"><span style=\"color: #000000;\"><strong>15\/08 \u2013<\/strong>\u00a0Tarde- Oficina de Violinos M\u00e1gicos<\/span><\/p>\n<p style=\"text-align: justify;\"><span style=\"color: #000000;\">Oficina de Dan\u00e7a com Crian\u00e7as<\/span><\/p>\n<p style=\"text-align: justify;\"><span style=\"color: #000000;\"><strong>16\/08<\/strong>\u00a0\u2013 Manh\u00e3 e Tarde- \u00a0Grupo de Adolescente Document\u00e1rio Meu relacionamento abusivo<\/span><\/p>\n<p style=\"text-align: justify;\"><span style=\"color: #000000;\">Din\u00e2mica: Cara ou Coroa<\/span><\/p>\n<p style=\"text-align: justify;\"><span style=\"color: #000000;\">Tarde- Grupo de Idosas \u2013 Finalizar Oficina Colcha de Retalho<\/span><\/p>\n<p style=\"text-align: justify;\"><span style=\"color: #000000;\"><strong>17\/08<\/strong>\u00a0\u2013 Manh\u00e3- Sala de espera- Acolhida com os t\u00e9cnicos<\/span><\/p>\n<p style=\"text-align: justify;\"><span style=\"color: #000000;\">Manh\u00e3 e Tarde-Grupo de Crian\u00e7as- Din\u00e2mica das etiquetas\/ Preconceito<\/span><\/p>\n<p style=\"text-align: justify;\"><span style=\"color: #000000;\">Oficina de futebol<\/span><\/p>\n<p style=\"text-align: justify;\"><span style=\"color: #000000;\"><strong>Cras de Nova Bras\u00edlia.<\/strong><\/span><\/p>\n<p style=\"text-align: justify;\"><span style=\"color: #000000;\"><strong>13\/08<\/strong>\u00a0\u2013 Segunda-feira; Realizaremos atendimentos socioassistenciais e o Servi\u00e7o de Conviv\u00eancia e Fortalecimento de V\u00ednculos (SCFV) com o grupo de adolescentes.<\/span><\/p>\n<p style=\"text-align: justify;\"><span style=\"color: #000000;\"><strong>14\/08<\/strong>\u00a0\u2013 Ter\u00e7a \u2013 Feira; Realizaremos pela manh\u00e3 Oficina de Violinos no CRAS;<\/span><\/p>\n<p style=\"text-align: justify;\"><span style=\"color: #000000;\">Pela tarde \u2013 Oficina de Violino;<\/span><\/p>\n<p style=\"text-align: justify;\"><span style=\"color: #000000;\">Encontro com o Grupo de Idosas\/os \u2013 SCFV \u2013 Oficina \u201cEm todo tempo \u00e9 hora de dizer n\u00e3o a viol\u00eancia contra a Mulher\u201d.<\/span><\/p>\n<p style=\"text-align: justify;\"><span style=\"color: #000000;\">Ofertaremos tamb\u00e9m a Oficina de Futebol \u2013 manh\u00e3 e tarde na Comunidade da Baixa da Candeia<\/span><\/p>\n<p style=\"text-align: justify;\"><span style=\"color: #000000;\">Al\u00e9m da oferta do Servi\u00e7o de Prote\u00e7\u00e3o Social \u00e0 Domic\u00edlio \u2013 visitas domiciliares \u00e0s Pessoas com Defici\u00eancia e visitas da rede (manh\u00e3 e tarde).<\/span><\/p>\n<p style=\"text-align: justify;\"><span style=\"color: #000000;\"><strong>15\/08 \u2013<\/strong>\u00a0Manh\u00e3 \u2013 Oficina de Dan\u00e7a e Atendimento Socioassistencial; Encontro de Rede com o Conselho das\/dos Idosas\/os.<\/span><\/p>\n<p style=\"text-align: justify;\"><span style=\"color: #000000;\">Tarde \u2013 Oficina de Dan\u00e7a, Atendimento Socioassistencial;<\/span><\/p>\n<p style=\"text-align: justify;\"><span style=\"color: #000000;\"><strong>16\/08<\/strong>\u00a0\u2013 Manh\u00e3 \u2013 Atendimento Socioassistencial.<\/span><\/p>\n<p style=\"text-align: justify;\"><span style=\"color: #000000;\">Tarde \u2013 Servi\u00e7o de Conviv\u00eancia e Fortalecimento de V\u00ednculos (SCFV) Grupo de Mulheres e Reuni\u00e3o com as\/os Benefici\u00e1rios do Programa Bolsa Fam\u00edlia \u2013 em descumprimento das condicionalidades.<\/span><\/p>\n<p style=\"text-align: justify;\"><span style=\"color: #000000;\"><strong>17\/08 \u2013<\/strong>\u00a0Manh\u00e3 \u2013 Visita Domiciliar com o Servi\u00e7o de Prote\u00e7\u00e3o Social \u00e0 Domic\u00edlio para pessoas Idosas; Atendimento Socioassistencial; Servi\u00e7o de Conviv\u00eancia e Fortalecimento de V\u00ednculos (SCFV) Grupo de Crian\u00e7as.<\/span><\/p>\n<p style=\"text-align: justify;\"><span style=\"color: #000000;\">Tarde \u2013 Conversas Consentidas na Baixa da Candeia com o grupo de Mulheres e Servi\u00e7o de Conviv\u00eancia e Fortalecimento de V\u00ednculos (SCFV) Grupo de Crian\u00e7as.<\/span><\/p>\n<h6 style=\"text-align: right;\"><span style=\"color: #999999;\">Fonte: SECOM SEMAS<\/span><\/h6>\n<div style=\"text-align: justify;\" align=\"right\"><\/div>\n<div class='share-to-whatsapp-wrapper'><div class='share-on-whsp'>Share on: <\/div><a data-text='Confira as atividades desta semana nos Centros de Refer\u00eancia de Assist\u00eancia Social \u2013 CRAS' data-link='https:\/\/newsinfoco.com.br\/inicio\/confira-as-atividades-desta-semana-nos-centros-de-referencia-de-assistencia-social-cras\/' class='whatsapp-button whatsapp-share'>WhatsApp<\/a><div class='clear '><\/div><\/div>","protected":false},"excerpt":{"rendered":"<p>A Secretaria de Assist\u00eancia Social (SEMAS) divulga as atividades que ser\u00e3o realizadas esta semana nos\u00a0Centros de Refer\u00eancia de Assist\u00eancia Social da Pra\u00e7a do C\u00e9u, Nova Bras\u00edlia, Boa Uni\u00e3o e Riacho da Guia. \u00a0CRAS Riacho da Guia 13\/08 \u2013\u00a0Manh\u00e3: SCFV \u2013 Grupo de Crian\u00e7as \u2013 Campanha Desafio da Igualdade: Existe brinquedo de menina e brinquedo de [&hellip;]<\/p>\n","protected":false},"author":1,"featured_media":8103,"comment_status":"open","ping_status":"open","sticky":false,"template":"","format":"standard","meta":{"om_disable_all_campaigns":false,"_exactmetrics_skip_tracking":false,"_exactmetrics_sitenote_active":false,"_exactmetrics_sitenote_note":"","_exactmetrics_sitenote_category":0,"footnotes":""},"categories":[38,30],"tags":[53,54,120],"class_list":["post-8102","post","type-post","status-publish","format-standard","has-post-thumbnail","hentry","category-alagoinhas-e-regiao","category-destaque","tag-alagoinhas","tag-prefeitura","tag-secom-semas"],"aioseo_notices":[],"_links":{"self":[{"href":"https:\/\/newsinfoco.com.br\/inicio\/wp-json\/wp\/v2\/posts\/8102","targetHints":{"allow":["GET"]}}],"collection":[{"href":"https:\/\/newsinfoco.com.br\/inicio\/wp-json\/wp\/v2\/posts"}],"about":[{"href":"https:\/\/newsinfoco.com.br\/inicio\/wp-json\/wp\/v2\/types\/post"}],"author":[{"embeddable":true,"href":"https:\/\/newsinfoco.com.br\/inicio\/wp-json\/wp\/v2\/users\/1"}],"replies":[{"embeddable":true,"href":"https:\/\/newsinfoco.com.br\/inicio\/wp-json\/wp\/v2\/comments?post=8102"}],"version-history":[{"count":0,"href":"https:\/\/newsinfoco.com.br\/inicio\/wp-json\/wp\/v2\/posts\/8102\/revisions"}],"wp:featuredmedia":[{"embeddable":true,"href":"https:\/\/newsinfoco.com.br\/inicio\/wp-json\/wp\/v2\/media\/8103"}],"wp:attachment":[{"href":"https:\/\/newsinfoco.com.br\/inicio\/wp-json\/wp\/v2\/media?parent=8102"}],"wp:term":[{"taxonomy":"category","embeddable":true,"href":"https:\/\/newsinfoco.com.br\/inicio\/wp-json\/wp\/v2\/categories?post=8102"},{"taxonomy":"post_tag","embeddable":true,"href":"https:\/\/newsinfoco.com.br\/inicio\/wp-json\/wp\/v2\/tags?post=8102"}],"curies":[{"name":"wp","href":"https:\/\/api.w.org\/{rel}","templated":true}]}}