{"id":8280,"date":"2018-08-17T16:06:58","date_gmt":"2018-08-17T19:06:58","guid":{"rendered":"http:\/\/newsinfoco.com.br\/?p=8280"},"modified":"2018-08-17T16:06:58","modified_gmt":"2018-08-17T19:06:58","slug":"compartilhamento-como-forma-de-fortalecimento-da-rede-assistencial-prefeitura-promove-encontro-para-troca-de-experiencia-medica-entre-profissionais","status":"publish","type":"post","link":"https:\/\/newsinfoco.com.br\/inicio\/compartilhamento-como-forma-de-fortalecimento-da-rede-assistencial-prefeitura-promove-encontro-para-troca-de-experiencia-medica-entre-profissionais\/","title":{"rendered":"Compartilhamento como forma de fortalecimento da rede assistencial: Prefeitura promove encontro para troca de experi\u00eancia m\u00e9dica entre profissionais"},"content":{"rendered":"<p style=\"text-align: justify;\"><span style=\"color: #000000;\">Com a proposta de aprimorar estrat\u00e9gias e garantir melhorias aos usu\u00e1rios do sistema, a Prefeitura promoveu, por interm\u00e9dio da Secretaria Municipal de Sa\u00fade (SESAU), um encontro entre m\u00e9dicos da Aten\u00e7\u00e3o B\u00e1sica e m\u00e9dicos especialistas da Policl\u00ednica Municipal nesta sexta-feira (17).<\/span><\/p>\n<p style=\"text-align: justify;\"><span style=\"color: #000000;\">Os profissionais se reuniram das 8h \u00e0s 12h na Faculdade Sant\u00edssimo Sacramento para falar sobre as experi\u00eancias dentro dos setores em que atendem e para debater sobre o ordenamento do fluxo de atendimento. Eles discutiram tamb\u00e9m estrat\u00e9gias de otimiza\u00e7\u00e3o dos encaminhamentos, pontuando sobre as melhores op\u00e7\u00f5es que possam assegurar a resolutividade dentro do servi\u00e7o prestado.<\/span><\/p><div class=\"newsi-conteudo_19\" id=\"newsi-541557123\"><a href=\"https:\/\/www.instagram.com\/prefeituraalagoinhas?igsh=YzgzdDJ1bWR3aWI4\" aria-label=\"SAVE_20251006_221555\"><img loading=\"lazy\" decoding=\"async\" src=\"https:\/\/newsinfoco.com.br\/inicio\/wp-content\/uploads\/2025\/10\/SAVE_20251006_221555-rotated.jpg\" alt=\"\"  srcset=\"https:\/\/newsinfoco.com.br\/inicio\/wp-content\/uploads\/2025\/10\/SAVE_20251006_221555-rotated.jpg 1140w, https:\/\/newsinfoco.com.br\/inicio\/wp-content\/uploads\/2025\/10\/SAVE_20251006_221555-300x52.jpg 300w, https:\/\/newsinfoco.com.br\/inicio\/wp-content\/uploads\/2025\/10\/SAVE_20251006_221555-1024x177.jpg 1024w, https:\/\/newsinfoco.com.br\/inicio\/wp-content\/uploads\/2025\/10\/SAVE_20251006_221555-768x133.jpg 768w, https:\/\/newsinfoco.com.br\/inicio\/wp-content\/uploads\/2025\/10\/SAVE_20251006_221555-600x104.jpg 600w, https:\/\/newsinfoco.com.br\/inicio\/wp-content\/uploads\/2025\/10\/SAVE_20251006_221555-696x120.jpg 696w, https:\/\/newsinfoco.com.br\/inicio\/wp-content\/uploads\/2025\/10\/SAVE_20251006_221555-1068x185.jpg 1068w\" sizes=\"(max-width: 1140px) 100vw, 1140px\" width=\"1140\" height=\"197\"   \/><\/a><\/div>\n<p style=\"text-align: justify;\"><img decoding=\"async\" src=\"https:\/\/www.alagoinhas.ba.gov.br\/wp-content\/uploads\/2018\/08\/WhatsApp-Image-2018-08-17-at-10.03.50-1024x768.jpeg\" \/><\/p>\n<p style=\"text-align: justify;\"><span style=\"color: #000000;\">\u201cA inten\u00e7\u00e3o foi aproximar os profissionais para que houvesse essa troca. Eles puderam falar sobre os fluxos di\u00e1rios e discutir formas de aprimorar os direcionamentos dentro do sistema. Ent\u00e3o \u00e9 um encontro que evita a fragmenta\u00e7\u00e3o da assist\u00eancia e fortalece a rede assistencial em sa\u00fade no munic\u00edpio\u201d, afirmou Moacir Lira, respons\u00e1vel pela pasta.<\/span><\/p>\n<p style=\"text-align: justify;\"><span style=\"color: #000000;\">O Secret\u00e1rio de Sa\u00fade enfatizou ainda que a a\u00e7\u00e3o n\u00e3o \u00e9 pontual e que deve continuar sendo realizada, com encontros que favore\u00e7am o di\u00e1logo, promovam o compartilhamento entre profissionais e gerem desdobramentos positivos no que tange \u00e0s decis\u00f5es que dever\u00e3o ser revertidas em a\u00e7\u00f5es positivas para atendimento \u00e0 popula\u00e7\u00e3o. \u201cJ\u00e1 temos um calend\u00e1rio de atividades programadas para a realiza\u00e7\u00e3o dessas trocas\u201d, finalizou Moacir Lira.<\/span><\/p>\n<p style=\"text-align: justify;\"><span style=\"color: #000000;\">A SESAU informou que as trocas previstas devem contemplar n\u00e3o apenas m\u00e9dicos, mas profissionais da sa\u00fade que atendem no sistema p\u00fablico, em a\u00e7\u00f5es cont\u00ednuas que t\u00eam como objetivo principal garantir o atendimento de qualidade ao cidad\u00e3o.<\/span><\/p>\n<h6 style=\"text-align: right;\"><span style=\"color: #999999;\">Fonte: SECOM SESAU<\/span><\/h6>\n<div class='share-to-whatsapp-wrapper'><div class='share-on-whsp'>Share on: <\/div><a data-text='Compartilhamento como forma de fortalecimento da rede assistencial: Prefeitura promove encontro para troca de experi\u00eancia m\u00e9dica entre profissionais' data-link='https:\/\/newsinfoco.com.br\/inicio\/compartilhamento-como-forma-de-fortalecimento-da-rede-assistencial-prefeitura-promove-encontro-para-troca-de-experiencia-medica-entre-profissionais\/' class='whatsapp-button whatsapp-share'>WhatsApp<\/a><div class='clear '><\/div><\/div>","protected":false},"excerpt":{"rendered":"<p>Com a proposta de aprimorar estrat\u00e9gias e garantir melhorias aos usu\u00e1rios do sistema, a Prefeitura promoveu, por interm\u00e9dio da Secretaria Municipal de Sa\u00fade (SESAU), um encontro entre m\u00e9dicos da Aten\u00e7\u00e3o B\u00e1sica e m\u00e9dicos especialistas da Policl\u00ednica Municipal nesta sexta-feira (17). Os profissionais se reuniram das 8h \u00e0s 12h na Faculdade Sant\u00edssimo Sacramento para falar sobre [&hellip;]<\/p>\n","protected":false},"author":1,"featured_media":8281,"comment_status":"open","ping_status":"open","sticky":false,"template":"","format":"standard","meta":{"om_disable_all_campaigns":false,"_exactmetrics_skip_tracking":false,"_exactmetrics_sitenote_active":false,"_exactmetrics_sitenote_note":"","_exactmetrics_sitenote_category":0,"footnotes":""},"categories":[38,30],"tags":[53,54,101],"class_list":["post-8280","post","type-post","status-publish","format-standard","has-post-thumbnail","hentry","category-alagoinhas-e-regiao","category-destaque","tag-alagoinhas","tag-prefeitura","tag-secom-sesau"],"aioseo_notices":[],"_links":{"self":[{"href":"https:\/\/newsinfoco.com.br\/inicio\/wp-json\/wp\/v2\/posts\/8280","targetHints":{"allow":["GET"]}}],"collection":[{"href":"https:\/\/newsinfoco.com.br\/inicio\/wp-json\/wp\/v2\/posts"}],"about":[{"href":"https:\/\/newsinfoco.com.br\/inicio\/wp-json\/wp\/v2\/types\/post"}],"author":[{"embeddable":true,"href":"https:\/\/newsinfoco.com.br\/inicio\/wp-json\/wp\/v2\/users\/1"}],"replies":[{"embeddable":true,"href":"https:\/\/newsinfoco.com.br\/inicio\/wp-json\/wp\/v2\/comments?post=8280"}],"version-history":[{"count":0,"href":"https:\/\/newsinfoco.com.br\/inicio\/wp-json\/wp\/v2\/posts\/8280\/revisions"}],"wp:featuredmedia":[{"embeddable":true,"href":"https:\/\/newsinfoco.com.br\/inicio\/wp-json\/wp\/v2\/media\/8281"}],"wp:attachment":[{"href":"https:\/\/newsinfoco.com.br\/inicio\/wp-json\/wp\/v2\/media?parent=8280"}],"wp:term":[{"taxonomy":"category","embeddable":true,"href":"https:\/\/newsinfoco.com.br\/inicio\/wp-json\/wp\/v2\/categories?post=8280"},{"taxonomy":"post_tag","embeddable":true,"href":"https:\/\/newsinfoco.com.br\/inicio\/wp-json\/wp\/v2\/tags?post=8280"}],"curies":[{"name":"wp","href":"https:\/\/api.w.org\/{rel}","templated":true}]}}