{"id":8283,"date":"2018-08-17T16:12:07","date_gmt":"2018-08-17T19:12:07","guid":{"rendered":"http:\/\/newsinfoco.com.br\/?p=8283"},"modified":"2018-08-17T16:12:07","modified_gmt":"2018-08-17T19:12:07","slug":"rios-e-corregos-de-alagoinhas-passarao-por-limpeza-e-desassoreamento","status":"publish","type":"post","link":"https:\/\/newsinfoco.com.br\/inicio\/rios-e-corregos-de-alagoinhas-passarao-por-limpeza-e-desassoreamento\/","title":{"rendered":"Rios e c\u00f3rregos de Alagoinhas passar\u00e3o por limpeza e desassoreamento"},"content":{"rendered":"<p style=\"text-align: justify;\"><span style=\"color: #000000;\">Em mais um passo para preserva\u00e7\u00e3o do meio ambiente, a prefeitura municipal dar\u00e1 in\u00edcio, a partir da pr\u00f3xima semana, aos trabalhos de limpeza e desassoreamento de c\u00f3rregos e rios de Alagoinhas. O contrato com a empresa que ficar\u00e1 respons\u00e1vel pelos servi\u00e7os foi assinado na manh\u00e3 desta sexta-feira, na Secretaria de Desenvolvimento e Meio Ambiente (SEDEA).<\/span><\/p>\n<p style=\"text-align: justify;\"><span style=\"color: #000000;\">Os servi\u00e7os que ser\u00e3o realizados incluem a retirada do lixo flutuante e do depositado nas margens, e ainda de sedimentos que assoreiam o fundo dos leitos. De acordo com o secret\u00e1rio da Sedea, Ed\u00e9sio Cardoso, o projeto de limpeza ser\u00e1 cont\u00ednuo e visa a redu\u00e7\u00e3o dos impactos ambientais causados pelo assoreamento.\u201dAs dificuldades financeiras imperam, mas a preserva\u00e7\u00e3o do meio ambiente \u00e9 um das nossas preocupa\u00e7\u00f5es, e agora teremos uma empresa que se dedicar\u00e1\u00a0 fazer este trabalho de limpeza e manuten\u00e7\u00e3o das nossas bacias, evitando ac\u00famulo de lixo e de outros res\u00edduos\u201d, explicou Ed\u00e9sio.<\/span><\/p><div class=\"newsi-conteudo_19\" id=\"newsi-3735684574\"><a href=\"https:\/\/www.instagram.com\/prefeituraalagoinhas?igsh=YzgzdDJ1bWR3aWI4\" aria-label=\"SAVE_20251006_221555\"><img loading=\"lazy\" decoding=\"async\" src=\"https:\/\/newsinfoco.com.br\/inicio\/wp-content\/uploads\/2025\/10\/SAVE_20251006_221555-rotated.jpg\" alt=\"\"  srcset=\"https:\/\/newsinfoco.com.br\/inicio\/wp-content\/uploads\/2025\/10\/SAVE_20251006_221555-rotated.jpg 1140w, https:\/\/newsinfoco.com.br\/inicio\/wp-content\/uploads\/2025\/10\/SAVE_20251006_221555-300x52.jpg 300w, https:\/\/newsinfoco.com.br\/inicio\/wp-content\/uploads\/2025\/10\/SAVE_20251006_221555-1024x177.jpg 1024w, https:\/\/newsinfoco.com.br\/inicio\/wp-content\/uploads\/2025\/10\/SAVE_20251006_221555-768x133.jpg 768w, https:\/\/newsinfoco.com.br\/inicio\/wp-content\/uploads\/2025\/10\/SAVE_20251006_221555-600x104.jpg 600w, https:\/\/newsinfoco.com.br\/inicio\/wp-content\/uploads\/2025\/10\/SAVE_20251006_221555-696x120.jpg 696w, https:\/\/newsinfoco.com.br\/inicio\/wp-content\/uploads\/2025\/10\/SAVE_20251006_221555-1068x185.jpg 1068w\" sizes=\"(max-width: 1140px) 100vw, 1140px\" width=\"1140\" height=\"197\"   \/><\/a><\/div>\n<p style=\"text-align: justify;\"><span style=\"color: #000000;\">\u201cA assinatura deste contrato demonstra a nossa preocupa\u00e7\u00e3o com o meio ambiente. Sabemos que temos bacias bastante contaminadas e hoje demos um passo importante para a recupera\u00e7\u00e3o e prote\u00e7\u00e3o das nossas \u00e1guas\u201d, afirmou o prefeito Joaquim Neto.<\/span><\/p>\n<p style=\"text-align: justify;\"><span style=\"color: #000000;\">CONFIRA GALERIA DE FOTOS:<\/span><\/p>\n<p><a href=\"http:\/\/newsinfoco.com.br\/wp-content\/uploads\/2018\/08\/42282473980_1d8dc6e739_z.jpg\"><img loading=\"lazy\" decoding=\"async\" class=\"alignnone size-medium wp-image-8285\" src=\"http:\/\/newsinfoco.com.br\/wp-content\/uploads\/2018\/08\/42282473980_1d8dc6e739_z-300x199.jpg\" alt=\"\" width=\"300\" height=\"199\" srcset=\"https:\/\/newsinfoco.com.br\/inicio\/wp-content\/uploads\/2018\/08\/42282473980_1d8dc6e739_z-300x199.jpg 300w, https:\/\/newsinfoco.com.br\/inicio\/wp-content\/uploads\/2018\/08\/42282473980_1d8dc6e739_z-600x398.jpg 600w, https:\/\/newsinfoco.com.br\/inicio\/wp-content\/uploads\/2018\/08\/42282473980_1d8dc6e739_z-634x420.jpg 634w, https:\/\/newsinfoco.com.br\/inicio\/wp-content\/uploads\/2018\/08\/42282473980_1d8dc6e739_z.jpg 640w\" sizes=\"auto, (max-width: 300px) 100vw, 300px\" \/><\/a> <a href=\"http:\/\/newsinfoco.com.br\/wp-content\/uploads\/2018\/08\/29153734147_5be837ede5_z.jpg\"><img loading=\"lazy\" decoding=\"async\" class=\"alignnone size-medium wp-image-8284\" src=\"http:\/\/newsinfoco.com.br\/wp-content\/uploads\/2018\/08\/29153734147_5be837ede5_z-300x199.jpg\" alt=\"\" width=\"300\" height=\"199\" srcset=\"https:\/\/newsinfoco.com.br\/inicio\/wp-content\/uploads\/2018\/08\/29153734147_5be837ede5_z-300x199.jpg 300w, https:\/\/newsinfoco.com.br\/inicio\/wp-content\/uploads\/2018\/08\/29153734147_5be837ede5_z-600x398.jpg 600w, https:\/\/newsinfoco.com.br\/inicio\/wp-content\/uploads\/2018\/08\/29153734147_5be837ede5_z-634x420.jpg 634w, https:\/\/newsinfoco.com.br\/inicio\/wp-content\/uploads\/2018\/08\/29153734147_5be837ede5_z.jpg 640w\" sizes=\"auto, (max-width: 300px) 100vw, 300px\" \/><\/a> <a href=\"http:\/\/newsinfoco.com.br\/wp-content\/uploads\/2018\/08\/43184889305_e62d325dd7_z.jpg\"><img loading=\"lazy\" decoding=\"async\" class=\"alignnone size-medium wp-image-8286\" src=\"http:\/\/newsinfoco.com.br\/wp-content\/uploads\/2018\/08\/43184889305_e62d325dd7_z-300x199.jpg\" alt=\"\" width=\"300\" height=\"199\" srcset=\"https:\/\/newsinfoco.com.br\/inicio\/wp-content\/uploads\/2018\/08\/43184889305_e62d325dd7_z-300x199.jpg 300w, https:\/\/newsinfoco.com.br\/inicio\/wp-content\/uploads\/2018\/08\/43184889305_e62d325dd7_z-600x398.jpg 600w, https:\/\/newsinfoco.com.br\/inicio\/wp-content\/uploads\/2018\/08\/43184889305_e62d325dd7_z-634x420.jpg 634w, https:\/\/newsinfoco.com.br\/inicio\/wp-content\/uploads\/2018\/08\/43184889305_e62d325dd7_z.jpg 640w\" sizes=\"auto, (max-width: 300px) 100vw, 300px\" \/><\/a> <a href=\"http:\/\/newsinfoco.com.br\/wp-content\/uploads\/2018\/08\/43184891805_3d15bb5962_z.jpg\"><img loading=\"lazy\" decoding=\"async\" class=\"alignnone size-medium wp-image-8287\" src=\"http:\/\/newsinfoco.com.br\/wp-content\/uploads\/2018\/08\/43184891805_3d15bb5962_z-300x199.jpg\" alt=\"\" width=\"300\" height=\"199\" srcset=\"https:\/\/newsinfoco.com.br\/inicio\/wp-content\/uploads\/2018\/08\/43184891805_3d15bb5962_z-300x199.jpg 300w, https:\/\/newsinfoco.com.br\/inicio\/wp-content\/uploads\/2018\/08\/43184891805_3d15bb5962_z-600x398.jpg 600w, https:\/\/newsinfoco.com.br\/inicio\/wp-content\/uploads\/2018\/08\/43184891805_3d15bb5962_z-634x420.jpg 634w, https:\/\/newsinfoco.com.br\/inicio\/wp-content\/uploads\/2018\/08\/43184891805_3d15bb5962_z.jpg 640w\" sizes=\"auto, (max-width: 300px) 100vw, 300px\" \/><\/a><\/p>\n<h6 style=\"text-align: right;\"><span style=\"color: #999999;\">Fonte: SECOM SEDEA<\/span><\/h6>\n<div class='share-to-whatsapp-wrapper'><div class='share-on-whsp'>Share on: <\/div><a data-text='Rios e c\u00f3rregos de Alagoinhas passar\u00e3o por limpeza e desassoreamento' data-link='https:\/\/newsinfoco.com.br\/inicio\/rios-e-corregos-de-alagoinhas-passarao-por-limpeza-e-desassoreamento\/' class='whatsapp-button whatsapp-share'>WhatsApp<\/a><div class='clear '><\/div><\/div>","protected":false},"excerpt":{"rendered":"<p>Em mais um passo para preserva\u00e7\u00e3o do meio ambiente, a prefeitura municipal dar\u00e1 in\u00edcio, a partir da pr\u00f3xima semana, aos trabalhos de limpeza e desassoreamento de c\u00f3rregos e rios de Alagoinhas. O contrato com a empresa que ficar\u00e1 respons\u00e1vel pelos servi\u00e7os foi assinado na manh\u00e3 desta sexta-feira, na Secretaria de Desenvolvimento e Meio Ambiente (SEDEA). [&hellip;]<\/p>\n","protected":false},"author":1,"featured_media":8284,"comment_status":"open","ping_status":"open","sticky":false,"template":"","format":"standard","meta":{"om_disable_all_campaigns":false,"_exactmetrics_skip_tracking":false,"_exactmetrics_sitenote_active":false,"_exactmetrics_sitenote_note":"","_exactmetrics_sitenote_category":0,"footnotes":""},"categories":[38,30],"tags":[53,54,130],"class_list":["post-8283","post","type-post","status-publish","format-standard","has-post-thumbnail","hentry","category-alagoinhas-e-regiao","category-destaque","tag-alagoinhas","tag-prefeitura","tag-secom-sedea"],"aioseo_notices":[],"_links":{"self":[{"href":"https:\/\/newsinfoco.com.br\/inicio\/wp-json\/wp\/v2\/posts\/8283","targetHints":{"allow":["GET"]}}],"collection":[{"href":"https:\/\/newsinfoco.com.br\/inicio\/wp-json\/wp\/v2\/posts"}],"about":[{"href":"https:\/\/newsinfoco.com.br\/inicio\/wp-json\/wp\/v2\/types\/post"}],"author":[{"embeddable":true,"href":"https:\/\/newsinfoco.com.br\/inicio\/wp-json\/wp\/v2\/users\/1"}],"replies":[{"embeddable":true,"href":"https:\/\/newsinfoco.com.br\/inicio\/wp-json\/wp\/v2\/comments?post=8283"}],"version-history":[{"count":0,"href":"https:\/\/newsinfoco.com.br\/inicio\/wp-json\/wp\/v2\/posts\/8283\/revisions"}],"wp:featuredmedia":[{"embeddable":true,"href":"https:\/\/newsinfoco.com.br\/inicio\/wp-json\/wp\/v2\/media\/8284"}],"wp:attachment":[{"href":"https:\/\/newsinfoco.com.br\/inicio\/wp-json\/wp\/v2\/media?parent=8283"}],"wp:term":[{"taxonomy":"category","embeddable":true,"href":"https:\/\/newsinfoco.com.br\/inicio\/wp-json\/wp\/v2\/categories?post=8283"},{"taxonomy":"post_tag","embeddable":true,"href":"https:\/\/newsinfoco.com.br\/inicio\/wp-json\/wp\/v2\/tags?post=8283"}],"curies":[{"name":"wp","href":"https:\/\/api.w.org\/{rel}","templated":true}]}}