{"id":8289,"date":"2018-08-17T18:11:15","date_gmt":"2018-08-17T21:11:15","guid":{"rendered":"http:\/\/newsinfoco.com.br\/?p=8289"},"modified":"2018-08-17T18:11:15","modified_gmt":"2018-08-17T21:11:15","slug":"saae-finaliza-projeto-mulher-mais-na-baixa-da-candeia-e-jardim-petrolar","status":"publish","type":"post","link":"https:\/\/newsinfoco.com.br\/inicio\/saae-finaliza-projeto-mulher-mais-na-baixa-da-candeia-e-jardim-petrolar\/","title":{"rendered":"SAAE finaliza projeto Mulher Mais na Baixa da Candeia e Jardim Petrolar"},"content":{"rendered":"<p style=\"text-align: justify;\"><span style=\"color: #000000;\">O Servi\u00e7o Aut\u00f4nomo de \u00c1gua e Esgoto (SAAE) Alagoinhas finalizou, nesta sexta-feira (17), o projeto \u201cMulher Mais \u2013 Agora sou mais mulher\u201d. A iniciativa, desenvolvida pela Assessoria de Integra\u00e7\u00e3o Comunit\u00e1ria (AIC), integrou as a\u00e7\u00f5es sociais do programa federal Saneamento para Todos, e teve como objetivo melhorar a qualidade de vidas das mulheres dos bairros Barreiro, Mangal\u00f4 e Jardim Petrolar, a partir da produtividade e continuidade das rela\u00e7\u00f5es familiares e com outros grupos sociais.<\/span><\/p>\n<p style=\"text-align: justify;\"><span style=\"color: #000000;\">Ao longo dos encontros comandados pela pedagoga Eva Ara\u00fajo, as participantes puderam fazer um resgate de suas mem\u00f3rias afetivas, desde a inf\u00e2ncia \u2013 brincadeiras de crian\u00e7a, m\u00fasicas marcantes, cantigas de roda \u2013 at\u00e9 a adolesc\u00eancia e vida adulta. Al\u00e9m disso, ainda pintaram quadros e montaram uma hist\u00f3ria coletiva a partir das hist\u00f3rias individuais.<\/span><\/p><div class=\"newsi-conteudo_19\" id=\"newsi-2893226778\"><a href=\"https:\/\/www.instagram.com\/prefeituraalagoinhas?igsh=YzgzdDJ1bWR3aWI4\" aria-label=\"SAVE_20251006_221555\"><img loading=\"lazy\" decoding=\"async\" src=\"https:\/\/newsinfoco.com.br\/inicio\/wp-content\/uploads\/2025\/10\/SAVE_20251006_221555-rotated.jpg\" alt=\"\"  srcset=\"https:\/\/newsinfoco.com.br\/inicio\/wp-content\/uploads\/2025\/10\/SAVE_20251006_221555-rotated.jpg 1140w, https:\/\/newsinfoco.com.br\/inicio\/wp-content\/uploads\/2025\/10\/SAVE_20251006_221555-300x52.jpg 300w, https:\/\/newsinfoco.com.br\/inicio\/wp-content\/uploads\/2025\/10\/SAVE_20251006_221555-1024x177.jpg 1024w, https:\/\/newsinfoco.com.br\/inicio\/wp-content\/uploads\/2025\/10\/SAVE_20251006_221555-768x133.jpg 768w, https:\/\/newsinfoco.com.br\/inicio\/wp-content\/uploads\/2025\/10\/SAVE_20251006_221555-600x104.jpg 600w, https:\/\/newsinfoco.com.br\/inicio\/wp-content\/uploads\/2025\/10\/SAVE_20251006_221555-696x120.jpg 696w, https:\/\/newsinfoco.com.br\/inicio\/wp-content\/uploads\/2025\/10\/SAVE_20251006_221555-1068x185.jpg 1068w\" sizes=\"(max-width: 1140px) 100vw, 1140px\" width=\"1140\" height=\"197\"   \/><\/a><\/div>\n<p style=\"text-align: justify;\"><span style=\"color: #000000;\">\u201cFoi uma experi\u00eancia maravilhosa, pois conseguimos resgatar mem\u00f3rias que nos incomodavam e lidar com a vida de maneira mais fruitiva. A heterogeneidade do grupo nos possibilitou a oportunidade de falarmos acerca de diferentes hist\u00f3rias de vida, o que aproximou mais as mulheres que fazem parte dessas comunidades\u201d, disse a pedagoga.<\/span><\/p>\n<p style=\"text-align: justify;\"><span style=\"color: #000000;\">Para Ana Maria Santana, de 56 anos, foi maravilhoso, pois as moradoras se aproximaram ainda mais e puderam descobrir o potencial que cada uma tinha guardado em si. \u201cFez e far\u00e1 muita diferen\u00e7a em minha vida daqui para frente, pois havia coisas que eu guardava, como se tivesse uma mochilinha em minhas costas, acontecimentos do passado que eu consegui colocar para fora e est\u00e3o eliminadas\u201d, afirmou a estudante de T\u00e9cnico de Meio Ambiente. \u201cTirei esse fardo e agora posso seguir adiante, ter o pensamento positivo sobre algumas coisas\u201d, concluiu.<\/span><\/p>\n<p style=\"text-align: justify;\"><span style=\"color: #000000;\">\u201cFoi uma oportunidade que eu nunca tive antes\u201d, comentou Teresinha dos Santos Nery, 68 anos. \u201cEu amei, pois nos divertimos e aprendemos muita coisa boa\u201d.<\/span><\/p>\n<p style=\"text-align: justify;\"><span style=\"color: #000000;\">A parceria do projeto com Daniele Vasconcelos, maquiadora, proporcionou um momento de embelezamento \u00e0s mulheres. \u201c\u00c9 muito bom ver a satisfa\u00e7\u00e3o das mulheres de se olhar no espelho e se sentir mais bela. O que \u00e9 muito importante quando falamos em resgate da autoestima\u201d, explicou a maquiadora.<\/span><\/p>\n<p style=\"text-align: justify;\"><span style=\"color: #000000;\">Leila pires, assessora da Integra\u00e7\u00e3o Comunit\u00e1ria, destacou que o resgate feito pela professora Eva oportunizou \u00e0s participantes se reconhecerem enquanto mulheres fortes. \u201cO projeto foi um sucesso e, levando isso em conta, iremos lev\u00e1-lo para outras partes da cidade, como Alagoinhas IV, Pra\u00e7a Kennedy, Novo Horizonte, Santa Terezinha e Pirinel, desta vez atrav\u00e9s do Programa de Acelera\u00e7\u00e3o do Crescimento e\u201d, revelou a assessora.<\/span><\/p>\n<p style=\"text-align: justify;\"><span style=\"color: #000000;\">Maria das Gra\u00e7as, diretora geral da autarquia, ressaltou a relev\u00e2ncia do projeto, uma vez que \u201co papel do SAAE perante \u00e0 sociedade de Alagoinhas n\u00e3o \u00e9 apenas de prestar um bom servi\u00e7o de abastecimento de \u00e1gua e esgotamento sanit\u00e1rio, mas tamb\u00e9m de levar conhecimento n\u00e3o s\u00f3 no \u00e2mbito da educa\u00e7\u00e3o sanit\u00e1ria e ambiental e promover a\u00e7\u00f5es como essa, afinal n\u00e3o se trata apenas de um trabalho de saneamento, mas de sa\u00fade p\u00fablica\u201d.<\/span><\/p>\n<p style=\"text-align: justify;\"><span style=\"color: #000000;\"><em>Al\u00e9m do atendimento presencial no Posto de Atendimento (Rua Moreira Rego,9977, Centro), h\u00e1 o WhatsApp e o Call Center. Pelo aplicativo, basta enviar uma mensagem (75) 981804500; o retorno sempre \u00e9 instant\u00e2neo. Pelo Call Center, \u00e9 s\u00f3 ligar gratuitamente para 0800 702 7065.<\/em><\/span><\/p>\n<p style=\"text-align: justify;\"><span style=\"color: #000000;\"><strong>ASCOM<\/strong><\/span><br \/>\n<span style=\"color: #000000;\">Servi\u00e7o Aut\u00f4nomo de \u00c1gua e Esgoto \u2013 SAAE Alagoinhas<\/span><br \/>\n<span style=\"color: #000000;\">E-mail: ascom.saae@alagoinhas.ba.gov.br<\/span><br \/>\n<span style=\"color: #000000;\">Telefone: (75) 31826031<\/span><\/p>\n<p style=\"text-align: justify;\"><span style=\"color: #000000;\"><strong>Redes Sociais<\/strong><\/span><br \/>\n<span style=\"color: #000000;\">Facebook: www.facebook.com\/saaedealagoinhas<\/span><br \/>\n<span style=\"color: #000000;\">Instagram: www.instagram.com\/saaealagoinhas<\/span><br \/>\n<span style=\"color: #000000;\">Site: www.saae.alagoinhas.ba.gov.br<\/span><\/p>\n<p style=\"text-align: right;\">Fonte: SECOM<\/p>\n<div style=\"text-align: justify;\" align=\"right\"><\/div>\n<div class='share-to-whatsapp-wrapper'><div class='share-on-whsp'>Share on: <\/div><a data-text='SAAE finaliza projeto Mulher Mais na Baixa da Candeia e Jardim Petrolar' data-link='https:\/\/newsinfoco.com.br\/inicio\/saae-finaliza-projeto-mulher-mais-na-baixa-da-candeia-e-jardim-petrolar\/' class='whatsapp-button whatsapp-share'>WhatsApp<\/a><div class='clear '><\/div><\/div>","protected":false},"excerpt":{"rendered":"<p>O Servi\u00e7o Aut\u00f4nomo de \u00c1gua e Esgoto (SAAE) Alagoinhas finalizou, nesta sexta-feira (17), o projeto \u201cMulher Mais \u2013 Agora sou mais mulher\u201d. A iniciativa, desenvolvida pela Assessoria de Integra\u00e7\u00e3o Comunit\u00e1ria (AIC), integrou as a\u00e7\u00f5es sociais do programa federal Saneamento para Todos, e teve como objetivo melhorar a qualidade de vidas das mulheres dos bairros Barreiro, [&hellip;]<\/p>\n","protected":false},"author":1,"featured_media":8290,"comment_status":"open","ping_status":"open","sticky":false,"template":"","format":"standard","meta":{"om_disable_all_campaigns":false,"_exactmetrics_skip_tracking":false,"_exactmetrics_sitenote_active":false,"_exactmetrics_sitenote_note":"","_exactmetrics_sitenote_category":0,"footnotes":""},"categories":[38,30],"tags":[53,54,123],"class_list":["post-8289","post","type-post","status-publish","format-standard","has-post-thumbnail","hentry","category-alagoinhas-e-regiao","category-destaque","tag-alagoinhas","tag-prefeitura","tag-secom-saae"],"aioseo_notices":[],"_links":{"self":[{"href":"https:\/\/newsinfoco.com.br\/inicio\/wp-json\/wp\/v2\/posts\/8289","targetHints":{"allow":["GET"]}}],"collection":[{"href":"https:\/\/newsinfoco.com.br\/inicio\/wp-json\/wp\/v2\/posts"}],"about":[{"href":"https:\/\/newsinfoco.com.br\/inicio\/wp-json\/wp\/v2\/types\/post"}],"author":[{"embeddable":true,"href":"https:\/\/newsinfoco.com.br\/inicio\/wp-json\/wp\/v2\/users\/1"}],"replies":[{"embeddable":true,"href":"https:\/\/newsinfoco.com.br\/inicio\/wp-json\/wp\/v2\/comments?post=8289"}],"version-history":[{"count":0,"href":"https:\/\/newsinfoco.com.br\/inicio\/wp-json\/wp\/v2\/posts\/8289\/revisions"}],"wp:featuredmedia":[{"embeddable":true,"href":"https:\/\/newsinfoco.com.br\/inicio\/wp-json\/wp\/v2\/media\/8290"}],"wp:attachment":[{"href":"https:\/\/newsinfoco.com.br\/inicio\/wp-json\/wp\/v2\/media?parent=8289"}],"wp:term":[{"taxonomy":"category","embeddable":true,"href":"https:\/\/newsinfoco.com.br\/inicio\/wp-json\/wp\/v2\/categories?post=8289"},{"taxonomy":"post_tag","embeddable":true,"href":"https:\/\/newsinfoco.com.br\/inicio\/wp-json\/wp\/v2\/tags?post=8289"}],"curies":[{"name":"wp","href":"https:\/\/api.w.org\/{rel}","templated":true}]}}