{"id":8391,"date":"2018-08-20T10:13:00","date_gmt":"2018-08-20T13:13:00","guid":{"rendered":"http:\/\/newsinfoco.com.br\/?p=8391"},"modified":"2018-08-20T10:16:00","modified_gmt":"2018-08-20T13:16:00","slug":"policia-registrou-dois-homicidios-em-alagoinhas-neste-ultimo-final-de-semana","status":"publish","type":"post","link":"https:\/\/newsinfoco.com.br\/inicio\/policia-registrou-dois-homicidios-em-alagoinhas-neste-ultimo-final-de-semana\/","title":{"rendered":"Policia registrou dois homic\u00eddios em Alagoinhas neste \u00faltimo final de semana"},"content":{"rendered":"<p style=\"text-align: justify;\">Neste \u00faltimo final de semana, compreendido entre os dias 17 e 19 de agosto, a policia contabilizou mais dois homic\u00eddios em Alagoinhas.<\/p>\n<p style=\"text-align: justify;\">Os dois homic\u00eddios registrados ocorreram no s\u00e1bado(18). Em um dos casos, Rodrigo Santos de Santana, de 21 anos, faleceu ap\u00f3s ser atingido por v\u00e1rios tiros que atingiram a regi\u00e3o da cabe\u00e7a e costas. O fato se deu na localidade conhecida como Cachorro Magro.<\/p><div class=\"newsi-conteudo_19\" id=\"newsi-1593214346\"><a href=\"https:\/\/www.instagram.com\/prefeituraalagoinhas?igsh=YzgzdDJ1bWR3aWI4\" aria-label=\"SAVE_20251006_221555\"><img loading=\"lazy\" decoding=\"async\" src=\"https:\/\/newsinfoco.com.br\/inicio\/wp-content\/uploads\/2025\/10\/SAVE_20251006_221555-rotated.jpg\" alt=\"\"  srcset=\"https:\/\/newsinfoco.com.br\/inicio\/wp-content\/uploads\/2025\/10\/SAVE_20251006_221555-rotated.jpg 1140w, https:\/\/newsinfoco.com.br\/inicio\/wp-content\/uploads\/2025\/10\/SAVE_20251006_221555-300x52.jpg 300w, https:\/\/newsinfoco.com.br\/inicio\/wp-content\/uploads\/2025\/10\/SAVE_20251006_221555-1024x177.jpg 1024w, https:\/\/newsinfoco.com.br\/inicio\/wp-content\/uploads\/2025\/10\/SAVE_20251006_221555-768x133.jpg 768w, https:\/\/newsinfoco.com.br\/inicio\/wp-content\/uploads\/2025\/10\/SAVE_20251006_221555-600x104.jpg 600w, https:\/\/newsinfoco.com.br\/inicio\/wp-content\/uploads\/2025\/10\/SAVE_20251006_221555-696x120.jpg 696w, https:\/\/newsinfoco.com.br\/inicio\/wp-content\/uploads\/2025\/10\/SAVE_20251006_221555-1068x185.jpg 1068w\" sizes=\"(max-width: 1140px) 100vw, 1140px\" width=\"1140\" height=\"197\"   \/><\/a><\/div>\n<p style=\"text-align: justify;\">O outro homic\u00eddio foi registrado na rua S\u00e3o Crispim, na Santa Terezinha. Jean Portat da Silva Junior, de 30 anos, foi esfaqueado por indiv\u00edduos n\u00e3o identificados e n\u00e3o resistiu aos ferimentos, vindo a \u00f3bito<\/p>\n<h6 style=\"text-align: right;\"><span style=\"color: #999999;\">Por Caio Pimenta para o News Infoco<\/span><\/h6>\n<p style=\"text-align: justify;\">\n<div class='share-to-whatsapp-wrapper'><div class='share-on-whsp'>Share on: <\/div><a data-text='Policia registrou dois homic\u00eddios em Alagoinhas neste \u00faltimo final de semana' data-link='https:\/\/newsinfoco.com.br\/inicio\/policia-registrou-dois-homicidios-em-alagoinhas-neste-ultimo-final-de-semana\/' class='whatsapp-button whatsapp-share'>WhatsApp<\/a><div class='clear '><\/div><\/div>","protected":false},"excerpt":{"rendered":"<p>Neste \u00faltimo final de semana, compreendido entre os dias 17 e 19 de agosto, a policia contabilizou mais dois homic\u00eddios em Alagoinhas. Os dois homic\u00eddios registrados ocorreram no s\u00e1bado(18). Em um dos casos, Rodrigo Santos de Santana, de 21 anos, faleceu ap\u00f3s ser atingido por v\u00e1rios tiros que atingiram a regi\u00e3o da cabe\u00e7a e costas. [&hellip;]<\/p>\n","protected":false},"author":1,"featured_media":7881,"comment_status":"open","ping_status":"open","sticky":false,"template":"","format":"standard","meta":{"om_disable_all_campaigns":false,"_exactmetrics_skip_tracking":false,"_exactmetrics_sitenote_active":false,"_exactmetrics_sitenote_note":"","_exactmetrics_sitenote_category":0,"footnotes":""},"categories":[38,30],"tags":[],"class_list":["post-8391","post","type-post","status-publish","format-standard","has-post-thumbnail","hentry","category-alagoinhas-e-regiao","category-destaque"],"aioseo_notices":[],"_links":{"self":[{"href":"https:\/\/newsinfoco.com.br\/inicio\/wp-json\/wp\/v2\/posts\/8391","targetHints":{"allow":["GET"]}}],"collection":[{"href":"https:\/\/newsinfoco.com.br\/inicio\/wp-json\/wp\/v2\/posts"}],"about":[{"href":"https:\/\/newsinfoco.com.br\/inicio\/wp-json\/wp\/v2\/types\/post"}],"author":[{"embeddable":true,"href":"https:\/\/newsinfoco.com.br\/inicio\/wp-json\/wp\/v2\/users\/1"}],"replies":[{"embeddable":true,"href":"https:\/\/newsinfoco.com.br\/inicio\/wp-json\/wp\/v2\/comments?post=8391"}],"version-history":[{"count":0,"href":"https:\/\/newsinfoco.com.br\/inicio\/wp-json\/wp\/v2\/posts\/8391\/revisions"}],"wp:featuredmedia":[{"embeddable":true,"href":"https:\/\/newsinfoco.com.br\/inicio\/wp-json\/wp\/v2\/media\/7881"}],"wp:attachment":[{"href":"https:\/\/newsinfoco.com.br\/inicio\/wp-json\/wp\/v2\/media?parent=8391"}],"wp:term":[{"taxonomy":"category","embeddable":true,"href":"https:\/\/newsinfoco.com.br\/inicio\/wp-json\/wp\/v2\/categories?post=8391"},{"taxonomy":"post_tag","embeddable":true,"href":"https:\/\/newsinfoco.com.br\/inicio\/wp-json\/wp\/v2\/tags?post=8391"}],"curies":[{"name":"wp","href":"https:\/\/api.w.org\/{rel}","templated":true}]}}