{"id":8394,"date":"2018-08-20T14:29:23","date_gmt":"2018-08-20T17:29:23","guid":{"rendered":"http:\/\/newsinfoco.com.br\/?p=8394"},"modified":"2018-08-20T14:29:23","modified_gmt":"2018-08-20T17:29:23","slug":"roraima-pede-ao-stf-a-suspensao-temporaria-da-imigracao-de-venezuelanos","status":"publish","type":"post","link":"https:\/\/newsinfoco.com.br\/inicio\/roraima-pede-ao-stf-a-suspensao-temporaria-da-imigracao-de-venezuelanos\/","title":{"rendered":"Roraima pede ao STF a suspens\u00e3o tempor\u00e1ria da imigra\u00e7\u00e3o de venezuelanos"},"content":{"rendered":"<p class=\" \" style=\"text-align: justify;\"><span style=\"color: #000000;\">O governo de Roraima protocolou no Supremo Tribunal Federal (STF) o pedido de suspens\u00e3o tempor\u00e1ria da imigra\u00e7\u00e3o de venezuelanos ao estado. O requerimento acontece depois de imigrantes serem\u00a0\u00a0<a style=\"color: #000000;\" href=\"http:\/\/ultimosegundo.ig.com.br\/brasil\/2018-08-19\/ataque-a-venezuelanos-roraima-governo.html\" target=\"_blank\" rel=\"noopener\">atacados e expulsos por brasileiros<\/a>\u00a0no munic\u00edpio de Pacaraima, na fronteira entre os dos pa\u00edses, no fim de semana.\u00a0<\/span><\/p>\n<p style=\"text-align: justify;\"><span style=\"color: #000000;\">Al\u00e9m do pedido de suspens\u00e3o tempor\u00e1ria da imigra\u00e7\u00e3o ao estado, o governo de\u00a0<strong>Roraima<\/strong>\u00a0pediu para que a Uni\u00e3o &#8216;distribua&#8217; venezuelanos que j\u00e1 est\u00e3o no estado para outros locais do Pa\u00eds e que seja constru\u00eddo um hospital para o atendimento exclusivo dos imigrantes.\u00a0<\/span><\/p><div class=\"newsi-conteudo_19\" id=\"newsi-2242029503\"><a href=\"https:\/\/www.instagram.com\/prefeituraalagoinhas?igsh=YzgzdDJ1bWR3aWI4\" aria-label=\"SAVE_20251006_221555\"><img loading=\"lazy\" decoding=\"async\" src=\"https:\/\/newsinfoco.com.br\/inicio\/wp-content\/uploads\/2025\/10\/SAVE_20251006_221555-rotated.jpg\" alt=\"\"  srcset=\"https:\/\/newsinfoco.com.br\/inicio\/wp-content\/uploads\/2025\/10\/SAVE_20251006_221555-rotated.jpg 1140w, https:\/\/newsinfoco.com.br\/inicio\/wp-content\/uploads\/2025\/10\/SAVE_20251006_221555-300x52.jpg 300w, https:\/\/newsinfoco.com.br\/inicio\/wp-content\/uploads\/2025\/10\/SAVE_20251006_221555-1024x177.jpg 1024w, https:\/\/newsinfoco.com.br\/inicio\/wp-content\/uploads\/2025\/10\/SAVE_20251006_221555-768x133.jpg 768w, https:\/\/newsinfoco.com.br\/inicio\/wp-content\/uploads\/2025\/10\/SAVE_20251006_221555-600x104.jpg 600w, https:\/\/newsinfoco.com.br\/inicio\/wp-content\/uploads\/2025\/10\/SAVE_20251006_221555-696x120.jpg 696w, https:\/\/newsinfoco.com.br\/inicio\/wp-content\/uploads\/2025\/10\/SAVE_20251006_221555-1068x185.jpg 1068w\" sizes=\"(max-width: 1140px) 100vw, 1140px\" width=\"1140\" height=\"197\"   \/><\/a><\/div>\n<p style=\"text-align: justify;\"><span style=\"color: #000000;\">A fim de tentar encontrar solu\u00e7\u00f5es para o problema com os imigrantes venezuelanos no estado, o presidente Michel Temer volta a se reunir hoje (20) com sete ministros no Pal\u00e1cio do Planalto.<\/span><\/p>\n<p style=\"text-align: justify;\"><span style=\"color: #000000;\">A reuni\u00e3o de hoje, marcada para 15h, procede outro encontro entre as autoridades realizado ontem, no qual foi decidido o envio de agentes da For\u00e7a Nacional para ajudar na seguran\u00e7a do estado.\u00a0<\/span><\/p>\n<p style=\"text-align: justify;\"><span style=\"color: #000000;\">S\u00e3o esperados para o encontro os ministros Eliseu Padilha (Casa Civil), Joaquim Silva e Luna (Defesa), Moreira Franco (Minas e Energia), Edson Duarte (Meio Ambiente), Gustavo Rocha (Direitos Humanos), Sergio Etchegoyen (Gabinete de Seguran\u00e7a Institucional), e Grace Maria Fernandes Mendon\u00e7a (Advocacia-Geral da Uni\u00e3o).<\/span><\/p>\n<p style=\"text-align: justify;\"><span style=\"color: #000000;\">Tamb\u00e9m s\u00e3o aguardados o l\u00edder do governo no Senado, senador Romero Juc\u00e1 (MDB-RR), os secret\u00e1rios executivos do Minist\u00e9rio da Justi\u00e7a, Gilson Lib\u00f3rio de Oliveira Mendes, e da Seguran\u00e7a P\u00fablica, Lu\u00eds Carlos Cazetta; al\u00e9m do diretor de Saneamento da Caixa, Ant\u00f4nio Gil da Silveira, e os presidentes do Ibama, Suely Ara\u00fajo, da Funai, Wallace Moreira Bastos, e da Eletrobr\u00e1s, Wilson Ferreira Junior.<\/span><\/p>\n<p style=\"text-align: justify;\"><span style=\"color: #000000;\">O ministro Raul Jungmann, da Seguran\u00e7a P\u00fablica, tem viagem marcada para a Col\u00f4mbia para discutir a seguran\u00e7a nas fronteiras entre os pa\u00edses.<\/span><\/p>\n<p style=\"text-align: justify;\"><span style=\"color: #000000;\">Foram\u00a0<a style=\"color: #000000;\" href=\"https:\/\/ultimosegundo.ig.com.br\/brasil\/2018-08-20\/forca-nacional-roraima.html\" target=\"_blank\" rel=\"noopener\">enviados 60 homens<\/a>\u00a0\u00a0do Ex\u00e9rcito\u00a0para o estado, sendo que dever\u00e3o ser enviados outros 60, mas ainda sem previs\u00e3o de data.\u00a0Al\u00e9m do refor\u00e7o na seguran\u00e7a, o governo federal tamb\u00e9m promete enviar, at\u00e9 o pr\u00f3ximo domingo (26),\u00a036 volunt\u00e1rios da \u00e1rea da sa\u00fade para\u00a0atuar em parceria com hospitais universit\u00e1rios no atendimento aos imigrantes.<\/span><\/p>\n<h3 style=\"text-align: justify;\"><span style=\"color: #000000;\">Crise entre imigrantes venezuelanos e brasileiros\u00a0<\/span><\/h3>\n<p style=\"text-align: justify;\"><span style=\"color: #000000;\">No s\u00e1bado (18), moradores do munic\u00edpio de\u00a0Pacaraima\u00a0atacaram um acampamento de refugiados usando armas, paus e bombas caseiras. O ato foi uma rea\u00e7\u00e3o ao assalto e agress\u00f5es sofridos por um comerciante local, que supostamente teriam sido praticados por venezuelanos.\u00a0<\/span><\/p>\n<p style=\"text-align: justify;\"><span style=\"color: #000000;\">Mais de 1.200 refugiados que estavam na cidade\u00a0cruzaram de volta a fronteira ap\u00f3s o epis\u00f3dio, com medo de serem v\u00edtimas da viol\u00eancia dos moradores. O balan\u00e7o foi divulgado pela Opera\u00e7\u00e3o Acolhida, for\u00e7a-tarefa que atua em\u00a0<strong>Roraima<\/strong>\u00a0no apoio aos imigrantes\u00a0venezuelanos.\u00a0<\/span><\/p>\n<h6 style=\"text-align: right;\">Fonte:ig<\/h6>\n<div class='share-to-whatsapp-wrapper'><div class='share-on-whsp'>Share on: <\/div><a data-text='Roraima pede ao STF a suspens\u00e3o tempor\u00e1ria da imigra\u00e7\u00e3o de venezuelanos' data-link='https:\/\/newsinfoco.com.br\/inicio\/roraima-pede-ao-stf-a-suspensao-temporaria-da-imigracao-de-venezuelanos\/' class='whatsapp-button whatsapp-share'>WhatsApp<\/a><div class='clear '><\/div><\/div>","protected":false},"excerpt":{"rendered":"<p>O governo de Roraima protocolou no Supremo Tribunal Federal (STF) o pedido de suspens\u00e3o tempor\u00e1ria da imigra\u00e7\u00e3o de venezuelanos ao estado. O requerimento acontece depois de imigrantes serem\u00a0\u00a0atacados e expulsos por brasileiros\u00a0no munic\u00edpio de Pacaraima, na fronteira entre os dos pa\u00edses, no fim de semana.\u00a0 Al\u00e9m do pedido de suspens\u00e3o tempor\u00e1ria da imigra\u00e7\u00e3o ao estado, [&hellip;]<\/p>\n","protected":false},"author":1,"featured_media":8395,"comment_status":"open","ping_status":"open","sticky":false,"template":"","format":"standard","meta":{"om_disable_all_campaigns":false,"_exactmetrics_skip_tracking":false,"_exactmetrics_sitenote_active":false,"_exactmetrics_sitenote_note":"","_exactmetrics_sitenote_category":0,"footnotes":""},"categories":[21],"tags":[],"class_list":["post-8394","post","type-post","status-publish","format-standard","has-post-thumbnail","hentry","category-brasil"],"aioseo_notices":[],"_links":{"self":[{"href":"https:\/\/newsinfoco.com.br\/inicio\/wp-json\/wp\/v2\/posts\/8394","targetHints":{"allow":["GET"]}}],"collection":[{"href":"https:\/\/newsinfoco.com.br\/inicio\/wp-json\/wp\/v2\/posts"}],"about":[{"href":"https:\/\/newsinfoco.com.br\/inicio\/wp-json\/wp\/v2\/types\/post"}],"author":[{"embeddable":true,"href":"https:\/\/newsinfoco.com.br\/inicio\/wp-json\/wp\/v2\/users\/1"}],"replies":[{"embeddable":true,"href":"https:\/\/newsinfoco.com.br\/inicio\/wp-json\/wp\/v2\/comments?post=8394"}],"version-history":[{"count":0,"href":"https:\/\/newsinfoco.com.br\/inicio\/wp-json\/wp\/v2\/posts\/8394\/revisions"}],"wp:featuredmedia":[{"embeddable":true,"href":"https:\/\/newsinfoco.com.br\/inicio\/wp-json\/wp\/v2\/media\/8395"}],"wp:attachment":[{"href":"https:\/\/newsinfoco.com.br\/inicio\/wp-json\/wp\/v2\/media?parent=8394"}],"wp:term":[{"taxonomy":"category","embeddable":true,"href":"https:\/\/newsinfoco.com.br\/inicio\/wp-json\/wp\/v2\/categories?post=8394"},{"taxonomy":"post_tag","embeddable":true,"href":"https:\/\/newsinfoco.com.br\/inicio\/wp-json\/wp\/v2\/tags?post=8394"}],"curies":[{"name":"wp","href":"https:\/\/api.w.org\/{rel}","templated":true}]}}