{"id":8400,"date":"2018-08-20T15:53:50","date_gmt":"2018-08-20T18:53:50","guid":{"rendered":"http:\/\/newsinfoco.com.br\/?p=8400"},"modified":"2018-08-20T15:53:50","modified_gmt":"2018-08-20T18:53:50","slug":"alagoinhas-unha-pintada-leva-arrocha-e-romantismo-ao-distrito-de-boa-uniao-em-domingo-festivo","status":"publish","type":"post","link":"https:\/\/newsinfoco.com.br\/inicio\/alagoinhas-unha-pintada-leva-arrocha-e-romantismo-ao-distrito-de-boa-uniao-em-domingo-festivo\/","title":{"rendered":"Alagoinhas: Unha Pintada leva arrocha e romantismo ao distrito de Boa Uni\u00e3o em domingo festivo"},"content":{"rendered":"<p style=\"text-align: justify;\">Nas festividades do \u00faltimo domingo (19), em Boa Uni\u00e3o, que mesclou celebra\u00e7\u00f5es religiosas, pela manh\u00e3, com shows musicais e festa, pela noite, a atra\u00e7\u00e3o mais esperada pelo p\u00fablico foi a banda Unha Pintada, do cantor sergipano que ganhou o pa\u00eds com sucessos que misturam romantismo e arrocha.<\/p>\n<p><a href=\"http:\/\/newsinfoco.com.br\/wp-content\/uploads\/2018\/08\/43434301414_6c1b9ebd04_z.jpg\"><img loading=\"lazy\" decoding=\"async\" class=\"alignnone size-full wp-image-8402\" src=\"http:\/\/newsinfoco.com.br\/wp-content\/uploads\/2018\/08\/43434301414_6c1b9ebd04_z.jpg\" alt=\"\" width=\"800\" height=\"530\" srcset=\"https:\/\/newsinfoco.com.br\/inicio\/wp-content\/uploads\/2018\/08\/43434301414_6c1b9ebd04_z.jpg 800w, https:\/\/newsinfoco.com.br\/inicio\/wp-content\/uploads\/2018\/08\/43434301414_6c1b9ebd04_z-300x199.jpg 300w, https:\/\/newsinfoco.com.br\/inicio\/wp-content\/uploads\/2018\/08\/43434301414_6c1b9ebd04_z-768x509.jpg 768w, https:\/\/newsinfoco.com.br\/inicio\/wp-content\/uploads\/2018\/08\/43434301414_6c1b9ebd04_z-600x398.jpg 600w, https:\/\/newsinfoco.com.br\/inicio\/wp-content\/uploads\/2018\/08\/43434301414_6c1b9ebd04_z-696x461.jpg 696w, https:\/\/newsinfoco.com.br\/inicio\/wp-content\/uploads\/2018\/08\/43434301414_6c1b9ebd04_z-634x420.jpg 634w\" sizes=\"auto, (max-width: 800px) 100vw, 800px\" \/><\/a><\/p>\n<p style=\"text-align: justify;\">No palco do distrito, ele embalou can\u00e7\u00f5es como \u201cCasa Mobiliada\u201d, \u201cSeu Advogado\u201d, \u201cBebida na Ferida\u201d e m\u00fasicas \u201cestouradas\u201d do momento, como \u201cMeio Caminho Andado\u201d.<\/p><div class=\"newsi-conteudo_19\" id=\"newsi-1960511002\"><a href=\"https:\/\/www.instagram.com\/prefeituraalagoinhas?igsh=YzgzdDJ1bWR3aWI4\" aria-label=\"SAVE_20251006_221555\"><img loading=\"lazy\" decoding=\"async\" src=\"https:\/\/newsinfoco.com.br\/inicio\/wp-content\/uploads\/2025\/10\/SAVE_20251006_221555-rotated.jpg\" alt=\"\"  srcset=\"https:\/\/newsinfoco.com.br\/inicio\/wp-content\/uploads\/2025\/10\/SAVE_20251006_221555-rotated.jpg 1140w, https:\/\/newsinfoco.com.br\/inicio\/wp-content\/uploads\/2025\/10\/SAVE_20251006_221555-300x52.jpg 300w, https:\/\/newsinfoco.com.br\/inicio\/wp-content\/uploads\/2025\/10\/SAVE_20251006_221555-1024x177.jpg 1024w, https:\/\/newsinfoco.com.br\/inicio\/wp-content\/uploads\/2025\/10\/SAVE_20251006_221555-768x133.jpg 768w, https:\/\/newsinfoco.com.br\/inicio\/wp-content\/uploads\/2025\/10\/SAVE_20251006_221555-600x104.jpg 600w, https:\/\/newsinfoco.com.br\/inicio\/wp-content\/uploads\/2025\/10\/SAVE_20251006_221555-696x120.jpg 696w, https:\/\/newsinfoco.com.br\/inicio\/wp-content\/uploads\/2025\/10\/SAVE_20251006_221555-1068x185.jpg 1068w\" sizes=\"(max-width: 1140px) 100vw, 1140px\" width=\"1140\" height=\"197\"   \/><\/a><\/div>\n<p><a href=\"http:\/\/newsinfoco.com.br\/wp-content\/uploads\/2018\/08\/44104434192_01a46db970_z.jpg\"><img loading=\"lazy\" decoding=\"async\" class=\"alignnone size-full wp-image-8403\" src=\"http:\/\/newsinfoco.com.br\/wp-content\/uploads\/2018\/08\/44104434192_01a46db970_z.jpg\" alt=\"\" width=\"800\" height=\"530\" srcset=\"https:\/\/newsinfoco.com.br\/inicio\/wp-content\/uploads\/2018\/08\/44104434192_01a46db970_z.jpg 800w, https:\/\/newsinfoco.com.br\/inicio\/wp-content\/uploads\/2018\/08\/44104434192_01a46db970_z-300x199.jpg 300w, https:\/\/newsinfoco.com.br\/inicio\/wp-content\/uploads\/2018\/08\/44104434192_01a46db970_z-768x509.jpg 768w, https:\/\/newsinfoco.com.br\/inicio\/wp-content\/uploads\/2018\/08\/44104434192_01a46db970_z-600x398.jpg 600w, https:\/\/newsinfoco.com.br\/inicio\/wp-content\/uploads\/2018\/08\/44104434192_01a46db970_z-696x461.jpg 696w, https:\/\/newsinfoco.com.br\/inicio\/wp-content\/uploads\/2018\/08\/44104434192_01a46db970_z-634x420.jpg 634w\" sizes=\"auto, (max-width: 800px) 100vw, 800px\" \/><\/a><\/p>\n<p style=\"text-align: justify;\">Quem gostou foi o p\u00fablico, que cantou junto os sucessos da banda. \u201cEste ano eu estou achando legal. V\u00e1rias vezes as pessoas me falavam, mas as programa\u00e7\u00f5es eu via e nunca gostei de vir. Mas, este ano, veio o Unha Pintada. Est\u00e1 bom demais!\u201d, afirmou Alisson Gabriel Fran\u00e7a, de Terra Nova, que se deslocou at\u00e9 o distrito especialmente para curtir o show com os amigos.<\/p>\n<p style=\"text-align: justify;\">Roberval Santana, que tamb\u00e9m aproveitou a festa, concorda. \u201cN\u00e3o \u00e9 a primeira vez que eu venho, mas \u00e9 a primeira vez que tem uma festa assim, de grande porte, em Boa Uni\u00e3o. E agora que tem \u00e9 s\u00f3 aproveitar essa alegria! Rapaz, a programa\u00e7\u00e3o foi \u00f3tima, porque a gente n\u00e3o esperava que fosse ter Unha Pintada, at\u00e9 porque nunca teve uma banda assim aqui\u201d, disse o morador.<\/p>\n<p><a href=\"http:\/\/newsinfoco.com.br\/wp-content\/uploads\/2018\/08\/43434357214_8cfa48de01_k.jpg\"><img loading=\"lazy\" decoding=\"async\" class=\"alignnone size-full wp-image-8404\" src=\"http:\/\/newsinfoco.com.br\/wp-content\/uploads\/2018\/08\/43434357214_8cfa48de01_k.jpg\" alt=\"\" width=\"800\" height=\"529\" srcset=\"https:\/\/newsinfoco.com.br\/inicio\/wp-content\/uploads\/2018\/08\/43434357214_8cfa48de01_k.jpg 800w, https:\/\/newsinfoco.com.br\/inicio\/wp-content\/uploads\/2018\/08\/43434357214_8cfa48de01_k-300x198.jpg 300w, https:\/\/newsinfoco.com.br\/inicio\/wp-content\/uploads\/2018\/08\/43434357214_8cfa48de01_k-768x508.jpg 768w, https:\/\/newsinfoco.com.br\/inicio\/wp-content\/uploads\/2018\/08\/43434357214_8cfa48de01_k-600x397.jpg 600w, https:\/\/newsinfoco.com.br\/inicio\/wp-content\/uploads\/2018\/08\/43434357214_8cfa48de01_k-696x460.jpg 696w, https:\/\/newsinfoco.com.br\/inicio\/wp-content\/uploads\/2018\/08\/43434357214_8cfa48de01_k-635x420.jpg 635w\" sizes=\"auto, (max-width: 800px) 100vw, 800px\" \/><\/a><\/p>\n<p style=\"text-align: justify;\">Para o cantor sergipano Aldiran Santana, do Unha Pintada, que ganhava a vida no povoado Barroca, de Sim\u00e3o Dias, e se transformou em m\u00fasico da banda requisitada que mobiliza multid\u00f5es, o incentivo do p\u00fablico \u00e9 fundamental. \u201cGra\u00e7as a deus, os baianos abra\u00e7aram meu trabalho com muito amor. Eu s\u00f3 tenho que agradecer todo o carinho. Como sempre, a gente vem com muito romantismo, muito arrocha para quem quer falar de amor e para quem quer namorar\u201d, pontuou.<\/p>\n<p style=\"text-align: justify;\">De menino que chamava a aten\u00e7\u00e3o por causa das unhas pintadas a cantor da banda que virou sucesso no pa\u00eds, Aldiran Santana percorreu um longo caminho e trouxe repert\u00f3rio autoral para os shows. O que ele manteve, desde 2011, quando resolveu se jogar nesse projeto solo? Ousadia, \u00e9 claro. No palco de Boa Uni\u00e3o, o cantor chamou o p\u00fablico e arrochou sem ressalvas: \u201csofr\u00eancia\u201d liberada na noite de domingo.<\/p>\n<p style=\"text-align: justify;\">Quem esteve na pra\u00e7a do distrito n\u00e3o deixou a anima\u00e7\u00e3o acabar e o retorno foi positivo: as f\u00e3s da banda cantaram as m\u00fasicas at\u00e9 o final da apresenta\u00e7\u00e3o.<\/p>\n<p style=\"text-align: justify;\">\u201c\u00c9 a primeira vez que eu venho e estou gostando muito. Pessoas animadas, bonitas, divertidas. \u00c9 isso a\u00ed\u201d, comentou Stephany Santos Oliveira, que tamb\u00e9m aproveitou a noite festiva.<\/p>\n<p style=\"text-align: justify;\">Al\u00e9m de Unha Pintada, tamb\u00e9m se apresentaram em Boa Uni\u00e3o a banda Cerveja Envolvente, Jorginho dos Teclados e Chica Banana.<\/p>\n<p style=\"text-align: justify;\">Segundo o prefeito Joaquim Neto, a escolha das atra\u00e7\u00f5es partiu exclusivamente da comunidade. \u201cColoquei uma festa que a pr\u00f3pria popula\u00e7\u00e3o escolheu. Todas as bandas vieram de sugest\u00f5es dos moradores de Boa Uni\u00e3o. Eu apenas cumpri o que eles pediram. O resultado foi esse a\u00ed, que as pessoas est\u00e3o vendo: pra\u00e7a lotada, pessoal alegre. Fico feliz em estar atendendo ao pedido de Boa Uni\u00e3o\u201d, afirmou.<\/p>\n<p><a href=\"http:\/\/newsinfoco.com.br\/wp-content\/uploads\/2018\/08\/43434402264_cac69fb02b_k.jpg\"><img loading=\"lazy\" decoding=\"async\" class=\"alignnone size-full wp-image-8405\" src=\"http:\/\/newsinfoco.com.br\/wp-content\/uploads\/2018\/08\/43434402264_cac69fb02b_k.jpg\" alt=\"\" width=\"800\" height=\"529\" srcset=\"https:\/\/newsinfoco.com.br\/inicio\/wp-content\/uploads\/2018\/08\/43434402264_cac69fb02b_k.jpg 800w, https:\/\/newsinfoco.com.br\/inicio\/wp-content\/uploads\/2018\/08\/43434402264_cac69fb02b_k-300x198.jpg 300w, https:\/\/newsinfoco.com.br\/inicio\/wp-content\/uploads\/2018\/08\/43434402264_cac69fb02b_k-768x508.jpg 768w, https:\/\/newsinfoco.com.br\/inicio\/wp-content\/uploads\/2018\/08\/43434402264_cac69fb02b_k-600x397.jpg 600w, https:\/\/newsinfoco.com.br\/inicio\/wp-content\/uploads\/2018\/08\/43434402264_cac69fb02b_k-696x460.jpg 696w, https:\/\/newsinfoco.com.br\/inicio\/wp-content\/uploads\/2018\/08\/43434402264_cac69fb02b_k-635x420.jpg 635w\" sizes=\"auto, (max-width: 800px) 100vw, 800px\" \/><\/a><\/p>\n<p style=\"text-align: justify;\">O prefeito enfatizou que, al\u00e9m da anima\u00e7\u00e3o, as festas tradicionais tamb\u00e9m movimentam a renda local, j\u00e1 que atraem pessoas da regi\u00e3o. Joaquim Neto ressaltou ainda que os festejos s\u00e3o importantes, mas que continua trabalhando para atender tamb\u00e9m a outras demandas da comunidade. \u201cN\u00e3o descuidamos da sa\u00fade. Entregamos uma ambul\u00e2ncia aqui para esta comunidade h\u00e1 menos de 1 m\u00eas, fizemos opera\u00e7\u00e3o tapa-buraco desde a BR 101 at\u00e9 a Rua da Palha, que \u00e9 a \u00faltima rua de Boa Uni\u00e3o, fizemos tamb\u00e9m estradas vicinais, atrav\u00e9s da Secretaria de Agricultura. Entregamos o adubo org\u00e2nico para a popula\u00e7\u00e3o e as sementes de feij\u00e3o. S\u00e3o interven\u00e7\u00f5es que estamos fazendo e que vamos continuar trazendo para a regi\u00e3o\u201d, ressaltou.<\/p>\n<p style=\"text-align: justify;\">De acordo com a Pol\u00edcia Militar, cerca de 3 mil pessoas participaram da festa na noite de domingo (19).<\/p>\n<h6 style=\"text-align: right;\"><span style=\"color: #999999;\">Secom Alagoinhas<\/span><\/h6>\n<div class='share-to-whatsapp-wrapper'><div class='share-on-whsp'>Share on: <\/div><a data-text='Alagoinhas: Unha Pintada leva arrocha e romantismo ao distrito de Boa Uni\u00e3o em domingo festivo' data-link='https:\/\/newsinfoco.com.br\/inicio\/alagoinhas-unha-pintada-leva-arrocha-e-romantismo-ao-distrito-de-boa-uniao-em-domingo-festivo\/' class='whatsapp-button whatsapp-share'>WhatsApp<\/a><div class='clear '><\/div><\/div>","protected":false},"excerpt":{"rendered":"<p>Nas festividades do \u00faltimo domingo (19), em Boa Uni\u00e3o, que mesclou celebra\u00e7\u00f5es religiosas, pela manh\u00e3, com shows musicais e festa, pela noite, a atra\u00e7\u00e3o mais esperada pelo p\u00fablico foi a banda Unha Pintada, do cantor sergipano que ganhou o pa\u00eds com sucessos que misturam romantismo e arrocha. No palco do distrito, ele embalou can\u00e7\u00f5es como [&hellip;]<\/p>\n","protected":false},"author":1,"featured_media":8401,"comment_status":"open","ping_status":"open","sticky":false,"template":"","format":"standard","meta":{"om_disable_all_campaigns":false,"_exactmetrics_skip_tracking":false,"_exactmetrics_sitenote_active":false,"_exactmetrics_sitenote_note":"","_exactmetrics_sitenote_category":0,"footnotes":""},"categories":[38,30],"tags":[],"class_list":["post-8400","post","type-post","status-publish","format-standard","has-post-thumbnail","hentry","category-alagoinhas-e-regiao","category-destaque"],"aioseo_notices":[],"_links":{"self":[{"href":"https:\/\/newsinfoco.com.br\/inicio\/wp-json\/wp\/v2\/posts\/8400","targetHints":{"allow":["GET"]}}],"collection":[{"href":"https:\/\/newsinfoco.com.br\/inicio\/wp-json\/wp\/v2\/posts"}],"about":[{"href":"https:\/\/newsinfoco.com.br\/inicio\/wp-json\/wp\/v2\/types\/post"}],"author":[{"embeddable":true,"href":"https:\/\/newsinfoco.com.br\/inicio\/wp-json\/wp\/v2\/users\/1"}],"replies":[{"embeddable":true,"href":"https:\/\/newsinfoco.com.br\/inicio\/wp-json\/wp\/v2\/comments?post=8400"}],"version-history":[{"count":0,"href":"https:\/\/newsinfoco.com.br\/inicio\/wp-json\/wp\/v2\/posts\/8400\/revisions"}],"wp:featuredmedia":[{"embeddable":true,"href":"https:\/\/newsinfoco.com.br\/inicio\/wp-json\/wp\/v2\/media\/8401"}],"wp:attachment":[{"href":"https:\/\/newsinfoco.com.br\/inicio\/wp-json\/wp\/v2\/media?parent=8400"}],"wp:term":[{"taxonomy":"category","embeddable":true,"href":"https:\/\/newsinfoco.com.br\/inicio\/wp-json\/wp\/v2\/categories?post=8400"},{"taxonomy":"post_tag","embeddable":true,"href":"https:\/\/newsinfoco.com.br\/inicio\/wp-json\/wp\/v2\/tags?post=8400"}],"curies":[{"name":"wp","href":"https:\/\/api.w.org\/{rel}","templated":true}]}}