{"id":8408,"date":"2018-08-20T16:39:08","date_gmt":"2018-08-20T19:39:08","guid":{"rendered":"http:\/\/newsinfoco.com.br\/?p=8408"},"modified":"2018-08-20T16:43:41","modified_gmt":"2018-08-20T19:43:41","slug":"aramari-operacao-conjunta-entre-pm-e-juizado-de-menores-apreende-menores-de-idade-portando-drogas-na-localidade-do-bosque-verde","status":"publish","type":"post","link":"https:\/\/newsinfoco.com.br\/inicio\/aramari-operacao-conjunta-entre-pm-e-juizado-de-menores-apreende-menores-de-idade-portando-drogas-na-localidade-do-bosque-verde\/","title":{"rendered":"Aramari: Opera\u00e7\u00e3o conjunta entre PM e Juizado de Menores apreende menores de idade portando drogas na localidade do Bosque Verde"},"content":{"rendered":"<p style=\"text-align: justify;\">Ap\u00f3s receber v\u00e1rias den\u00fancias sobre ocorr\u00eancia de tr\u00e1fico de drogas e ingest\u00e3o de bebida alco\u00f3lica por menores de idade em um estabelecimento comercial as margens da rodovia, na localidade de Bosque Verde, em Aramari, policiais militares acompanhado de agentes do Juizado de Menores promoveram uma opera\u00e7\u00e3o na \u00faltima sexta-feira(17) para averiguar a situa\u00e7\u00e3o.<\/p>\n<p style=\"text-align: justify;\">Chegando no local, a policia identificou Denilson de Jesus Barbosa, de 21 anos, residente na Fazenda Guabiraba, Boa Uni\u00e3o, portando uma pequena quantidade de maconha, T.D.S.P., de 17 anos, residente de Aramari, tamb\u00e9m portando maconha e C.V.M.M, 17 anos, em posse de dois comprimidos de \u00eaxtase. Os indiv\u00edduos menores de idade tamb\u00e9m consumiam bebida alco\u00f3lica no momento.<\/p><div class=\"newsi-conteudo_19\" id=\"newsi-3093124269\"><a href=\"https:\/\/www.instagram.com\/prefeituraalagoinhas?igsh=YzgzdDJ1bWR3aWI4\" aria-label=\"SAVE_20251006_221555\"><img loading=\"lazy\" decoding=\"async\" src=\"https:\/\/newsinfoco.com.br\/inicio\/wp-content\/uploads\/2025\/10\/SAVE_20251006_221555-rotated.jpg\" alt=\"\"  srcset=\"https:\/\/newsinfoco.com.br\/inicio\/wp-content\/uploads\/2025\/10\/SAVE_20251006_221555-rotated.jpg 1140w, https:\/\/newsinfoco.com.br\/inicio\/wp-content\/uploads\/2025\/10\/SAVE_20251006_221555-300x52.jpg 300w, https:\/\/newsinfoco.com.br\/inicio\/wp-content\/uploads\/2025\/10\/SAVE_20251006_221555-1024x177.jpg 1024w, https:\/\/newsinfoco.com.br\/inicio\/wp-content\/uploads\/2025\/10\/SAVE_20251006_221555-768x133.jpg 768w, https:\/\/newsinfoco.com.br\/inicio\/wp-content\/uploads\/2025\/10\/SAVE_20251006_221555-600x104.jpg 600w, https:\/\/newsinfoco.com.br\/inicio\/wp-content\/uploads\/2025\/10\/SAVE_20251006_221555-696x120.jpg 696w, https:\/\/newsinfoco.com.br\/inicio\/wp-content\/uploads\/2025\/10\/SAVE_20251006_221555-1068x185.jpg 1068w\" sizes=\"(max-width: 1140px) 100vw, 1140px\" width=\"1140\" height=\"197\"   \/><\/a><\/div>\n<p style=\"text-align: justify;\">Todos foram conduzidos \u00e0 delegacia onde as medidas cab\u00edveis foram adotadas.<\/p>\n<p style=\"text-align: justify;\">O dono do estabelecimento, E. O. dos S., de 52 anos, tamb\u00e9m foi levado preso para a delegacia.<\/p>\n<h6 style=\"text-align: right;\"><span style=\"color: #999999;\">Por Caio Pimenta para o News Infoco<\/span><\/h6>\n<p>&nbsp;<\/p>\n<div class='share-to-whatsapp-wrapper'><div class='share-on-whsp'>Share on: <\/div><a data-text='Aramari: Opera\u00e7\u00e3o conjunta entre PM e Juizado de Menores apreende menores de idade portando drogas na localidade do Bosque Verde' data-link='https:\/\/newsinfoco.com.br\/inicio\/aramari-operacao-conjunta-entre-pm-e-juizado-de-menores-apreende-menores-de-idade-portando-drogas-na-localidade-do-bosque-verde\/' class='whatsapp-button whatsapp-share'>WhatsApp<\/a><div class='clear '><\/div><\/div>","protected":false},"excerpt":{"rendered":"<p>Ap\u00f3s receber v\u00e1rias den\u00fancias sobre ocorr\u00eancia de tr\u00e1fico de drogas e ingest\u00e3o de bebida alco\u00f3lica por menores de idade em um estabelecimento comercial as margens da rodovia, na localidade de Bosque Verde, em Aramari, policiais militares acompanhado de agentes do Juizado de Menores promoveram uma opera\u00e7\u00e3o na \u00faltima sexta-feira(17) para averiguar a situa\u00e7\u00e3o. Chegando no [&hellip;]<\/p>\n","protected":false},"author":1,"featured_media":8410,"comment_status":"open","ping_status":"open","sticky":false,"template":"","format":"standard","meta":{"om_disable_all_campaigns":false,"_exactmetrics_skip_tracking":false,"_exactmetrics_sitenote_active":false,"_exactmetrics_sitenote_note":"","_exactmetrics_sitenote_category":0,"footnotes":""},"categories":[38,30],"tags":[],"class_list":["post-8408","post","type-post","status-publish","format-standard","has-post-thumbnail","hentry","category-alagoinhas-e-regiao","category-destaque"],"aioseo_notices":[],"_links":{"self":[{"href":"https:\/\/newsinfoco.com.br\/inicio\/wp-json\/wp\/v2\/posts\/8408","targetHints":{"allow":["GET"]}}],"collection":[{"href":"https:\/\/newsinfoco.com.br\/inicio\/wp-json\/wp\/v2\/posts"}],"about":[{"href":"https:\/\/newsinfoco.com.br\/inicio\/wp-json\/wp\/v2\/types\/post"}],"author":[{"embeddable":true,"href":"https:\/\/newsinfoco.com.br\/inicio\/wp-json\/wp\/v2\/users\/1"}],"replies":[{"embeddable":true,"href":"https:\/\/newsinfoco.com.br\/inicio\/wp-json\/wp\/v2\/comments?post=8408"}],"version-history":[{"count":0,"href":"https:\/\/newsinfoco.com.br\/inicio\/wp-json\/wp\/v2\/posts\/8408\/revisions"}],"wp:featuredmedia":[{"embeddable":true,"href":"https:\/\/newsinfoco.com.br\/inicio\/wp-json\/wp\/v2\/media\/8410"}],"wp:attachment":[{"href":"https:\/\/newsinfoco.com.br\/inicio\/wp-json\/wp\/v2\/media?parent=8408"}],"wp:term":[{"taxonomy":"category","embeddable":true,"href":"https:\/\/newsinfoco.com.br\/inicio\/wp-json\/wp\/v2\/categories?post=8408"},{"taxonomy":"post_tag","embeddable":true,"href":"https:\/\/newsinfoco.com.br\/inicio\/wp-json\/wp\/v2\/tags?post=8408"}],"curies":[{"name":"wp","href":"https:\/\/api.w.org\/{rel}","templated":true}]}}