{"id":8420,"date":"2018-08-20T21:09:03","date_gmt":"2018-08-21T00:09:03","guid":{"rendered":"http:\/\/newsinfoco.com.br\/?p=8420"},"modified":"2018-08-20T21:09:03","modified_gmt":"2018-08-21T00:09:03","slug":"valorizacao-da-cultura-e-dos-festejos-tradicionais-boa-uniao-comemora-sao-roque-com-misto-de-celebracao-religiosa-e-atracoes-musicais-no-periodo-da-noite","status":"publish","type":"post","link":"https:\/\/newsinfoco.com.br\/inicio\/valorizacao-da-cultura-e-dos-festejos-tradicionais-boa-uniao-comemora-sao-roque-com-misto-de-celebracao-religiosa-e-atracoes-musicais-no-periodo-da-noite\/","title":{"rendered":"Valoriza\u00e7\u00e3o da cultura e dos festejos tradicionais: Boa Uni\u00e3o comemora S\u00e3o Roque com misto de celebra\u00e7\u00e3o religiosa e atra\u00e7\u00f5es musicais no per\u00edodo da noite"},"content":{"rendered":"<p style=\"text-align: justify;\"><span style=\"color: #000000;\">Foi misturando f\u00e9, religiosidade, celebra\u00e7\u00e3o, anima\u00e7\u00e3o e cantoria que a Prefeitura Municipal, atrav\u00e9s da Secretaria de Cultura, Esporte e Turismo (SECET), garantiu um domingo inteiro de programa\u00e7\u00f5es festivas no distrito de Boa Uni\u00e3o.<\/span><\/p>\n<p style=\"text-align: justify;\"><span style=\"color: #000000;\">Neste 19 de agosto, a comemora\u00e7\u00e3o do dia de S\u00e3o Roque \u2013 celebrado originalmente pela Igreja Cat\u00f3licas no dia 16 \u2013 come\u00e7ou pela manh\u00e3, com uma missa \u00e0s 10h na igreja nova de Boa Uni\u00e3o em homenagem ao santo protetor das doen\u00e7as e enfermidades.<\/span><\/p><div class=\"newsi-conteudo_19\" id=\"newsi-2948580243\"><a href=\"https:\/\/www.instagram.com\/prefeituraalagoinhas?igsh=YzgzdDJ1bWR3aWI4\" aria-label=\"SAVE_20251006_221555\"><img loading=\"lazy\" decoding=\"async\" src=\"https:\/\/newsinfoco.com.br\/inicio\/wp-content\/uploads\/2025\/10\/SAVE_20251006_221555-rotated.jpg\" alt=\"\"  srcset=\"https:\/\/newsinfoco.com.br\/inicio\/wp-content\/uploads\/2025\/10\/SAVE_20251006_221555-rotated.jpg 1140w, https:\/\/newsinfoco.com.br\/inicio\/wp-content\/uploads\/2025\/10\/SAVE_20251006_221555-300x52.jpg 300w, https:\/\/newsinfoco.com.br\/inicio\/wp-content\/uploads\/2025\/10\/SAVE_20251006_221555-1024x177.jpg 1024w, https:\/\/newsinfoco.com.br\/inicio\/wp-content\/uploads\/2025\/10\/SAVE_20251006_221555-768x133.jpg 768w, https:\/\/newsinfoco.com.br\/inicio\/wp-content\/uploads\/2025\/10\/SAVE_20251006_221555-600x104.jpg 600w, https:\/\/newsinfoco.com.br\/inicio\/wp-content\/uploads\/2025\/10\/SAVE_20251006_221555-696x120.jpg 696w, https:\/\/newsinfoco.com.br\/inicio\/wp-content\/uploads\/2025\/10\/SAVE_20251006_221555-1068x185.jpg 1068w\" sizes=\"(max-width: 1140px) 100vw, 1140px\" width=\"1140\" height=\"197\"   \/><\/a><\/div>\n<p style=\"text-align: justify;\"><span style=\"color: #000000;\">Mas a men\u00e7\u00e3o ao santo, segundo os fi\u00e9is, come\u00e7ou antes: desde a \u00faltima segunda-feira (13), as missas haviam sendo celebradas com aten\u00e7\u00e3o especial \u00e0 hist\u00f3ria do homem que, nascido em fam\u00edlia rica, no s\u00e9culo XIII, teria distribu\u00eddo a heran\u00e7a entre os pobres e vivido como peregrino, levando conforto espiritual para os enfermos.<\/span><\/p>\n<p style=\"text-align: justify;\"><span style=\"color: #000000;\">\u201cO tema foi S\u00e3o Roque e cada comunidade veio dar a sua contribui\u00e7\u00e3o, desde segunda-feira, com a celebra\u00e7\u00e3o que come\u00e7ava \u00e0s 19h30. A gente sai de l\u00e1 e vem participar aqui. Todo ano a gente vem e toda noite \u00e9 dedicada a uma comunidade. Camboat\u00e1 foi quem abriu o festejo. \u00c9 tradi\u00e7\u00e3o, entre n\u00f3s, cat\u00f3licos. E lembrar que S\u00e3o Roque \u00e9 o protetor das doen\u00e7as incur\u00e1veis. A gente tem muita devo\u00e7\u00e3o por S\u00e3o Roque. No primeiro dia, foi o padre Wilson, e foi uma catequese sobre S\u00e3o Roque. Ele era rico, mas abandonou tudo e dedicou a vida dele \u00e0 causa dos menos favorecidos. Ele morreu na pris\u00e3o e a gente tem muita dedica\u00e7\u00e3o por ele. Pena que est\u00e1 querendo acabar, mas a gente vai resistir e vai continuar, porque essas festas n\u00e3o podem acabar. A gente agradece \u00e0 ajuda dos poderes, \u00e0 Secretaria de Cultura pelo apoio\u201d, comentou Joselma Dias da Paix\u00e3o, moradora de Camboat\u00e1.<\/span><\/p>\n<p><img decoding=\"async\" src=\"https:\/\/www.alagoinhas.ba.gov.br\/wp-content\/uploads\/2018\/08\/WhatsApp-Image-2018-08-19-at-11.46.33-1024x768.jpeg\" \/><\/p>\n<p style=\"text-align: justify;\"><span style=\"color: #000000;\">Para Elder Santos Ferreira Trindade, que tamb\u00e9m participou da missa, manter a data festiva da celebra\u00e7\u00e3o \u00e9 importante. \u201cAproximar as pessoas de Deus ajuda a socializar com as fam\u00edlias, sem contar que a hist\u00f3ria de S\u00e3o Roque \u00e9 muito interessante. Ele ficou doente, o cachorro ia levar p\u00e3o todos os dias pra ele, ent\u00e3o \u00e9 uma hist\u00f3ria interessante para escutar e perceber o valor de cada pessoa\u201d, pontuou.<\/span><\/p>\n<p style=\"text-align: justify;\"><span style=\"color: #000000;\">Segundo ele, entretanto, a festa n\u00e3o-religiosa, na parte da noite, quando os m\u00fasicos sobem ao palco, tamb\u00e9m \u00e9 muito esperada pela comunidade. \u201cA gente vem sempre. \u00c9 a festa de fevereiro e depois a de agosto. Estamos sempre presentes, fazendo miss\u00f5es, interagindo com a galera. Depois da festa normal, religiosa, tem a festa profana que \u00e9 maravilhosa. E este ano est\u00e1 super bom, com Unha Pintada aqui. Gra\u00e7as a Deus. Estou gostando muito. Que esteja sempre evoluindo a nossa comunidade e as festas\u201d, ressaltou.<\/span><\/p>\n<p style=\"text-align: justify;\"><span style=\"color: #000000;\">Este ano, a programa\u00e7\u00e3o crist\u00e3, com celebra\u00e7\u00e3o da missa, pela manh\u00e3, foi seguida de um leil\u00e3o de mercadorias. No final da tarde, o momento religioso deu lugar a atra\u00e7\u00f5es musicais: ao lado da igreja, no palco montado na pra\u00e7a, as bandas Cerveja Envolvente, Jorginho dos Teclados, Chica Banana e Unha Pintada fizeram a alegria da comunidade.<\/span><\/p>\n<p><img decoding=\"async\" src=\"https:\/\/www.alagoinhas.ba.gov.br\/wp-content\/uploads\/2018\/08\/igreja-300x300.jpeg\" \/><\/p>\n<p style=\"text-align: justify;\"><span style=\"color: #000000;\">De acordo com o prefeito Joaquim Neto, \u00e9 uma celebra\u00e7\u00e3o que mant\u00e9m viva a tradi\u00e7\u00e3o dos distritos e a hist\u00f3ria da regi\u00e3o. \u201cPrecisamos valorizar a cultura local e uma das formas de fazer isso \u00e9 justamente dando apoio \u00e0s festas realizadas tradicionalmente, como esta, de Boa Uni\u00e3o. E aqui foi uma festa que a pr\u00f3pria popula\u00e7\u00e3o escolheu. Vim desde cedo, acompanhei o pessoal da celebra\u00e7\u00e3o, depois participei do leil\u00e3o da comunidade, visitei antigos amigos daqui, escutei as principais demandas do distrito e estamos trabalhando para garantir qualidade em assist\u00eancia m\u00e9dica, infraestrutura e desenvolvimento \u00e0 popula\u00e7\u00e3o. Eu fico feliz em estar atendendo ao pedido de Boa Uni\u00e3o e de trazer as bandas que vieram de sugest\u00f5es dos pr\u00f3prios moradores. \u00c9 ouvindo a comunidade que a gente consegue transformar as coisas. Temos trazido muitos avan\u00e7os para Boa Uni\u00e3o e \u00e9 por estas melhorias que eu vou continuar trabalhando\u201d, garantiu.<\/span><\/p>\n<p style=\"text-align: justify;\"><span style=\"color: #000000;\">O 4\u00ba Batalh\u00e3o da Pol\u00edcia Militar de Alagoinhas informou que, no per\u00edodo da noite a festa de Boa Uni\u00e3o reuniu, este ano, cerca de 3 mil pessoas na pra\u00e7a do distrito.<\/span><\/p>\n<p><a href=\"http:\/\/newsinfoco.com.br\/wp-content\/uploads\/2018\/08\/42344321010_07e7620478_z.jpg\"><img loading=\"lazy\" decoding=\"async\" class=\"alignnone size-full wp-image-8421\" src=\"http:\/\/newsinfoco.com.br\/wp-content\/uploads\/2018\/08\/42344321010_07e7620478_z.jpg\" alt=\"\" width=\"640\" height=\"424\" srcset=\"https:\/\/newsinfoco.com.br\/inicio\/wp-content\/uploads\/2018\/08\/42344321010_07e7620478_z.jpg 640w, https:\/\/newsinfoco.com.br\/inicio\/wp-content\/uploads\/2018\/08\/42344321010_07e7620478_z-300x199.jpg 300w, https:\/\/newsinfoco.com.br\/inicio\/wp-content\/uploads\/2018\/08\/42344321010_07e7620478_z-600x398.jpg 600w, https:\/\/newsinfoco.com.br\/inicio\/wp-content\/uploads\/2018\/08\/42344321010_07e7620478_z-634x420.jpg 634w\" sizes=\"auto, (max-width: 640px) 100vw, 640px\" \/><\/a> <a href=\"http:\/\/newsinfoco.com.br\/wp-content\/uploads\/2018\/08\/43434364314_ab8b8c6ddb_z.jpg\"><img loading=\"lazy\" decoding=\"async\" class=\"alignnone size-full wp-image-8422\" src=\"http:\/\/newsinfoco.com.br\/wp-content\/uploads\/2018\/08\/43434364314_ab8b8c6ddb_z.jpg\" alt=\"\" width=\"640\" height=\"424\" srcset=\"https:\/\/newsinfoco.com.br\/inicio\/wp-content\/uploads\/2018\/08\/43434364314_ab8b8c6ddb_z.jpg 640w, https:\/\/newsinfoco.com.br\/inicio\/wp-content\/uploads\/2018\/08\/43434364314_ab8b8c6ddb_z-300x199.jpg 300w, https:\/\/newsinfoco.com.br\/inicio\/wp-content\/uploads\/2018\/08\/43434364314_ab8b8c6ddb_z-600x398.jpg 600w, https:\/\/newsinfoco.com.br\/inicio\/wp-content\/uploads\/2018\/08\/43434364314_ab8b8c6ddb_z-634x420.jpg 634w\" sizes=\"auto, (max-width: 640px) 100vw, 640px\" \/><\/a> <a href=\"http:\/\/newsinfoco.com.br\/wp-content\/uploads\/2018\/08\/43434372754_5984ebbbbb_z.jpg\"><img loading=\"lazy\" decoding=\"async\" class=\"alignnone size-full wp-image-8423\" src=\"http:\/\/newsinfoco.com.br\/wp-content\/uploads\/2018\/08\/43434372754_5984ebbbbb_z.jpg\" alt=\"\" width=\"640\" height=\"424\" srcset=\"https:\/\/newsinfoco.com.br\/inicio\/wp-content\/uploads\/2018\/08\/43434372754_5984ebbbbb_z.jpg 640w, https:\/\/newsinfoco.com.br\/inicio\/wp-content\/uploads\/2018\/08\/43434372754_5984ebbbbb_z-300x199.jpg 300w, https:\/\/newsinfoco.com.br\/inicio\/wp-content\/uploads\/2018\/08\/43434372754_5984ebbbbb_z-600x398.jpg 600w, https:\/\/newsinfoco.com.br\/inicio\/wp-content\/uploads\/2018\/08\/43434372754_5984ebbbbb_z-634x420.jpg 634w\" sizes=\"auto, (max-width: 640px) 100vw, 640px\" \/><\/a> <a href=\"http:\/\/newsinfoco.com.br\/wp-content\/uploads\/2018\/08\/43434386724_9ba56204a2_z.jpg\"><img loading=\"lazy\" decoding=\"async\" class=\"alignnone size-full wp-image-8424\" src=\"http:\/\/newsinfoco.com.br\/wp-content\/uploads\/2018\/08\/43434386724_9ba56204a2_z.jpg\" alt=\"\" width=\"640\" height=\"424\" srcset=\"https:\/\/newsinfoco.com.br\/inicio\/wp-content\/uploads\/2018\/08\/43434386724_9ba56204a2_z.jpg 640w, https:\/\/newsinfoco.com.br\/inicio\/wp-content\/uploads\/2018\/08\/43434386724_9ba56204a2_z-300x199.jpg 300w, https:\/\/newsinfoco.com.br\/inicio\/wp-content\/uploads\/2018\/08\/43434386724_9ba56204a2_z-600x398.jpg 600w, https:\/\/newsinfoco.com.br\/inicio\/wp-content\/uploads\/2018\/08\/43434386724_9ba56204a2_z-634x420.jpg 634w\" sizes=\"auto, (max-width: 640px) 100vw, 640px\" \/><\/a> <a href=\"http:\/\/newsinfoco.com.br\/wp-content\/uploads\/2018\/08\/43434402264_e462348d66_z.jpg\"><img loading=\"lazy\" decoding=\"async\" class=\"alignnone size-full wp-image-8425\" src=\"http:\/\/newsinfoco.com.br\/wp-content\/uploads\/2018\/08\/43434402264_e462348d66_z.jpg\" alt=\"\" width=\"640\" height=\"424\" srcset=\"https:\/\/newsinfoco.com.br\/inicio\/wp-content\/uploads\/2018\/08\/43434402264_e462348d66_z.jpg 640w, https:\/\/newsinfoco.com.br\/inicio\/wp-content\/uploads\/2018\/08\/43434402264_e462348d66_z-300x199.jpg 300w, https:\/\/newsinfoco.com.br\/inicio\/wp-content\/uploads\/2018\/08\/43434402264_e462348d66_z-600x398.jpg 600w, https:\/\/newsinfoco.com.br\/inicio\/wp-content\/uploads\/2018\/08\/43434402264_e462348d66_z-634x420.jpg 634w\" sizes=\"auto, (max-width: 640px) 100vw, 640px\" \/><\/a> <a href=\"http:\/\/newsinfoco.com.br\/wp-content\/uploads\/2018\/08\/43434405384_db8618391f_z.jpg\"><img loading=\"lazy\" decoding=\"async\" class=\"alignnone size-full wp-image-8426\" src=\"http:\/\/newsinfoco.com.br\/wp-content\/uploads\/2018\/08\/43434405384_db8618391f_z.jpg\" alt=\"\" width=\"640\" height=\"424\" srcset=\"https:\/\/newsinfoco.com.br\/inicio\/wp-content\/uploads\/2018\/08\/43434405384_db8618391f_z.jpg 640w, https:\/\/newsinfoco.com.br\/inicio\/wp-content\/uploads\/2018\/08\/43434405384_db8618391f_z-300x199.jpg 300w, https:\/\/newsinfoco.com.br\/inicio\/wp-content\/uploads\/2018\/08\/43434405384_db8618391f_z-600x398.jpg 600w, https:\/\/newsinfoco.com.br\/inicio\/wp-content\/uploads\/2018\/08\/43434405384_db8618391f_z-634x420.jpg 634w\" sizes=\"auto, (max-width: 640px) 100vw, 640px\" \/><\/a><\/p>\n<p style=\"text-align: right;\">Fonte: SECOM SECET<\/p>\n<div class='share-to-whatsapp-wrapper'><div class='share-on-whsp'>Share on: <\/div><a data-text='Valoriza\u00e7\u00e3o da cultura e dos festejos tradicionais: Boa Uni\u00e3o comemora S\u00e3o Roque com misto de celebra\u00e7\u00e3o religiosa e atra\u00e7\u00f5es musicais no per\u00edodo da noite' data-link='https:\/\/newsinfoco.com.br\/inicio\/valorizacao-da-cultura-e-dos-festejos-tradicionais-boa-uniao-comemora-sao-roque-com-misto-de-celebracao-religiosa-e-atracoes-musicais-no-periodo-da-noite\/' class='whatsapp-button whatsapp-share'>WhatsApp<\/a><div class='clear '><\/div><\/div>","protected":false},"excerpt":{"rendered":"<p>Foi misturando f\u00e9, religiosidade, celebra\u00e7\u00e3o, anima\u00e7\u00e3o e cantoria que a Prefeitura Municipal, atrav\u00e9s da Secretaria de Cultura, Esporte e Turismo (SECET), garantiu um domingo inteiro de programa\u00e7\u00f5es festivas no distrito de Boa Uni\u00e3o. Neste 19 de agosto, a comemora\u00e7\u00e3o do dia de S\u00e3o Roque \u2013 celebrado originalmente pela Igreja Cat\u00f3licas no dia 16 \u2013 come\u00e7ou [&hellip;]<\/p>\n","protected":false},"author":1,"featured_media":8427,"comment_status":"open","ping_status":"open","sticky":false,"template":"","format":"standard","meta":{"om_disable_all_campaigns":false,"_exactmetrics_skip_tracking":false,"_exactmetrics_sitenote_active":false,"_exactmetrics_sitenote_note":"","_exactmetrics_sitenote_category":0,"footnotes":""},"categories":[38,30],"tags":[53,54,121],"class_list":["post-8420","post","type-post","status-publish","format-standard","has-post-thumbnail","hentry","category-alagoinhas-e-regiao","category-destaque","tag-alagoinhas","tag-prefeitura","tag-secom-secet"],"aioseo_notices":[],"_links":{"self":[{"href":"https:\/\/newsinfoco.com.br\/inicio\/wp-json\/wp\/v2\/posts\/8420","targetHints":{"allow":["GET"]}}],"collection":[{"href":"https:\/\/newsinfoco.com.br\/inicio\/wp-json\/wp\/v2\/posts"}],"about":[{"href":"https:\/\/newsinfoco.com.br\/inicio\/wp-json\/wp\/v2\/types\/post"}],"author":[{"embeddable":true,"href":"https:\/\/newsinfoco.com.br\/inicio\/wp-json\/wp\/v2\/users\/1"}],"replies":[{"embeddable":true,"href":"https:\/\/newsinfoco.com.br\/inicio\/wp-json\/wp\/v2\/comments?post=8420"}],"version-history":[{"count":0,"href":"https:\/\/newsinfoco.com.br\/inicio\/wp-json\/wp\/v2\/posts\/8420\/revisions"}],"wp:featuredmedia":[{"embeddable":true,"href":"https:\/\/newsinfoco.com.br\/inicio\/wp-json\/wp\/v2\/media\/8427"}],"wp:attachment":[{"href":"https:\/\/newsinfoco.com.br\/inicio\/wp-json\/wp\/v2\/media?parent=8420"}],"wp:term":[{"taxonomy":"category","embeddable":true,"href":"https:\/\/newsinfoco.com.br\/inicio\/wp-json\/wp\/v2\/categories?post=8420"},{"taxonomy":"post_tag","embeddable":true,"href":"https:\/\/newsinfoco.com.br\/inicio\/wp-json\/wp\/v2\/tags?post=8420"}],"curies":[{"name":"wp","href":"https:\/\/api.w.org\/{rel}","templated":true}]}}