{"id":8433,"date":"2018-08-20T21:23:44","date_gmt":"2018-08-21T00:23:44","guid":{"rendered":"http:\/\/newsinfoco.com.br\/?p=8433"},"modified":"2018-08-20T21:23:44","modified_gmt":"2018-08-21T00:23:44","slug":"semas-divulga-atividades-do-cras-para-esta-semana","status":"publish","type":"post","link":"https:\/\/newsinfoco.com.br\/inicio\/semas-divulga-atividades-do-cras-para-esta-semana\/","title":{"rendered":"SEMAS divulga atividades do CRAS para esta semana"},"content":{"rendered":"<p style=\"text-align: justify;\"><span style=\"color: #000000;\">A Secretaria Municipal de Assist\u00eancia Social (SEMAS) est\u00e1 repleta de atividades nos Centro de Refer\u00eancia de Assist\u00eancia Social (CRAS) para esta semana; Confira a programa\u00e7\u00e3o para esta semana:<\/span><\/p>\n<p style=\"text-align: justify;\"><span style=\"color: #000000;\"><strong>CRAS de Nova Bras\u00edlia<\/strong><\/span><\/p><div class=\"newsi-conteudo_19\" id=\"newsi-919344406\"><a href=\"https:\/\/www.instagram.com\/prefeituraalagoinhas?igsh=YzgzdDJ1bWR3aWI4\" aria-label=\"SAVE_20251006_221555\"><img loading=\"lazy\" decoding=\"async\" src=\"https:\/\/newsinfoco.com.br\/inicio\/wp-content\/uploads\/2025\/10\/SAVE_20251006_221555-rotated.jpg\" alt=\"\"  srcset=\"https:\/\/newsinfoco.com.br\/inicio\/wp-content\/uploads\/2025\/10\/SAVE_20251006_221555-rotated.jpg 1140w, https:\/\/newsinfoco.com.br\/inicio\/wp-content\/uploads\/2025\/10\/SAVE_20251006_221555-300x52.jpg 300w, https:\/\/newsinfoco.com.br\/inicio\/wp-content\/uploads\/2025\/10\/SAVE_20251006_221555-1024x177.jpg 1024w, https:\/\/newsinfoco.com.br\/inicio\/wp-content\/uploads\/2025\/10\/SAVE_20251006_221555-768x133.jpg 768w, https:\/\/newsinfoco.com.br\/inicio\/wp-content\/uploads\/2025\/10\/SAVE_20251006_221555-600x104.jpg 600w, https:\/\/newsinfoco.com.br\/inicio\/wp-content\/uploads\/2025\/10\/SAVE_20251006_221555-696x120.jpg 696w, https:\/\/newsinfoco.com.br\/inicio\/wp-content\/uploads\/2025\/10\/SAVE_20251006_221555-1068x185.jpg 1068w\" sizes=\"(max-width: 1140px) 100vw, 1140px\" width=\"1140\" height=\"197\"   \/><\/a><\/div>\n<p style=\"text-align: justify;\"><span style=\"color: #000000;\">20\/08 \u2013 \u00a0Realizaremos atendimentos socioassistenciais e o Servi\u00e7o de Conviv\u00eancia e Fortalecimento de V\u00ednculos (SCFV) com o grupo de adolescentes (manh\u00e3 e tarde).<\/span><\/p>\n<p style=\"text-align: justify;\"><span style=\"color: #000000;\">21\/08 \u2013 Manh\u00e3 \u2013 Oficina de Violinos no CRAS;<\/span><\/p>\n<p style=\"text-align: justify;\"><span style=\"color: #000000;\">Tarde \u2013 Oficina de Violinos; Encontro com o Grupo de Idosas\/os \u2013 SCFV.<\/span><\/p>\n<p style=\"text-align: justify;\"><span style=\"color: #000000;\">Oficina de Futebol \u2013 Manh\u00e3 e tarde na Comunidade da Baixa da Candeia.<\/span><\/p>\n<p style=\"text-align: justify;\"><span style=\"color: #000000;\">Encontro com o Grupo de Gestantes por meio da oferta do Servi\u00e7o de Prote\u00e7\u00e3o e Atendimento Integral \u00e0 Fam\u00edlia \u2013 PAIF em parceria com o NASF (N\u00facleo de Apoio \u00e0 Sa\u00fade da Fam\u00edlia).<\/span><\/p>\n<p style=\"text-align: justify;\"><span style=\"color: #000000;\">Servi\u00e7o de Prote\u00e7\u00e3o Social \u00e0 Domic\u00edlio- visitas domiciliares \u00e0s Pessoas com Defici\u00eancia e visitas da rede, (manh\u00e3 e tarde).<\/span><\/p>\n<p style=\"text-align: justify;\"><span style=\"color: #000000;\">22\/08 \u2013 Manh\u00e3 \u2013 \u00a0Oficina de Dan\u00e7a e Atendimento Socioassistencial.<\/span><\/p>\n<p style=\"text-align: justify;\"><span style=\"color: #000000;\">Tarde \u2013 Oficina de Dan\u00e7a e Atendimento Socioassistencial;<\/span><\/p>\n<p style=\"text-align: justify;\"><span style=\"color: #000000;\">Realizaremos ainda durante todo a semana em espec\u00edfico na quarta-feira a execu\u00e7\u00e3o do planejamento em prepara\u00e7\u00e3o para a Gincana da Fam\u00edlia.<\/span><\/p>\n<p style=\"text-align: justify;\"><span style=\"color: #000000;\">23\/08 \u2013 \u00a0Manh\u00e3: \u00a0Atendimento Socioassistencial.<\/span><\/p>\n<p style=\"text-align: justify;\"><span style=\"color: #000000;\">Tarde- Servi\u00e7o de Conviv\u00eancia e Fortalecimento de V\u00ednculos (SCFV) Grupo de Mulheres.<\/span><\/p>\n<p style=\"text-align: justify;\"><span style=\"color: #000000;\">24\/08 \u2013 Manh\u00e3: Visita Domiciliar com o Servi\u00e7o de Prote\u00e7\u00e3o Social \u00e0 Domic\u00edlio para pessoas Idosas; Atendimento Socioassistencial; Servi\u00e7o de Conviv\u00eancia e Fortalecimento de V\u00ednculos (SCFV)( Grupo de Crian\u00e7as).<\/span><\/p>\n<p style=\"text-align: justify;\"><span style=\"color: #000000;\">Tarde: Servi\u00e7o de Conviv\u00eancia e Fortalecimento de V\u00ednculos (SCFV) Grupo de Crian\u00e7as.<\/span><\/p>\n<p style=\"text-align: justify;\"><span style=\"color: #000000;\">Oficina de Dan\u00e7a com Mulheres e Idosos na Comunidade da Baixa da Candeia.<\/span><\/p>\n<p style=\"text-align: justify;\"><span style=\"color: #000000;\">25\/08 \u2013 \u00a0Gincana da Fam\u00edlia \u201cDivertindo e Fortalecendo V\u00ednculos\u201d que acontecer\u00e1 no Gin\u00e1sio de Esporte Municipal \u00e0s 13h com as fam\u00edlias acompanhadas pelos servi\u00e7os socioassistenciais ofertados no CRAS.<\/span><\/p>\n<p style=\"text-align: justify;\"><span style=\"color: #000000;\"><strong>CRAS Pra\u00e7a do C\u00e9u<\/strong><\/span><\/p>\n<p style=\"text-align: justify;\"><span style=\"color: #000000;\">20\/08 Manh\u00e3: Visita Domiciliar<\/span><\/p>\n<p style=\"text-align: justify;\"><span style=\"color: #000000;\">Oficina de Violinos Magicos<\/span><\/p>\n<p style=\"text-align: justify;\"><span style=\"color: #000000;\">Tarde: Visita Domiciliar<\/span><\/p>\n<p style=\"text-align: justify;\"><span style=\"color: #000000;\">Oficina de Dan\u00e7a Idosas<\/span><\/p>\n<p style=\"text-align: justify;\"><span style=\"color: #000000;\">21\/08 Manh\u00e3: Sala de Espera-Acolhida com os T\u00e9cnicos<\/span><\/p>\n<p style=\"text-align: justify;\"><span style=\"color: #000000;\">Tarde:\u00a0 Grupo de Mulheres: Din\u00e2mica \u201cCavaleiro Branco\u201d, em Alus\u00e3o ao eixo do m\u00eas<\/span><\/p>\n<p style=\"text-align: justify;\"><span style=\"color: #000000;\">22\/08 Tarde: Oficina de Violinos M\u00e1gicos<\/span><\/p>\n<p style=\"text-align: justify;\"><span style=\"color: #000000;\">Oficina de Dan\u00e7a com Crian\u00e7as<\/span><\/p>\n<p style=\"text-align: justify;\"><span style=\"color: #000000;\">Reuni\u00e3o com os T\u00e9cnicos<\/span><\/p>\n<p style=\"text-align: justify;\"><span style=\"color: #000000;\">23\/08 \u2013 Manh\u00e3 e Tarde: Grupo de Adolescente_ Caminhando entre Obstaculos<\/span><\/p>\n<p style=\"text-align: justify;\"><span style=\"color: #000000;\">Tarde: Grupo de Idosas: Palestra Atendimento ao P\u00fablico( Acessuas)<\/span><\/p>\n<p style=\"text-align: justify;\"><span style=\"color: #000000;\">24\/08 Manh\u00e3: Sala de Espera, acolhida pelos t\u00e9cnicos<\/span><\/p>\n<p style=\"text-align: justify;\"><span style=\"color: #000000;\">Oficina de Futebol<\/span><\/p>\n<p style=\"text-align: justify;\"><span style=\"color: #000000;\">Grupo de Crian\u00e7as: O feiti\u00e7o virou\u00a0 contra o feiticeiro<\/span><\/p>\n<p style=\"text-align: justify;\"><span style=\"color: #000000;\">Tarde: Oficina de Futebol<\/span><\/p>\n<p style=\"text-align: justify;\"><span style=\"color: #000000;\">Grupo de Crian\u00e7a: O feiti\u00e7o virou contra o feiticeiro.<\/span><\/p>\n<p style=\"text-align: justify;\"><span style=\"color: #000000;\"><strong>CRAS Riacho da Guia<\/strong><\/span><\/p>\n<p style=\"text-align: justify;\"><span style=\"color: #000000;\">20\/08 \u2013 Manh\u00e3: SCFV \u2013 Grupo de Crian\u00e7as \u2013 Oficina de culin\u00e1ria.<\/span><\/p>\n<p style=\"text-align: justify;\"><span style=\"color: #000000;\">Tarde \u2013 SCFV \u2013 Oficina Violinos M\u00e1gicos e Canto Coral.<\/span><\/p>\n<p style=\"text-align: justify;\"><span style=\"color: #000000;\">21\/08 \u2013 Tarde: SCFV \u2013 Grupo de Mulheres \u2013 Palestra com o CRAM. Reflex\u00f5es sobre os 12 anos da Lei Maria da Penha.<\/span><\/p>\n<p style=\"text-align: justify;\"><span style=\"color: #000000;\">22\/08 \u2013 Manh\u00e3 e Tarde: SCFV \u2013 Grupo de Crian\u00e7as \u2013 Oficina de Culin\u00e1ria.<\/span><\/p>\n<p style=\"text-align: justify;\"><span style=\"color: #000000;\">Manh\u00e3 e Tarde: SCFV \u2013 Oficina de Futebol.<\/span><\/p>\n<p style=\"text-align: justify;\"><span style=\"color: #000000;\">23\/08 \u2013 Tarde: SCFV \u2013 Grupo de Adolescentes \u2013 Trabalhar v\u00eddeos da campanha Desafio da Igualdade tendo como base a tem\u00e1tica do m\u00eas.<\/span><\/p>\n<p style=\"text-align: justify;\"><span style=\"color: #000000;\">Manh\u00e3 e Tarde: SCFV \u2013 Oficina de Dan\u00e7a Infantil e Idosos.<\/span><\/p>\n<p style=\"text-align: justify;\"><span style=\"color: #000000;\">24\/08 \u2013 Manh\u00e3: SCFV \u2013 Grupo de Adolescentes \u2013 Trabalhar os v\u00eddeos da campanha Desafio da Igualdade tendo como base a tem\u00e1tica do m\u00eas.<\/span><\/p>\n<p style=\"text-align: justify;\"><span style=\"color: #000000;\">Tarde: SCFV \u2013 Grupo de Crian\u00e7as \u2013 Oficina de culin\u00e1ria.<\/span><\/p>\n<h6 style=\"text-align: right;\"><span style=\"color: #000000;\">Fonte: SECOM SEMAS<\/span><\/h6>\n<div class='share-to-whatsapp-wrapper'><div class='share-on-whsp'>Share on: <\/div><a data-text='SEMAS divulga atividades do CRAS para esta semana' data-link='https:\/\/newsinfoco.com.br\/inicio\/semas-divulga-atividades-do-cras-para-esta-semana\/' class='whatsapp-button whatsapp-share'>WhatsApp<\/a><div class='clear '><\/div><\/div>","protected":false},"excerpt":{"rendered":"<p>A Secretaria Municipal de Assist\u00eancia Social (SEMAS) est\u00e1 repleta de atividades nos Centro de Refer\u00eancia de Assist\u00eancia Social (CRAS) para esta semana; Confira a programa\u00e7\u00e3o para esta semana: CRAS de Nova Bras\u00edlia 20\/08 \u2013 \u00a0Realizaremos atendimentos socioassistenciais e o Servi\u00e7o de Conviv\u00eancia e Fortalecimento de V\u00ednculos (SCFV) com o grupo de adolescentes (manh\u00e3 e tarde). [&hellip;]<\/p>\n","protected":false},"author":1,"featured_media":8103,"comment_status":"open","ping_status":"open","sticky":false,"template":"","format":"standard","meta":{"om_disable_all_campaigns":false,"_exactmetrics_skip_tracking":false,"_exactmetrics_sitenote_active":false,"_exactmetrics_sitenote_note":"","_exactmetrics_sitenote_category":0,"footnotes":""},"categories":[38,30],"tags":[53,54,120],"class_list":["post-8433","post","type-post","status-publish","format-standard","has-post-thumbnail","hentry","category-alagoinhas-e-regiao","category-destaque","tag-alagoinhas","tag-prefeitura","tag-secom-semas"],"aioseo_notices":[],"_links":{"self":[{"href":"https:\/\/newsinfoco.com.br\/inicio\/wp-json\/wp\/v2\/posts\/8433","targetHints":{"allow":["GET"]}}],"collection":[{"href":"https:\/\/newsinfoco.com.br\/inicio\/wp-json\/wp\/v2\/posts"}],"about":[{"href":"https:\/\/newsinfoco.com.br\/inicio\/wp-json\/wp\/v2\/types\/post"}],"author":[{"embeddable":true,"href":"https:\/\/newsinfoco.com.br\/inicio\/wp-json\/wp\/v2\/users\/1"}],"replies":[{"embeddable":true,"href":"https:\/\/newsinfoco.com.br\/inicio\/wp-json\/wp\/v2\/comments?post=8433"}],"version-history":[{"count":0,"href":"https:\/\/newsinfoco.com.br\/inicio\/wp-json\/wp\/v2\/posts\/8433\/revisions"}],"wp:featuredmedia":[{"embeddable":true,"href":"https:\/\/newsinfoco.com.br\/inicio\/wp-json\/wp\/v2\/media\/8103"}],"wp:attachment":[{"href":"https:\/\/newsinfoco.com.br\/inicio\/wp-json\/wp\/v2\/media?parent=8433"}],"wp:term":[{"taxonomy":"category","embeddable":true,"href":"https:\/\/newsinfoco.com.br\/inicio\/wp-json\/wp\/v2\/categories?post=8433"},{"taxonomy":"post_tag","embeddable":true,"href":"https:\/\/newsinfoco.com.br\/inicio\/wp-json\/wp\/v2\/tags?post=8433"}],"curies":[{"name":"wp","href":"https:\/\/api.w.org\/{rel}","templated":true}]}}