{"id":8441,"date":"2018-08-20T21:40:21","date_gmt":"2018-08-21T00:40:21","guid":{"rendered":"http:\/\/newsinfoco.com.br\/?p=8441"},"modified":"2018-08-20T21:40:21","modified_gmt":"2018-08-21T00:40:21","slug":"agosto-lilas-semas-realiza-roda-de-conversa-com-grupo-de-mulheres-do-jardim-petrolar","status":"publish","type":"post","link":"https:\/\/newsinfoco.com.br\/inicio\/agosto-lilas-semas-realiza-roda-de-conversa-com-grupo-de-mulheres-do-jardim-petrolar\/","title":{"rendered":"AGOSTO LIL\u00c1S: Semas realiza roda de conversa com Grupo de Mulheres do Jardim Petrolar"},"content":{"rendered":"<p style=\"text-align: justify;\"><span style=\"color: #000000;\">Neste s\u00e1bado (18), a Secretaria de Assist\u00eancia Social (SEMAS) promoveu uma Roda de Conversa com o Grupo de Mulheres do Bairro Jardim Petrolar, na qual foram discutidas \u2013 dentre outros temas- a import\u00e2ncia dos 12 anos da Lei Maria da Penha, seus avan\u00e7os e retrocessos. O encontro \u00e9 uma das atividades da Agosto Lil\u00e1s, campanha nacional de combate \u00e0 viol\u00eancia dom\u00e9stica.<\/span><\/p>\n<p style=\"text-align: justify;\"><span style=\"color: #000000;\">\u201c\u00c9 importante essa aproxima\u00e7\u00e3o com a popula\u00e7\u00e3o, com as mulheres, precisamos desnaturalizar o machismo e a viol\u00eancia. Somos todas e todos respons\u00e1veis por esta desconstru\u00e7\u00e3o, e a Prefeitura tem buscado garantir para que estas mulheres n\u00e3o sofram revitimiza\u00e7\u00e3o\u201d, pontuou a psic\u00f3loga do Centro de Refer\u00eancia de Atendimento \u00e0 Mulher (CRAM),\u00a0Rhane Paula.Na oportunidade, a Equipe do Cad\u00danico realizou o cadastramento e atualiza\u00e7\u00e3o do Bolsa Fam\u00edlia.<\/span><\/p><div class=\"newsi-conteudo_19\" id=\"newsi-2045745000\"><a href=\"https:\/\/www.instagram.com\/prefeituraalagoinhas?igsh=YzgzdDJ1bWR3aWI4\" aria-label=\"SAVE_20251006_221555\"><img loading=\"lazy\" decoding=\"async\" src=\"https:\/\/newsinfoco.com.br\/inicio\/wp-content\/uploads\/2025\/10\/SAVE_20251006_221555-rotated.jpg\" alt=\"\"  srcset=\"https:\/\/newsinfoco.com.br\/inicio\/wp-content\/uploads\/2025\/10\/SAVE_20251006_221555-rotated.jpg 1140w, https:\/\/newsinfoco.com.br\/inicio\/wp-content\/uploads\/2025\/10\/SAVE_20251006_221555-300x52.jpg 300w, https:\/\/newsinfoco.com.br\/inicio\/wp-content\/uploads\/2025\/10\/SAVE_20251006_221555-1024x177.jpg 1024w, https:\/\/newsinfoco.com.br\/inicio\/wp-content\/uploads\/2025\/10\/SAVE_20251006_221555-768x133.jpg 768w, https:\/\/newsinfoco.com.br\/inicio\/wp-content\/uploads\/2025\/10\/SAVE_20251006_221555-600x104.jpg 600w, https:\/\/newsinfoco.com.br\/inicio\/wp-content\/uploads\/2025\/10\/SAVE_20251006_221555-696x120.jpg 696w, https:\/\/newsinfoco.com.br\/inicio\/wp-content\/uploads\/2025\/10\/SAVE_20251006_221555-1068x185.jpg 1068w\" sizes=\"(max-width: 1140px) 100vw, 1140px\" width=\"1140\" height=\"197\"   \/><\/a><\/div>\n<h6 style=\"text-align: right;\"><span style=\"color: #999999;\">Fonte: SECOM SEMAS<\/span><\/h6>\n<div class='share-to-whatsapp-wrapper'><div class='share-on-whsp'>Share on: <\/div><a data-text='AGOSTO LIL\u00c1S: Semas realiza roda de conversa com Grupo de Mulheres do Jardim Petrolar' data-link='https:\/\/newsinfoco.com.br\/inicio\/agosto-lilas-semas-realiza-roda-de-conversa-com-grupo-de-mulheres-do-jardim-petrolar\/' class='whatsapp-button whatsapp-share'>WhatsApp<\/a><div class='clear '><\/div><\/div>","protected":false},"excerpt":{"rendered":"<p>Neste s\u00e1bado (18), a Secretaria de Assist\u00eancia Social (SEMAS) promoveu uma Roda de Conversa com o Grupo de Mulheres do Bairro Jardim Petrolar, na qual foram discutidas \u2013 dentre outros temas- a import\u00e2ncia dos 12 anos da Lei Maria da Penha, seus avan\u00e7os e retrocessos. O encontro \u00e9 uma das atividades da Agosto Lil\u00e1s, campanha [&hellip;]<\/p>\n","protected":false},"author":1,"featured_media":8442,"comment_status":"open","ping_status":"open","sticky":false,"template":"","format":"standard","meta":{"om_disable_all_campaigns":false,"_exactmetrics_skip_tracking":false,"_exactmetrics_sitenote_active":false,"_exactmetrics_sitenote_note":"","_exactmetrics_sitenote_category":0,"footnotes":""},"categories":[38,30],"tags":[53,54,120],"class_list":["post-8441","post","type-post","status-publish","format-standard","has-post-thumbnail","hentry","category-alagoinhas-e-regiao","category-destaque","tag-alagoinhas","tag-prefeitura","tag-secom-semas"],"aioseo_notices":[],"_links":{"self":[{"href":"https:\/\/newsinfoco.com.br\/inicio\/wp-json\/wp\/v2\/posts\/8441","targetHints":{"allow":["GET"]}}],"collection":[{"href":"https:\/\/newsinfoco.com.br\/inicio\/wp-json\/wp\/v2\/posts"}],"about":[{"href":"https:\/\/newsinfoco.com.br\/inicio\/wp-json\/wp\/v2\/types\/post"}],"author":[{"embeddable":true,"href":"https:\/\/newsinfoco.com.br\/inicio\/wp-json\/wp\/v2\/users\/1"}],"replies":[{"embeddable":true,"href":"https:\/\/newsinfoco.com.br\/inicio\/wp-json\/wp\/v2\/comments?post=8441"}],"version-history":[{"count":0,"href":"https:\/\/newsinfoco.com.br\/inicio\/wp-json\/wp\/v2\/posts\/8441\/revisions"}],"wp:featuredmedia":[{"embeddable":true,"href":"https:\/\/newsinfoco.com.br\/inicio\/wp-json\/wp\/v2\/media\/8442"}],"wp:attachment":[{"href":"https:\/\/newsinfoco.com.br\/inicio\/wp-json\/wp\/v2\/media?parent=8441"}],"wp:term":[{"taxonomy":"category","embeddable":true,"href":"https:\/\/newsinfoco.com.br\/inicio\/wp-json\/wp\/v2\/categories?post=8441"},{"taxonomy":"post_tag","embeddable":true,"href":"https:\/\/newsinfoco.com.br\/inicio\/wp-json\/wp\/v2\/tags?post=8441"}],"curies":[{"name":"wp","href":"https:\/\/api.w.org\/{rel}","templated":true}]}}