{"id":8452,"date":"2018-08-20T21:54:55","date_gmt":"2018-08-21T00:54:55","guid":{"rendered":"http:\/\/newsinfoco.com.br\/?p=8452"},"modified":"2018-08-20T21:54:55","modified_gmt":"2018-08-21T00:54:55","slug":"o-governo-tem-a-obrigacao-de-cuidar-das-ruas-tem-a-obrigacao-de-tapar-os-buracos-mas-tem-a-obrigacao-primeiro-de-cuidar-das-pessoas-e-isso-aqui-e-uma-forma-de-cuidar-das-pessoas","status":"publish","type":"post","link":"https:\/\/newsinfoco.com.br\/inicio\/o-governo-tem-a-obrigacao-de-cuidar-das-ruas-tem-a-obrigacao-de-tapar-os-buracos-mas-tem-a-obrigacao-primeiro-de-cuidar-das-pessoas-e-isso-aqui-e-uma-forma-de-cuidar-das-pessoas\/","title":{"rendered":"\u201cO governo tem a obriga\u00e7\u00e3o de cuidar das ruas, tem a obriga\u00e7\u00e3o de tapar os buracos, mas tem a obriga\u00e7\u00e3o primeiro de cuidar das pessoas. E isso aqui \u00e9 uma forma de cuidar das pessoas\u201d, afirma Iraci Gama durante o Festival Em Cena Brasil"},"content":{"rendered":"<p style=\"text-align: justify;\"><span style=\"color: #000000;\">Papel que vira flor. Fantoche que vira p\u00e1ssaro e p\u00e1ssaro que vira gente e fala com a gente de cima do palco encantado em que as cenas se desenvolvem atrav\u00e9s da m\u00fasica. \u00c9 assim, com a sensibilidade \u00e0 flor da pele e muita criatividade que a Companhia Abar\u00e9 de Teatro, do interior de S\u00e3o Paulo, transforma encena\u00e7\u00e3o em magia para os olhos do p\u00fablico.<\/span><\/p>\n<p style=\"text-align: justify;\"><span style=\"color: #000000;\">A bagagem \u00e9 antiga: mais de 10 anos de carreira e cerca de 400 cidades percorridas por um grupo que dedica energia, estudo, treinamento e trabalho ao \u201cfazer art\u00edstico onde o povo est\u00e1\u201d.<\/span><\/p><div class=\"newsi-conteudo_19\" id=\"newsi-1904817054\"><a href=\"https:\/\/www.instagram.com\/prefeituraalagoinhas?igsh=YzgzdDJ1bWR3aWI4\" aria-label=\"SAVE_20251006_221555\"><img loading=\"lazy\" decoding=\"async\" src=\"https:\/\/newsinfoco.com.br\/inicio\/wp-content\/uploads\/2025\/10\/SAVE_20251006_221555-rotated.jpg\" alt=\"\"  srcset=\"https:\/\/newsinfoco.com.br\/inicio\/wp-content\/uploads\/2025\/10\/SAVE_20251006_221555-rotated.jpg 1140w, https:\/\/newsinfoco.com.br\/inicio\/wp-content\/uploads\/2025\/10\/SAVE_20251006_221555-300x52.jpg 300w, https:\/\/newsinfoco.com.br\/inicio\/wp-content\/uploads\/2025\/10\/SAVE_20251006_221555-1024x177.jpg 1024w, https:\/\/newsinfoco.com.br\/inicio\/wp-content\/uploads\/2025\/10\/SAVE_20251006_221555-768x133.jpg 768w, https:\/\/newsinfoco.com.br\/inicio\/wp-content\/uploads\/2025\/10\/SAVE_20251006_221555-600x104.jpg 600w, https:\/\/newsinfoco.com.br\/inicio\/wp-content\/uploads\/2025\/10\/SAVE_20251006_221555-696x120.jpg 696w, https:\/\/newsinfoco.com.br\/inicio\/wp-content\/uploads\/2025\/10\/SAVE_20251006_221555-1068x185.jpg 1068w\" sizes=\"(max-width: 1140px) 100vw, 1140px\" width=\"1140\" height=\"197\"   \/><\/a><\/div>\n<div id=\"attachment_21196\" class=\"wp-caption aligncenter\"><img loading=\"lazy\" decoding=\"async\" class=\"wp-image-21196 size-large\" src=\"https:\/\/www.alagoinhas.ba.gov.br\/wp-content\/uploads\/2018\/08\/WhatsApp-Image-2018-08-19-at-12.44.38-1024x768.jpeg\" sizes=\"auto, (max-width: 800px) 100vw, 800px\" srcset=\"https:\/\/www.alagoinhas.ba.gov.br\/wp-content\/uploads\/2018\/08\/WhatsApp-Image-2018-08-19-at-12.44.38-1024x768.jpeg 1024w, https:\/\/www.alagoinhas.ba.gov.br\/wp-content\/uploads\/2018\/08\/WhatsApp-Image-2018-08-19-at-12.44.38-300x225.jpeg 300w, https:\/\/www.alagoinhas.ba.gov.br\/wp-content\/uploads\/2018\/08\/WhatsApp-Image-2018-08-19-at-12.44.38-768x576.jpeg 768w, https:\/\/www.alagoinhas.ba.gov.br\/wp-content\/uploads\/2018\/08\/WhatsApp-Image-2018-08-19-at-12.44.38.jpeg 1032w\" alt=\"\" width=\"800\" height=\"600\" \/><\/p>\n<p class=\"wp-caption-text\">\n<\/div>\n<p style=\"text-align: justify;\"><span style=\"color: #000000;\">Depois de percorrer cidades do Maranh\u00e3o, recentemente, espet\u00e1culos como \u201cA Menina e o Sabi\u00e1\u201d e \u201cA Mandr\u00e1gora\u201d chegaram, no \u00faltimo final de semana, a Alagoinhas, para uma programa\u00e7\u00e3o de dois dias com oficinas, atividades recreativas, espet\u00e1culos circenses, bonecos e apresenta\u00e7\u00f5es de teatro na estrutura de container adaptada com ilumina\u00e7\u00e3o t\u00e9cnica, sonoplastia e tenda montada no estacionamento do est\u00e1dio Carneir\u00e3o.<\/span><\/p>\n<p style=\"text-align: justify;\"><span style=\"color: #000000;\">\u201cCada lugar que a gente vai tem uma recep\u00e7\u00e3o diferente. S\u00e3o olhares diferentes que o p\u00fablico de Alagoinhas tem, o p\u00fablico da Bahia tem, com rela\u00e7\u00e3o aos nossos espet\u00e1culos. \u00c9 uma grande experi\u00eancia, porque n\u00e3o tem lugar igual, as pessoas s\u00e3o diferentes, e a gente aprende a tamb\u00e9m at\u00e9 mais do que, de repente, se a gente estivesse numa sala de teatro em S\u00e3o Paulo fazendo sempre para o mesmo p\u00fablico\u201d, afirmou Orlando Moreno, coordenador geral e idealizador do projeto \u201cEm Cena Brasil\u201d.<\/span><\/p>\n<p style=\"text-align: justify;\"><span style=\"color: #000000;\">Segundo ele, foi com foco em interiorizar a cultura que a Companhia , com v\u00e1rios n\u00facleos de cria\u00e7\u00e3o, resolveu apostar no projeto itinerante que circula pelo pa\u00eds com uma infraestrutura t\u00e9cnica completa e muitas hist\u00f3rias para contar.<\/span><\/p>\n<div id=\"attachment_21197\" class=\"wp-caption aligncenter\" style=\"text-align: justify;\"><img loading=\"lazy\" decoding=\"async\" class=\"wp-image-21197 size-large\" src=\"https:\/\/www.alagoinhas.ba.gov.br\/wp-content\/uploads\/2018\/08\/WhatsApp-Image-2018-08-19-at-12.42.21-1-1024x768.jpeg\" sizes=\"auto, (max-width: 800px) 100vw, 800px\" srcset=\"https:\/\/www.alagoinhas.ba.gov.br\/wp-content\/uploads\/2018\/08\/WhatsApp-Image-2018-08-19-at-12.42.21-1-1024x768.jpeg 1024w, https:\/\/www.alagoinhas.ba.gov.br\/wp-content\/uploads\/2018\/08\/WhatsApp-Image-2018-08-19-at-12.42.21-1-300x225.jpeg 300w, https:\/\/www.alagoinhas.ba.gov.br\/wp-content\/uploads\/2018\/08\/WhatsApp-Image-2018-08-19-at-12.42.21-1-768x576.jpeg 768w, https:\/\/www.alagoinhas.ba.gov.br\/wp-content\/uploads\/2018\/08\/WhatsApp-Image-2018-08-19-at-12.42.21-1.jpeg 1280w\" alt=\"\" width=\"800\" height=\"600\" \/><\/p>\n<p class=\"wp-caption-text\">Foto: Ana Maria Simono\/SECOM<\/p>\n<\/div>\n<p style=\"text-align: justify;\">Pela 2\u00aa vez em Alagoinhas e contemplando apenas 3 cidades da Bahia na r\u00e1pida passagem pelo estado, o grupo comoveu o p\u00fablico local. \u201cEu adorei. Foi maravilhoso! Muito bom! Meu filho amou. Ele se divertiu muito, eu me diverti muito, foi maravilhoso! Amanh\u00e3 vou retornar com toda a fam\u00edlia. Vou trazer m\u00e3e, pai, primo, todo mundo, porque foi realmente muito bom! Espero que tenha mais vezes\u201d, comentou Emanuele Santos Costa no s\u00e1bado, ap\u00f3s as apresenta\u00e7\u00f5es do grupo.<\/p>\n<div id=\"attachment_21198\" class=\"wp-caption aligncenter\"><img loading=\"lazy\" decoding=\"async\" class=\"wp-image-21198 size-large\" src=\"https:\/\/www.alagoinhas.ba.gov.br\/wp-content\/uploads\/2018\/08\/WhatsApp-Image-2018-08-19-at-12.42.26-1024x768.jpeg\" sizes=\"auto, (max-width: 800px) 100vw, 800px\" srcset=\"https:\/\/www.alagoinhas.ba.gov.br\/wp-content\/uploads\/2018\/08\/WhatsApp-Image-2018-08-19-at-12.42.26-1024x768.jpeg 1024w, https:\/\/www.alagoinhas.ba.gov.br\/wp-content\/uploads\/2018\/08\/WhatsApp-Image-2018-08-19-at-12.42.26-300x225.jpeg 300w, https:\/\/www.alagoinhas.ba.gov.br\/wp-content\/uploads\/2018\/08\/WhatsApp-Image-2018-08-19-at-12.42.26-768x576.jpeg 768w, https:\/\/www.alagoinhas.ba.gov.br\/wp-content\/uploads\/2018\/08\/WhatsApp-Image-2018-08-19-at-12.42.26.jpeg 1032w\" alt=\"\" width=\"800\" height=\"600\" \/><\/p>\n<p class=\"wp-caption-text\">Foto: Ana Maria Simono\/SECOM<\/p>\n<\/div>\n<p style=\"text-align: justify;\"><span style=\"color: #000000;\">Maria de Lurdes Francisca dos Santos, que levou a bisneta para assistir aos espet\u00e1culos, era s\u00f3 risos durante a apresenta\u00e7\u00e3o. \u201cAchei \u00f3timo. Gostei muito, me diverti demais\u201d, pontuou.<\/span><\/p>\n<p style=\"text-align: justify;\"><span style=\"color: #000000;\">Para Carmelita Baleeiro, s\u00e3o espet\u00e1culos que aproximam o p\u00fablico das artes, fundamentais para o cidad\u00e3o. \u201cA gente precisa dessas coisas, para distrair a gente. A gente \u00e9 carente de cultura e s\u00e3o a\u00e7\u00f5es para a fam\u00edlia toda\u201d, disse no s\u00e1bado, enquanto acompanhava a filha e a neta nos shows do \u201cEm Cena Brasil\u201d, que seguiu com a programa\u00e7\u00e3o das 16h \u00e0s 21h, tanto no s\u00e1bado quanto no domingo<\/span>.<\/p>\n<div id=\"attachment_21199\" class=\"wp-caption aligncenter\"><img loading=\"lazy\" decoding=\"async\" class=\"wp-image-21199 size-large\" src=\"https:\/\/www.alagoinhas.ba.gov.br\/wp-content\/uploads\/2018\/08\/WhatsApp-Image-2018-08-19-at-12.44.32-1024x768.jpeg\" sizes=\"auto, (max-width: 800px) 100vw, 800px\" srcset=\"https:\/\/www.alagoinhas.ba.gov.br\/wp-content\/uploads\/2018\/08\/WhatsApp-Image-2018-08-19-at-12.44.32-1024x768.jpeg 1024w, https:\/\/www.alagoinhas.ba.gov.br\/wp-content\/uploads\/2018\/08\/WhatsApp-Image-2018-08-19-at-12.44.32-300x225.jpeg 300w, https:\/\/www.alagoinhas.ba.gov.br\/wp-content\/uploads\/2018\/08\/WhatsApp-Image-2018-08-19-at-12.44.32-768x576.jpeg 768w, https:\/\/www.alagoinhas.ba.gov.br\/wp-content\/uploads\/2018\/08\/WhatsApp-Image-2018-08-19-at-12.44.32.jpeg 1032w\" alt=\"\" width=\"800\" height=\"600\" \/><\/p>\n<p class=\"wp-caption-text\">Foto: Ana Maria Simono\/SECOM<\/p>\n<\/div>\n<p>A secret\u00e1ria de Cultura do munic\u00edpio e vice-prefeita Iraci Gama prestigiou a realiza\u00e7\u00e3o e ressaltou que projetos como o da Cia Abar\u00e9 de Teatro s\u00e3o uma oportunidade de propiciar, \u00e0s crian\u00e7as e aos pais, um encontro com a arte e a cultura, fundamentais para o desenvolvimento. \u201cTudo isso \u00e9 muito importante para a nossa alma. N\u00f3s sabemos que estes espa\u00e7os de cria\u00e7\u00e3o s\u00e3o sempre espa\u00e7os ilustrativos para a vida. O governo tem a obriga\u00e7\u00e3o de cuidar das ruas, tem a obriga\u00e7\u00e3o de tapar os buracos, de buscar as f\u00e1bricas, mas tem a obriga\u00e7\u00e3o primeiro de cuidar das pessoas. E isso aqui \u00e9 uma forma de cuidar das pessoas, das nossas pessoas mais importantes que s\u00e3o as crian\u00e7as. \u00c9 isso que temos feito com apoio de Joaquim Neto\u201d, enfatizou.<\/p>\n<p>O Festival \u201cEm Cena Brasil\u201d, que reuniu centenas de pessoas neste final de semana, no estacionamento do Carneir\u00e3o, \u00e9 uma realiza\u00e7\u00e3o do Minist\u00e9rio da Cultura com patroc\u00ednio do Adargh Group que contou, nesta edi\u00e7\u00e3o, com apoio da Prefeitura Municipal, atrav\u00e9s da Secretaria de Cultura, Esporte e Turismo (SECET).<\/p>\n<p><a href=\"http:\/\/newsinfoco.com.br\/wp-content\/uploads\/2018\/08\/29227198187_2f1b15e74f_z.jpg\"><img loading=\"lazy\" decoding=\"async\" class=\"alignnone size-full wp-image-8453\" src=\"http:\/\/newsinfoco.com.br\/wp-content\/uploads\/2018\/08\/29227198187_2f1b15e74f_z.jpg\" alt=\"\" width=\"640\" height=\"480\" srcset=\"https:\/\/newsinfoco.com.br\/inicio\/wp-content\/uploads\/2018\/08\/29227198187_2f1b15e74f_z.jpg 640w, https:\/\/newsinfoco.com.br\/inicio\/wp-content\/uploads\/2018\/08\/29227198187_2f1b15e74f_z-300x225.jpg 300w, https:\/\/newsinfoco.com.br\/inicio\/wp-content\/uploads\/2018\/08\/29227198187_2f1b15e74f_z-600x450.jpg 600w, https:\/\/newsinfoco.com.br\/inicio\/wp-content\/uploads\/2018\/08\/29227198187_2f1b15e74f_z-80x60.jpg 80w, https:\/\/newsinfoco.com.br\/inicio\/wp-content\/uploads\/2018\/08\/29227198187_2f1b15e74f_z-265x198.jpg 265w, https:\/\/newsinfoco.com.br\/inicio\/wp-content\/uploads\/2018\/08\/29227198187_2f1b15e74f_z-560x420.jpg 560w\" sizes=\"auto, (max-width: 640px) 100vw, 640px\" \/><\/a> <a href=\"http:\/\/newsinfoco.com.br\/wp-content\/uploads\/2018\/08\/42356391670_afa83a4591_z.jpg\"><img loading=\"lazy\" decoding=\"async\" class=\"alignnone size-full wp-image-8454\" src=\"http:\/\/newsinfoco.com.br\/wp-content\/uploads\/2018\/08\/42356391670_afa83a4591_z.jpg\" alt=\"\" width=\"640\" height=\"480\" srcset=\"https:\/\/newsinfoco.com.br\/inicio\/wp-content\/uploads\/2018\/08\/42356391670_afa83a4591_z.jpg 640w, https:\/\/newsinfoco.com.br\/inicio\/wp-content\/uploads\/2018\/08\/42356391670_afa83a4591_z-300x225.jpg 300w, https:\/\/newsinfoco.com.br\/inicio\/wp-content\/uploads\/2018\/08\/42356391670_afa83a4591_z-600x450.jpg 600w, https:\/\/newsinfoco.com.br\/inicio\/wp-content\/uploads\/2018\/08\/42356391670_afa83a4591_z-80x60.jpg 80w, https:\/\/newsinfoco.com.br\/inicio\/wp-content\/uploads\/2018\/08\/42356391670_afa83a4591_z-265x198.jpg 265w, https:\/\/newsinfoco.com.br\/inicio\/wp-content\/uploads\/2018\/08\/42356391670_afa83a4591_z-560x420.jpg 560w\" sizes=\"auto, (max-width: 640px) 100vw, 640px\" \/><\/a> <a href=\"http:\/\/newsinfoco.com.br\/wp-content\/uploads\/2018\/08\/42356395470_d16f9d49a8_z.jpg\"><img loading=\"lazy\" decoding=\"async\" class=\"alignnone size-full wp-image-8455\" src=\"http:\/\/newsinfoco.com.br\/wp-content\/uploads\/2018\/08\/42356395470_d16f9d49a8_z.jpg\" alt=\"\" width=\"640\" height=\"480\" srcset=\"https:\/\/newsinfoco.com.br\/inicio\/wp-content\/uploads\/2018\/08\/42356395470_d16f9d49a8_z.jpg 640w, https:\/\/newsinfoco.com.br\/inicio\/wp-content\/uploads\/2018\/08\/42356395470_d16f9d49a8_z-300x225.jpg 300w, https:\/\/newsinfoco.com.br\/inicio\/wp-content\/uploads\/2018\/08\/42356395470_d16f9d49a8_z-600x450.jpg 600w, https:\/\/newsinfoco.com.br\/inicio\/wp-content\/uploads\/2018\/08\/42356395470_d16f9d49a8_z-80x60.jpg 80w, https:\/\/newsinfoco.com.br\/inicio\/wp-content\/uploads\/2018\/08\/42356395470_d16f9d49a8_z-265x198.jpg 265w, https:\/\/newsinfoco.com.br\/inicio\/wp-content\/uploads\/2018\/08\/42356395470_d16f9d49a8_z-560x420.jpg 560w\" sizes=\"auto, (max-width: 640px) 100vw, 640px\" \/><\/a> <a href=\"http:\/\/newsinfoco.com.br\/wp-content\/uploads\/2018\/08\/43446692574_d1e9a41a38_z.jpg\"><img loading=\"lazy\" decoding=\"async\" class=\"alignnone size-full wp-image-8456\" src=\"http:\/\/newsinfoco.com.br\/wp-content\/uploads\/2018\/08\/43446692574_d1e9a41a38_z.jpg\" alt=\"\" width=\"640\" height=\"480\" srcset=\"https:\/\/newsinfoco.com.br\/inicio\/wp-content\/uploads\/2018\/08\/43446692574_d1e9a41a38_z.jpg 640w, https:\/\/newsinfoco.com.br\/inicio\/wp-content\/uploads\/2018\/08\/43446692574_d1e9a41a38_z-300x225.jpg 300w, https:\/\/newsinfoco.com.br\/inicio\/wp-content\/uploads\/2018\/08\/43446692574_d1e9a41a38_z-600x450.jpg 600w, https:\/\/newsinfoco.com.br\/inicio\/wp-content\/uploads\/2018\/08\/43446692574_d1e9a41a38_z-80x60.jpg 80w, https:\/\/newsinfoco.com.br\/inicio\/wp-content\/uploads\/2018\/08\/43446692574_d1e9a41a38_z-265x198.jpg 265w, https:\/\/newsinfoco.com.br\/inicio\/wp-content\/uploads\/2018\/08\/43446692574_d1e9a41a38_z-560x420.jpg 560w\" sizes=\"auto, (max-width: 640px) 100vw, 640px\" \/><\/a> <a href=\"http:\/\/newsinfoco.com.br\/wp-content\/uploads\/2018\/08\/43446693594_7ee1018576_z.jpg\"><img loading=\"lazy\" decoding=\"async\" class=\"alignnone size-full wp-image-8457\" src=\"http:\/\/newsinfoco.com.br\/wp-content\/uploads\/2018\/08\/43446693594_7ee1018576_z.jpg\" alt=\"\" width=\"640\" height=\"480\" srcset=\"https:\/\/newsinfoco.com.br\/inicio\/wp-content\/uploads\/2018\/08\/43446693594_7ee1018576_z.jpg 640w, https:\/\/newsinfoco.com.br\/inicio\/wp-content\/uploads\/2018\/08\/43446693594_7ee1018576_z-300x225.jpg 300w, https:\/\/newsinfoco.com.br\/inicio\/wp-content\/uploads\/2018\/08\/43446693594_7ee1018576_z-600x450.jpg 600w, https:\/\/newsinfoco.com.br\/inicio\/wp-content\/uploads\/2018\/08\/43446693594_7ee1018576_z-80x60.jpg 80w, https:\/\/newsinfoco.com.br\/inicio\/wp-content\/uploads\/2018\/08\/43446693594_7ee1018576_z-265x198.jpg 265w, https:\/\/newsinfoco.com.br\/inicio\/wp-content\/uploads\/2018\/08\/43446693594_7ee1018576_z-560x420.jpg 560w\" sizes=\"auto, (max-width: 640px) 100vw, 640px\" \/><\/a> <a href=\"http:\/\/newsinfoco.com.br\/wp-content\/uploads\/2018\/08\/O-REINO-BRUX\u00d3LICO-1-1.jpg\"><img loading=\"lazy\" decoding=\"async\" class=\"alignnone size-full wp-image-8458\" src=\"http:\/\/newsinfoco.com.br\/wp-content\/uploads\/2018\/08\/O-REINO-BRUX\u00d3LICO-1-1.jpg\" alt=\"\" width=\"960\" height=\"640\" srcset=\"https:\/\/newsinfoco.com.br\/inicio\/wp-content\/uploads\/2018\/08\/O-REINO-BRUX\u00d3LICO-1-1.jpg 960w, https:\/\/newsinfoco.com.br\/inicio\/wp-content\/uploads\/2018\/08\/O-REINO-BRUX\u00d3LICO-1-1-300x200.jpg 300w, https:\/\/newsinfoco.com.br\/inicio\/wp-content\/uploads\/2018\/08\/O-REINO-BRUX\u00d3LICO-1-1-768x512.jpg 768w, https:\/\/newsinfoco.com.br\/inicio\/wp-content\/uploads\/2018\/08\/O-REINO-BRUX\u00d3LICO-1-1-600x400.jpg 600w, https:\/\/newsinfoco.com.br\/inicio\/wp-content\/uploads\/2018\/08\/O-REINO-BRUX\u00d3LICO-1-1-696x464.jpg 696w, https:\/\/newsinfoco.com.br\/inicio\/wp-content\/uploads\/2018\/08\/O-REINO-BRUX\u00d3LICO-1-1-630x420.jpg 630w\" sizes=\"auto, (max-width: 960px) 100vw, 960px\" \/><\/a><\/p>\n<h6 style=\"text-align: right;\"><span style=\"color: #999999;\">Fonte: SECOM SECET<\/span><\/h6>\n<div class='share-to-whatsapp-wrapper'><div class='share-on-whsp'>Share on: <\/div><a data-text='\u201cO governo tem a obriga\u00e7\u00e3o de cuidar das ruas, tem a obriga\u00e7\u00e3o de tapar os buracos, mas tem a obriga\u00e7\u00e3o primeiro de cuidar das pessoas. E isso aqui \u00e9 uma forma de cuidar das pessoas\u201d, afirma Iraci Gama durante o Festival Em Cena Brasil' data-link='https:\/\/newsinfoco.com.br\/inicio\/o-governo-tem-a-obrigacao-de-cuidar-das-ruas-tem-a-obrigacao-de-tapar-os-buracos-mas-tem-a-obrigacao-primeiro-de-cuidar-das-pessoas-e-isso-aqui-e-uma-forma-de-cuidar-das-pessoas\/' class='whatsapp-button whatsapp-share'>WhatsApp<\/a><div class='clear '><\/div><\/div>","protected":false},"excerpt":{"rendered":"<p>Papel que vira flor. Fantoche que vira p\u00e1ssaro e p\u00e1ssaro que vira gente e fala com a gente de cima do palco encantado em que as cenas se desenvolvem atrav\u00e9s da m\u00fasica. \u00c9 assim, com a sensibilidade \u00e0 flor da pele e muita criatividade que a Companhia Abar\u00e9 de Teatro, do interior de S\u00e3o Paulo, [&hellip;]<\/p>\n","protected":false},"author":1,"featured_media":8453,"comment_status":"open","ping_status":"open","sticky":false,"template":"","format":"standard","meta":{"om_disable_all_campaigns":false,"_exactmetrics_skip_tracking":false,"_exactmetrics_sitenote_active":false,"_exactmetrics_sitenote_note":"","_exactmetrics_sitenote_category":0,"footnotes":""},"categories":[38,30],"tags":[53,54,121],"class_list":["post-8452","post","type-post","status-publish","format-standard","has-post-thumbnail","hentry","category-alagoinhas-e-regiao","category-destaque","tag-alagoinhas","tag-prefeitura","tag-secom-secet"],"aioseo_notices":[],"_links":{"self":[{"href":"https:\/\/newsinfoco.com.br\/inicio\/wp-json\/wp\/v2\/posts\/8452","targetHints":{"allow":["GET"]}}],"collection":[{"href":"https:\/\/newsinfoco.com.br\/inicio\/wp-json\/wp\/v2\/posts"}],"about":[{"href":"https:\/\/newsinfoco.com.br\/inicio\/wp-json\/wp\/v2\/types\/post"}],"author":[{"embeddable":true,"href":"https:\/\/newsinfoco.com.br\/inicio\/wp-json\/wp\/v2\/users\/1"}],"replies":[{"embeddable":true,"href":"https:\/\/newsinfoco.com.br\/inicio\/wp-json\/wp\/v2\/comments?post=8452"}],"version-history":[{"count":0,"href":"https:\/\/newsinfoco.com.br\/inicio\/wp-json\/wp\/v2\/posts\/8452\/revisions"}],"wp:featuredmedia":[{"embeddable":true,"href":"https:\/\/newsinfoco.com.br\/inicio\/wp-json\/wp\/v2\/media\/8453"}],"wp:attachment":[{"href":"https:\/\/newsinfoco.com.br\/inicio\/wp-json\/wp\/v2\/media?parent=8452"}],"wp:term":[{"taxonomy":"category","embeddable":true,"href":"https:\/\/newsinfoco.com.br\/inicio\/wp-json\/wp\/v2\/categories?post=8452"},{"taxonomy":"post_tag","embeddable":true,"href":"https:\/\/newsinfoco.com.br\/inicio\/wp-json\/wp\/v2\/tags?post=8452"}],"curies":[{"name":"wp","href":"https:\/\/api.w.org\/{rel}","templated":true}]}}