{"id":8464,"date":"2018-08-20T22:26:46","date_gmt":"2018-08-21T01:26:46","guid":{"rendered":"http:\/\/newsinfoco.com.br\/?p=8464"},"modified":"2018-08-20T22:26:46","modified_gmt":"2018-08-21T01:26:46","slug":"cr7-modric-e-salah-concorrem-ao-premio-de-melhor-jogador-da-europa","status":"publish","type":"post","link":"https:\/\/newsinfoco.com.br\/inicio\/cr7-modric-e-salah-concorrem-ao-premio-de-melhor-jogador-da-europa\/","title":{"rendered":"CR7, Modric e Salah concorrem ao pr\u00eamio de melhor jogador da Europa"},"content":{"rendered":"<p style=\"text-align: justify;\"><span style=\"color: #000000;\">Foram divulgados na manh\u00e3 desta segunda-feira os tr\u00eas finalistas do &#8220;Uefa Men&#8217;s Player of the Year&#8221;, que premia o melhor jogador do ano no futebol europeu: Luka Modric, Cristiano Ronaldo e Mohamed Salah. O vencedor ser\u00e1 anunciado no dia 30 de agosto, durante o sorteio dos grupos da Liga dos Campe\u00f5es, em Monaco.<\/span><\/p>\n<p style=\"text-align: justify;\"><span style=\"color: #000000;\">Os finalistas foram apontados por um grupo com os 80 treinadores que disputaram a primeira fase da Champions (32) e da Liga Europa (48) da \u00faltima temporada, al\u00e9m de 55 jornalistas. Cada um elegeu seu top, com o primeiro jogador recebendo cinco pontos; o segundo, tr\u00eas; e o terceiro, um.<\/span><\/p><div class=\"newsi-conteudo_19\" id=\"newsi-2879487677\"><a href=\"https:\/\/www.instagram.com\/prefeituraalagoinhas?igsh=YzgzdDJ1bWR3aWI4\" aria-label=\"SAVE_20251006_221555\"><img loading=\"lazy\" decoding=\"async\" src=\"https:\/\/newsinfoco.com.br\/inicio\/wp-content\/uploads\/2025\/10\/SAVE_20251006_221555-rotated.jpg\" alt=\"\"  srcset=\"https:\/\/newsinfoco.com.br\/inicio\/wp-content\/uploads\/2025\/10\/SAVE_20251006_221555-rotated.jpg 1140w, https:\/\/newsinfoco.com.br\/inicio\/wp-content\/uploads\/2025\/10\/SAVE_20251006_221555-300x52.jpg 300w, https:\/\/newsinfoco.com.br\/inicio\/wp-content\/uploads\/2025\/10\/SAVE_20251006_221555-1024x177.jpg 1024w, https:\/\/newsinfoco.com.br\/inicio\/wp-content\/uploads\/2025\/10\/SAVE_20251006_221555-768x133.jpg 768w, https:\/\/newsinfoco.com.br\/inicio\/wp-content\/uploads\/2025\/10\/SAVE_20251006_221555-600x104.jpg 600w, https:\/\/newsinfoco.com.br\/inicio\/wp-content\/uploads\/2025\/10\/SAVE_20251006_221555-696x120.jpg 696w, https:\/\/newsinfoco.com.br\/inicio\/wp-content\/uploads\/2025\/10\/SAVE_20251006_221555-1068x185.jpg 1068w\" sizes=\"(max-width: 1140px) 100vw, 1140px\" width=\"1140\" height=\"197\"   \/><\/a><\/div>\n<p style=\"text-align: justify;\"><span style=\"color: #000000;\"><b>Neymar n\u00e3o ficou sequer no top 10, que terminou assim:<\/b><\/span><\/p>\n<p style=\"text-align: justify;\"><span style=\"color: #000000;\"><b>Griezmann\u00a0<\/b>(Atl\u00e9tico de Madrid) &#8211; 72 pontos<\/span><\/p>\n<p style=\"text-align: justify;\"><span style=\"color: #000000;\"><b>Messi<\/b>\u00a0(Barcelona) &#8211; 55 pontos<\/span><\/p>\n<p style=\"text-align: justify;\"><span style=\"color: #000000;\"><b>Mbapp\u00e9<\/b>\u00a0(PSG) &#8211; 43 pontos<\/span><\/p>\n<p style=\"text-align: justify;\"><span style=\"color: #000000;\"><b>De Bruyne<\/b>\u00a0(Manchester City) &#8211; 28 pontos<\/span><\/p>\n<p style=\"text-align: justify;\"><span style=\"color: #000000;\"><b>Varane<\/b>\u00a0(Real Madrid) &#8211; 23 pontos<\/span><\/p>\n<p style=\"text-align: justify;\"><span style=\"color: #000000;\"><b>Hazard<\/b>\u00a0(Chelsea) &#8211; 15 pontos<\/span><\/p>\n<p style=\"text-align: justify;\"><span style=\"color: #000000;\"><b>Sergio Ramos<\/b>\u00a0(Real Madrid) &#8211; 12 pontos<\/span><\/p>\n<p style=\"text-align: justify;\"><span style=\"color: #000000;\">Volante do Real Madrid, Modric, de 32 anos, conquistou o t\u00edtulo da Liga dos Campe\u00f5es, foi vice-campe\u00e3o da Copa do Mundo com a Cro\u00e1cia &#8211; e eleito o melhor jogador da competi\u00e7\u00e3o. \u00c9 a primeira vez do croata entre os finalistas do pr\u00eamio.<\/span><\/p>\n<p style=\"text-align: justify;\"><span style=\"color: #000000;\">Cristiano Ronaldo, 33 anos, por sua vez, tamb\u00e9m faturou a Champions pelo Real &#8211; seu quinto t\u00edtulo da competi\u00e7\u00e3o &#8211; e foi o artilheiro da competi\u00e7\u00e3o pela sexta vez. Na Copa, marcou quatro gols, mas acabou sendo eliminado com a sele\u00e7\u00e3o de Portugal nas oitavas de final. Com o fim da temporada, acertou com a Juventus.<\/span><\/p>\n<p style=\"text-align: justify;\"><span style=\"color: #000000;\">J\u00e1 Salah, que tem 26 anos, foi vice-campe\u00e3o da Liga dos Campe\u00f5es e marcou 44 gols na temporada com o Liverpool. Na Copa, fez um gol pelo Egito e caiu na primeira fase.<\/span><\/p>\n<p style=\"text-align: justify;\"><span style=\"color: #000000;\">Essa \u00e9 a oitava edi\u00e7\u00e3o do pr\u00eamio. Cristiano Ronaldo \u00e9 o maior vencedor, com tr\u00eas: 2013\/14, 2015\/16 e 2016\/17. Messi faturou duas vezes (2010\/11 e 2014\/15), e os outros dois foram Rib\u00e9ry (2012\/13) e Iniesta (2011\/12).<\/span><\/p>\n<p>&nbsp;<\/p>\n<h6 style=\"text-align: right;\">Fonte:Trbn<\/h6>\n<div class='share-to-whatsapp-wrapper'><div class='share-on-whsp'>Share on: <\/div><a data-text='CR7, Modric e Salah concorrem ao pr\u00eamio de melhor jogador da Europa' data-link='https:\/\/newsinfoco.com.br\/inicio\/cr7-modric-e-salah-concorrem-ao-premio-de-melhor-jogador-da-europa\/' class='whatsapp-button whatsapp-share'>WhatsApp<\/a><div class='clear '><\/div><\/div>","protected":false},"excerpt":{"rendered":"<p>Foram divulgados na manh\u00e3 desta segunda-feira os tr\u00eas finalistas do &#8220;Uefa Men&#8217;s Player of the Year&#8221;, que premia o melhor jogador do ano no futebol europeu: Luka Modric, Cristiano Ronaldo e Mohamed Salah. O vencedor ser\u00e1 anunciado no dia 30 de agosto, durante o sorteio dos grupos da Liga dos Campe\u00f5es, em Monaco. Os finalistas [&hellip;]<\/p>\n","protected":false},"author":1,"featured_media":8465,"comment_status":"open","ping_status":"open","sticky":false,"template":"","format":"standard","meta":{"om_disable_all_campaigns":false,"_exactmetrics_skip_tracking":false,"_exactmetrics_sitenote_active":false,"_exactmetrics_sitenote_note":"","_exactmetrics_sitenote_category":0,"footnotes":""},"categories":[36],"tags":[],"class_list":["post-8464","post","type-post","status-publish","format-standard","has-post-thumbnail","hentry","category-esporte"],"aioseo_notices":[],"_links":{"self":[{"href":"https:\/\/newsinfoco.com.br\/inicio\/wp-json\/wp\/v2\/posts\/8464","targetHints":{"allow":["GET"]}}],"collection":[{"href":"https:\/\/newsinfoco.com.br\/inicio\/wp-json\/wp\/v2\/posts"}],"about":[{"href":"https:\/\/newsinfoco.com.br\/inicio\/wp-json\/wp\/v2\/types\/post"}],"author":[{"embeddable":true,"href":"https:\/\/newsinfoco.com.br\/inicio\/wp-json\/wp\/v2\/users\/1"}],"replies":[{"embeddable":true,"href":"https:\/\/newsinfoco.com.br\/inicio\/wp-json\/wp\/v2\/comments?post=8464"}],"version-history":[{"count":0,"href":"https:\/\/newsinfoco.com.br\/inicio\/wp-json\/wp\/v2\/posts\/8464\/revisions"}],"wp:featuredmedia":[{"embeddable":true,"href":"https:\/\/newsinfoco.com.br\/inicio\/wp-json\/wp\/v2\/media\/8465"}],"wp:attachment":[{"href":"https:\/\/newsinfoco.com.br\/inicio\/wp-json\/wp\/v2\/media?parent=8464"}],"wp:term":[{"taxonomy":"category","embeddable":true,"href":"https:\/\/newsinfoco.com.br\/inicio\/wp-json\/wp\/v2\/categories?post=8464"},{"taxonomy":"post_tag","embeddable":true,"href":"https:\/\/newsinfoco.com.br\/inicio\/wp-json\/wp\/v2\/tags?post=8464"}],"curies":[{"name":"wp","href":"https:\/\/api.w.org\/{rel}","templated":true}]}}