{"id":8473,"date":"2018-08-20T22:47:37","date_gmt":"2018-08-21T01:47:37","guid":{"rendered":"http:\/\/newsinfoco.com.br\/?p=8473"},"modified":"2018-08-20T22:47:37","modified_gmt":"2018-08-21T01:47:37","slug":"casamento-evento-gratuito-promove-palestras-sobre-o-universo-das-noivas","status":"publish","type":"post","link":"https:\/\/newsinfoco.com.br\/inicio\/casamento-evento-gratuito-promove-palestras-sobre-o-universo-das-noivas\/","title":{"rendered":"Casamento: Evento gratuito promove palestras sobre o universo das noivas"},"content":{"rendered":"<p class=\"bodytext\" style=\"text-align: justify;\"><span style=\"color: #000000;\">A Bahia est\u00e1 entre os locais mais procurados para cerim\u00f4nias de casamento. Para aproveitar a tend\u00eancia, o Celebrar Salvador, evento que re\u00fane dicas, novidades e fornecedores do mercado de casamentos, ser\u00e1 realizado nos dias 01 e 02 de setembro, no Tropic\u00e1lia Praia Eventos e Cerimonial. A entrada \u00e9 gratuita.<\/span><\/p>\n<p style=\"text-align: justify;\"><span style=\"color: #000000;\">\u00a0A programa\u00e7\u00e3o do evento contar\u00e1 orienta\u00e7\u00f5es sobre a escolha do cen\u00e1rio e at\u00e9 dicas para a noiva se manter em forma. No primeiro dia, ser\u00e1 realizado o talk-show &#8216;Casar na Bahia&#8217; que aborda as vantagens de casar na Bahia e sugest\u00f5es de locais. No segundo dia, acontece um talk-show sobre alimenta\u00e7\u00e3o para as noivas, com dicas de card\u00e1pio visando o bem-estar da noiva.\u00a0<\/span><\/p><div class=\"newsi-conteudo_19\" id=\"newsi-184878786\"><a href=\"https:\/\/www.instagram.com\/prefeituraalagoinhas?igsh=YzgzdDJ1bWR3aWI4\" aria-label=\"SAVE_20251006_221555\"><img loading=\"lazy\" decoding=\"async\" src=\"https:\/\/newsinfoco.com.br\/inicio\/wp-content\/uploads\/2025\/10\/SAVE_20251006_221555-rotated.jpg\" alt=\"\"  srcset=\"https:\/\/newsinfoco.com.br\/inicio\/wp-content\/uploads\/2025\/10\/SAVE_20251006_221555-rotated.jpg 1140w, https:\/\/newsinfoco.com.br\/inicio\/wp-content\/uploads\/2025\/10\/SAVE_20251006_221555-300x52.jpg 300w, https:\/\/newsinfoco.com.br\/inicio\/wp-content\/uploads\/2025\/10\/SAVE_20251006_221555-1024x177.jpg 1024w, https:\/\/newsinfoco.com.br\/inicio\/wp-content\/uploads\/2025\/10\/SAVE_20251006_221555-768x133.jpg 768w, https:\/\/newsinfoco.com.br\/inicio\/wp-content\/uploads\/2025\/10\/SAVE_20251006_221555-600x104.jpg 600w, https:\/\/newsinfoco.com.br\/inicio\/wp-content\/uploads\/2025\/10\/SAVE_20251006_221555-696x120.jpg 696w, https:\/\/newsinfoco.com.br\/inicio\/wp-content\/uploads\/2025\/10\/SAVE_20251006_221555-1068x185.jpg 1068w\" sizes=\"(max-width: 1140px) 100vw, 1140px\" width=\"1140\" height=\"197\"   \/><\/a><\/div>\n<p><span style=\"color: #000000;\">O evento ter\u00e1 mais de 30 expositores dos segmentos de buffet, beleza, acess\u00f3rios, decora\u00e7\u00e3o, foto e v\u00eddeo, convites, espa\u00e7os para eventos e entre outros. O Celebrar Salvador tamb\u00e9m contar\u00e1 com participa\u00e7\u00e3o de palestrantes sobre casamento e desfiles de vestido de noivas. O p\u00fablico tamb\u00e9m poder\u00e1 conferir as tend\u00eancias na \u00e1rea de 15 anos e formaturas.\u00a0<\/span><\/p>\n<p><span style=\"color: #000000;\">Servi\u00e7o<\/span><br \/>\n<span style=\"color: #000000;\">Celebrar Salvador\u00a0<\/span><br \/>\n<span style=\"color: #000000;\">Dias:\u00a01\u00ba e 2 de setembro (s\u00e1bado e domingo)<\/span><br \/>\n<span style=\"color: #000000;\">Hor\u00e1rio:\u00a0das 13h \u00e0s 20h<\/span><br \/>\n<span style=\"color: #000000;\">Local:\u00a0Tropic\u00e1lia Eventos e Cerimonial, localizado \u00e0 Rua Desembargador Manuel de Andrade Teixeira, Praia do Flamengo.<\/span><br \/>\n<span style=\"color: #000000;\">Entrada:\u00a0entrada gratuita<\/span><\/p>\n<p>&nbsp;<\/p>\n<h6 style=\"text-align: right;\">fonte:Ibahia<\/h6>\n<div class='share-to-whatsapp-wrapper'><div class='share-on-whsp'>Share on: <\/div><a data-text='Casamento: Evento gratuito promove palestras sobre o universo das noivas' data-link='https:\/\/newsinfoco.com.br\/inicio\/casamento-evento-gratuito-promove-palestras-sobre-o-universo-das-noivas\/' class='whatsapp-button whatsapp-share'>WhatsApp<\/a><div class='clear '><\/div><\/div>","protected":false},"excerpt":{"rendered":"<p>A Bahia est\u00e1 entre os locais mais procurados para cerim\u00f4nias de casamento. Para aproveitar a tend\u00eancia, o Celebrar Salvador, evento que re\u00fane dicas, novidades e fornecedores do mercado de casamentos, ser\u00e1 realizado nos dias 01 e 02 de setembro, no Tropic\u00e1lia Praia Eventos e Cerimonial. A entrada \u00e9 gratuita. \u00a0A programa\u00e7\u00e3o do evento contar\u00e1 orienta\u00e7\u00f5es [&hellip;]<\/p>\n","protected":false},"author":1,"featured_media":8474,"comment_status":"open","ping_status":"open","sticky":false,"template":"","format":"standard","meta":{"om_disable_all_campaigns":false,"_exactmetrics_skip_tracking":false,"_exactmetrics_sitenote_active":false,"_exactmetrics_sitenote_note":"","_exactmetrics_sitenote_category":0,"footnotes":""},"categories":[29],"tags":[],"class_list":["post-8473","post","type-post","status-publish","format-standard","has-post-thumbnail","hentry","category-cultura"],"aioseo_notices":[],"_links":{"self":[{"href":"https:\/\/newsinfoco.com.br\/inicio\/wp-json\/wp\/v2\/posts\/8473","targetHints":{"allow":["GET"]}}],"collection":[{"href":"https:\/\/newsinfoco.com.br\/inicio\/wp-json\/wp\/v2\/posts"}],"about":[{"href":"https:\/\/newsinfoco.com.br\/inicio\/wp-json\/wp\/v2\/types\/post"}],"author":[{"embeddable":true,"href":"https:\/\/newsinfoco.com.br\/inicio\/wp-json\/wp\/v2\/users\/1"}],"replies":[{"embeddable":true,"href":"https:\/\/newsinfoco.com.br\/inicio\/wp-json\/wp\/v2\/comments?post=8473"}],"version-history":[{"count":0,"href":"https:\/\/newsinfoco.com.br\/inicio\/wp-json\/wp\/v2\/posts\/8473\/revisions"}],"wp:featuredmedia":[{"embeddable":true,"href":"https:\/\/newsinfoco.com.br\/inicio\/wp-json\/wp\/v2\/media\/8474"}],"wp:attachment":[{"href":"https:\/\/newsinfoco.com.br\/inicio\/wp-json\/wp\/v2\/media?parent=8473"}],"wp:term":[{"taxonomy":"category","embeddable":true,"href":"https:\/\/newsinfoco.com.br\/inicio\/wp-json\/wp\/v2\/categories?post=8473"},{"taxonomy":"post_tag","embeddable":true,"href":"https:\/\/newsinfoco.com.br\/inicio\/wp-json\/wp\/v2\/tags?post=8473"}],"curies":[{"name":"wp","href":"https:\/\/api.w.org\/{rel}","templated":true}]}}