{"id":8544,"date":"2018-08-22T18:36:00","date_gmt":"2018-08-22T21:36:00","guid":{"rendered":"http:\/\/newsinfoco.com.br\/?p=8544"},"modified":"2018-08-22T18:36:00","modified_gmt":"2018-08-22T21:36:00","slug":"prefeitura-conclui-pavimentacao-asfaltica-na-lourival-batista","status":"publish","type":"post","link":"https:\/\/newsinfoco.com.br\/inicio\/prefeitura-conclui-pavimentacao-asfaltica-na-lourival-batista\/","title":{"rendered":"Prefeitura conclui pavimenta\u00e7\u00e3o asf\u00e1ltica na Lourival Batista"},"content":{"rendered":"<p style=\"text-align: justify;\"><span style=\"color: #000000;\">A Prefeitura municipal concluiu, nesta quarta-feira (22), as obras de requalifica\u00e7\u00e3o na avenida Lourival Batista. As duas vias da avenida receberam pavimenta\u00e7\u00e3o com concreto betuminoso usinado a quente (CBQU) (o mesmo utilizado nas rodovias), pintura de meio-fio, e na pr\u00f3xima semana, ser\u00e1 a vez dos servi\u00e7os de sinaliza\u00e7\u00e3o para pedestres.<\/span><\/p>\n<p style=\"text-align: justify;\"><span style=\"color: #000000;\">Importante trecho de acesso \u00e1 Central de Abastecimento, com grande fluxo di\u00e1rio de pedestres e ve\u00edculos de carga, a revitaliza\u00e7\u00e3o da Lourival Batista era uma demanda antiga da popula\u00e7\u00e3o. As obras fazem parte de uma s\u00e9rie de a\u00e7\u00f5es de requalifica\u00e7\u00e3o no centro da cidade, que incluem \u00a0interven\u00e7\u00f5es no terminal coletivo, desobstru\u00e7\u00e3o e alargamento em trechos do Rio do Catu, amplia\u00e7\u00e3o da rede de ilumina\u00e7\u00e3o, recapeamento asf\u00e1ltico, tapa-buracos em diversas ruas, e a revitaliza\u00e7\u00e3o da Pra\u00e7a Rui Barbosa.<\/span><\/p><div class=\"newsi-conteudo_19\" id=\"newsi-2409491515\"><a href=\"https:\/\/www.instagram.com\/prefeituraalagoinhas?igsh=YzgzdDJ1bWR3aWI4\" aria-label=\"SAVE_20251006_221555\"><img loading=\"lazy\" decoding=\"async\" src=\"https:\/\/newsinfoco.com.br\/inicio\/wp-content\/uploads\/2025\/10\/SAVE_20251006_221555-rotated.jpg\" alt=\"\"  srcset=\"https:\/\/newsinfoco.com.br\/inicio\/wp-content\/uploads\/2025\/10\/SAVE_20251006_221555-rotated.jpg 1140w, https:\/\/newsinfoco.com.br\/inicio\/wp-content\/uploads\/2025\/10\/SAVE_20251006_221555-300x52.jpg 300w, https:\/\/newsinfoco.com.br\/inicio\/wp-content\/uploads\/2025\/10\/SAVE_20251006_221555-1024x177.jpg 1024w, https:\/\/newsinfoco.com.br\/inicio\/wp-content\/uploads\/2025\/10\/SAVE_20251006_221555-768x133.jpg 768w, https:\/\/newsinfoco.com.br\/inicio\/wp-content\/uploads\/2025\/10\/SAVE_20251006_221555-600x104.jpg 600w, https:\/\/newsinfoco.com.br\/inicio\/wp-content\/uploads\/2025\/10\/SAVE_20251006_221555-696x120.jpg 696w, https:\/\/newsinfoco.com.br\/inicio\/wp-content\/uploads\/2025\/10\/SAVE_20251006_221555-1068x185.jpg 1068w\" sizes=\"(max-width: 1140px) 100vw, 1140px\" width=\"1140\" height=\"197\"   \/><\/a><\/div>\n<p style=\"text-align: right;\">Fonte: SECOM<\/p>\n<p style=\"text-align: justify;\">\n<div class='share-to-whatsapp-wrapper'><div class='share-on-whsp'>Share on: <\/div><a data-text='Prefeitura conclui pavimenta\u00e7\u00e3o asf\u00e1ltica na Lourival Batista' data-link='https:\/\/newsinfoco.com.br\/inicio\/prefeitura-conclui-pavimentacao-asfaltica-na-lourival-batista\/' class='whatsapp-button whatsapp-share'>WhatsApp<\/a><div class='clear '><\/div><\/div>","protected":false},"excerpt":{"rendered":"<p>A Prefeitura municipal concluiu, nesta quarta-feira (22), as obras de requalifica\u00e7\u00e3o na avenida Lourival Batista. As duas vias da avenida receberam pavimenta\u00e7\u00e3o com concreto betuminoso usinado a quente (CBQU) (o mesmo utilizado nas rodovias), pintura de meio-fio, e na pr\u00f3xima semana, ser\u00e1 a vez dos servi\u00e7os de sinaliza\u00e7\u00e3o para pedestres. Importante trecho de acesso \u00e1 [&hellip;]<\/p>\n","protected":false},"author":1,"featured_media":8545,"comment_status":"open","ping_status":"open","sticky":false,"template":"","format":"standard","meta":{"om_disable_all_campaigns":false,"_exactmetrics_skip_tracking":false,"_exactmetrics_sitenote_active":false,"_exactmetrics_sitenote_note":"","_exactmetrics_sitenote_category":0,"footnotes":""},"categories":[38,30],"tags":[53,54,56],"class_list":["post-8544","post","type-post","status-publish","format-standard","has-post-thumbnail","hentry","category-alagoinhas-e-regiao","category-destaque","tag-alagoinhas","tag-prefeitura","tag-secom"],"aioseo_notices":[],"_links":{"self":[{"href":"https:\/\/newsinfoco.com.br\/inicio\/wp-json\/wp\/v2\/posts\/8544","targetHints":{"allow":["GET"]}}],"collection":[{"href":"https:\/\/newsinfoco.com.br\/inicio\/wp-json\/wp\/v2\/posts"}],"about":[{"href":"https:\/\/newsinfoco.com.br\/inicio\/wp-json\/wp\/v2\/types\/post"}],"author":[{"embeddable":true,"href":"https:\/\/newsinfoco.com.br\/inicio\/wp-json\/wp\/v2\/users\/1"}],"replies":[{"embeddable":true,"href":"https:\/\/newsinfoco.com.br\/inicio\/wp-json\/wp\/v2\/comments?post=8544"}],"version-history":[{"count":0,"href":"https:\/\/newsinfoco.com.br\/inicio\/wp-json\/wp\/v2\/posts\/8544\/revisions"}],"wp:featuredmedia":[{"embeddable":true,"href":"https:\/\/newsinfoco.com.br\/inicio\/wp-json\/wp\/v2\/media\/8545"}],"wp:attachment":[{"href":"https:\/\/newsinfoco.com.br\/inicio\/wp-json\/wp\/v2\/media?parent=8544"}],"wp:term":[{"taxonomy":"category","embeddable":true,"href":"https:\/\/newsinfoco.com.br\/inicio\/wp-json\/wp\/v2\/categories?post=8544"},{"taxonomy":"post_tag","embeddable":true,"href":"https:\/\/newsinfoco.com.br\/inicio\/wp-json\/wp\/v2\/tags?post=8544"}],"curies":[{"name":"wp","href":"https:\/\/api.w.org\/{rel}","templated":true}]}}