{"id":8547,"date":"2018-08-22T18:43:25","date_gmt":"2018-08-22T21:43:25","guid":{"rendered":"http:\/\/newsinfoco.com.br\/?p=8547"},"modified":"2018-08-22T18:43:25","modified_gmt":"2018-08-22T21:43:25","slug":"em-decisao-democratica-da-rede-municipal-professores-escolhem-unificar-o-livro-didatico-que-atende-as-unidades-escolares","status":"publish","type":"post","link":"https:\/\/newsinfoco.com.br\/inicio\/em-decisao-democratica-da-rede-municipal-professores-escolhem-unificar-o-livro-didatico-que-atende-as-unidades-escolares\/","title":{"rendered":"Em decis\u00e3o democr\u00e1tica da rede municipal, professores escolhem unificar o livro did\u00e1tico que atende \u00e0s unidades escolares"},"content":{"rendered":"<p style=\"text-align: justify;\"><span style=\"color: #000000;\">Pela primeira vez em Alagoinhas e partindo de uma decis\u00e3o democr\u00e1tica de toda a rede municipal de ensino, a Prefeitura, atrav\u00e9s da Secretaria Municipal de Educa\u00e7\u00e3o (SEDUC), escolheu unificar os livros que atendem a estudantes das escolas municipais.<\/span><\/p>\n<p style=\"text-align: justify;\"><span style=\"color: #000000;\">\u201cNo caso da escolha \u00fanica, o aluno que est\u00e1 estudando na Escola Marco Maciel recebe uma cole\u00e7\u00e3o de livros e o aluno que est\u00e1 estudando em Alagoinhas IV vai receber a mesma cole\u00e7\u00e3o, ent\u00e3o a gente n\u00e3o vai ter livros diferenciados, como a gente tinha antes, quando cada escola escolhia sua cole\u00e7\u00e3o independente\u201d, explicou Keite Lima, coordenadora pedag\u00f3gica da SEDUC.<\/span><\/p><div class=\"newsi-conteudo_19\" id=\"newsi-3556002693\"><a href=\"https:\/\/www.instagram.com\/prefeituraalagoinhas?igsh=YzgzdDJ1bWR3aWI4\" aria-label=\"SAVE_20251006_221555\"><img loading=\"lazy\" decoding=\"async\" src=\"https:\/\/newsinfoco.com.br\/inicio\/wp-content\/uploads\/2025\/10\/SAVE_20251006_221555-rotated.jpg\" alt=\"\"  srcset=\"https:\/\/newsinfoco.com.br\/inicio\/wp-content\/uploads\/2025\/10\/SAVE_20251006_221555-rotated.jpg 1140w, https:\/\/newsinfoco.com.br\/inicio\/wp-content\/uploads\/2025\/10\/SAVE_20251006_221555-300x52.jpg 300w, https:\/\/newsinfoco.com.br\/inicio\/wp-content\/uploads\/2025\/10\/SAVE_20251006_221555-1024x177.jpg 1024w, https:\/\/newsinfoco.com.br\/inicio\/wp-content\/uploads\/2025\/10\/SAVE_20251006_221555-768x133.jpg 768w, https:\/\/newsinfoco.com.br\/inicio\/wp-content\/uploads\/2025\/10\/SAVE_20251006_221555-600x104.jpg 600w, https:\/\/newsinfoco.com.br\/inicio\/wp-content\/uploads\/2025\/10\/SAVE_20251006_221555-696x120.jpg 696w, https:\/\/newsinfoco.com.br\/inicio\/wp-content\/uploads\/2025\/10\/SAVE_20251006_221555-1068x185.jpg 1068w\" sizes=\"(max-width: 1140px) 100vw, 1140px\" width=\"1140\" height=\"197\"   \/><\/a><\/div>\n<p style=\"text-align: justify;\"><span style=\"color: #000000;\">A decis\u00e3o, in\u00e9dita no munic\u00edpio, partiu dos pr\u00f3prios professores da rede municipal, que se reuniram para avaliar os materiais disponibilizados pelo Programa Nacional do Livro Did\u00e1tico (PNLD).<\/span><\/p>\n<p style=\"text-align: justify;\"><span style=\"color: #000000;\">Para Vanilda Caldeira Santana, que trabalha h\u00e1 20 anos na rede e atua hoje em 2 escolas de Riacho da Guia, a escolha \u00e9 positiva. \u201cOs nossos livros eram diferenciados. A gente trabalhava com livros integrados, sem muita escolha, o que tornava nosso trabalho bem dif\u00edcil. A nossa op\u00e7\u00e3o por escolher os livros em rede unificada significa um ganho para a comunidade rural. Nossos alunos que estudavam l\u00e1, quando vinham para a sede, sentiam dificuldade porque os livros eram diferentes. Agora n\u00e3o. A gente teve a oportunidade de escolher esse livro que atender\u00e1 a todas as unidades\u201d, pontuou.<\/span><\/p>\n<p style=\"text-align: justify;\"><span style=\"color: #000000;\">Marivalda de Almeida, coordenadora dos anos iniciais do ciclo de aprendizagem Alagoinhas, concorda. \u201cO primeiro benef\u00edcio \u00e9 o trabalho em rede. Sendo um trabalho em rede, a aprendizagem das crian\u00e7as acreditamos que vai melhorar, porque se a crian\u00e7a estuda em uma escola e precisa de transfer\u00eancia, a outra escola vai dar continuidade ao conte\u00fado que ela j\u00e1 estava estudando. Al\u00e9m disso, \u00e9 positivo para o processo de remanejamento de material na rede, porque o livro chega \u00e0 rede de acordo com o censo do ano anterior. Se, em uma unidade escolar, chegar mais alunos este ano, por exemplo, a pr\u00f3pria rede pode fazer o remanejamento do livro did\u00e1tico para que a crian\u00e7a n\u00e3o fique sem o seu livro. S\u00e3o dois pontos cruciais, que interferem diretamente tanto no processo de ensino quanto na aprendizagem\u201d, enfatizou.<\/span><\/p>\n<p style=\"text-align: justify;\"><span style=\"color: #000000;\">A Secretaria Municipal de Educa\u00e7\u00e3o (SEDUC) informou que a op\u00e7\u00e3o de adotar uma editora que atenda \u00e0 rede municipal de ensino foi dada pelo PNLD, que apresentou, na metodologia, 3 alternativas aos munic\u00edpios: escolher uma cole\u00e7\u00e3o para todo o munic\u00edpio, implementar uma cole\u00e7\u00e3o por escola ou estabelecer uma cole\u00e7\u00e3o por grupo de escolas.<\/span><\/p>\n<p style=\"text-align: justify;\"><span style=\"color: #000000;\">Segundo a SEDUC, entretanto, esta foi a primeira vez que, em uma decis\u00e3o consensual e democr\u00e1tica, a rede optou por unificar os livros did\u00e1ticos. Ap\u00f3s a escolha, a SEDUC enviou, \u00e0 diretoria pedag\u00f3gica, um barema para que os professores respeitassem crit\u00e9rios no momento de escolher a editora que atenderia Alagoinhas.<\/span><\/p>\n<p style=\"text-align: justify;\"><img decoding=\"async\" src=\"https:\/\/www.alagoinhas.ba.gov.br\/wp-content\/uploads\/2018\/08\/43465574104_c9c42a9213_z.jpg\" \/><\/p>\n<p style=\"text-align: justify;\"><span style=\"color: #000000;\">Dando continuidade ao processo, coordenadores e diretores pedag\u00f3gicos das escolas se reuniram, na \u00faltima ter\u00e7a-feira (21), no IFBaiano, para avaliar o material das editoras e chegar ao nome da editora. A escolhida pela rede foi a cole\u00e7\u00e3o Buriti, da Editora Moderna, que, a partir de 2019, deve atender a alunos do 1\u00b0 ao 5\u00b0 ano em todas as escolas municipais.<\/span><\/p>\n<p style=\"text-align: justify;\"><span style=\"color: #000000;\">\u201cEssa metodologia, de mandar barema, de escolher, de reunir, n\u00e3o foi o MEC que mandou. N\u00f3s fizemos porque a gente entende que a gente precisa trazer essa discuss\u00e3o para a rede. N\u00e3o \u00e9 uma escola, s\u00e3o dezenas de unidades, ent\u00e3o eu preciso entender que a minha escolha implica no outro. Foram 3 reuni\u00f5es realizadas para chegarmos at\u00e9 aqui\u201d, ressaltou a coordenadora pedag\u00f3gica Keite Lima.<\/span><\/p>\n<p style=\"text-align: justify;\"><img decoding=\"async\" src=\"https:\/\/www.alagoinhas.ba.gov.br\/wp-content\/uploads\/2018\/08\/WhatsApp-Image-2018-08-21-at-17.44.05-1-1024x768.jpeg\" \/><\/p>\n<p style=\"text-align: justify;\"><span style=\"color: #000000;\">A decis\u00e3o, que se estender\u00e1 por 4 anos a partir de 2019, deve contemplar 64 unidades escolares do munic\u00edpio.<\/span><\/p>\n<p style=\"text-align: justify;\"><span style=\"color: #000000;\">\u201cHouve um momento, acho que em 2009, em que se tentou fazer o que se est\u00e1 fazendo agora, mas n\u00e3o foi poss\u00edvel. Esse \u00e9 o primeiro momento em que a gente est\u00e1 realmente escolhendo o livro unificado\u201d, comentou Vanilda Santana.<\/span><\/p>\n<p style=\"text-align: justify;\"><span style=\"color: #000000;\">A partir desta quinta-feira (23), as editoras certificadas pelo MEC, que vinham fazendo visitas \u00e0s unidades escolares dos munic\u00edpios, n\u00e3o podem mais se dirigir \u00e0s escolas, e os gestores iniciam o processo de inser\u00e7\u00e3o de dados no sistema do Minist\u00e9rio da Educa\u00e7\u00e3o com a escolha da cole\u00e7\u00e3o que atender\u00e1 \u00e0 rede.<\/span><\/p>\n<h6 style=\"text-align: right;\"><span style=\"color: #999999;\">Fonte: SECOM SEDUC<\/span><\/h6>\n<div class='share-to-whatsapp-wrapper'><div class='share-on-whsp'>Share on: <\/div><a data-text='Em decis\u00e3o democr\u00e1tica da rede municipal, professores escolhem unificar o livro did\u00e1tico que atende \u00e0s unidades escolares' data-link='https:\/\/newsinfoco.com.br\/inicio\/em-decisao-democratica-da-rede-municipal-professores-escolhem-unificar-o-livro-didatico-que-atende-as-unidades-escolares\/' class='whatsapp-button whatsapp-share'>WhatsApp<\/a><div class='clear '><\/div><\/div>","protected":false},"excerpt":{"rendered":"<p>Pela primeira vez em Alagoinhas e partindo de uma decis\u00e3o democr\u00e1tica de toda a rede municipal de ensino, a Prefeitura, atrav\u00e9s da Secretaria Municipal de Educa\u00e7\u00e3o (SEDUC), escolheu unificar os livros que atendem a estudantes das escolas municipais. \u201cNo caso da escolha \u00fanica, o aluno que est\u00e1 estudando na Escola Marco Maciel recebe uma cole\u00e7\u00e3o [&hellip;]<\/p>\n","protected":false},"author":1,"featured_media":8549,"comment_status":"open","ping_status":"open","sticky":false,"template":"","format":"standard","meta":{"om_disable_all_campaigns":false,"_exactmetrics_skip_tracking":false,"_exactmetrics_sitenote_active":false,"_exactmetrics_sitenote_note":"","_exactmetrics_sitenote_category":0,"footnotes":""},"categories":[38,30],"tags":[53,54,107],"class_list":["post-8547","post","type-post","status-publish","format-standard","has-post-thumbnail","hentry","category-alagoinhas-e-regiao","category-destaque","tag-alagoinhas","tag-prefeitura","tag-secom-seduc"],"aioseo_notices":[],"_links":{"self":[{"href":"https:\/\/newsinfoco.com.br\/inicio\/wp-json\/wp\/v2\/posts\/8547","targetHints":{"allow":["GET"]}}],"collection":[{"href":"https:\/\/newsinfoco.com.br\/inicio\/wp-json\/wp\/v2\/posts"}],"about":[{"href":"https:\/\/newsinfoco.com.br\/inicio\/wp-json\/wp\/v2\/types\/post"}],"author":[{"embeddable":true,"href":"https:\/\/newsinfoco.com.br\/inicio\/wp-json\/wp\/v2\/users\/1"}],"replies":[{"embeddable":true,"href":"https:\/\/newsinfoco.com.br\/inicio\/wp-json\/wp\/v2\/comments?post=8547"}],"version-history":[{"count":0,"href":"https:\/\/newsinfoco.com.br\/inicio\/wp-json\/wp\/v2\/posts\/8547\/revisions"}],"wp:featuredmedia":[{"embeddable":true,"href":"https:\/\/newsinfoco.com.br\/inicio\/wp-json\/wp\/v2\/media\/8549"}],"wp:attachment":[{"href":"https:\/\/newsinfoco.com.br\/inicio\/wp-json\/wp\/v2\/media?parent=8547"}],"wp:term":[{"taxonomy":"category","embeddable":true,"href":"https:\/\/newsinfoco.com.br\/inicio\/wp-json\/wp\/v2\/categories?post=8547"},{"taxonomy":"post_tag","embeddable":true,"href":"https:\/\/newsinfoco.com.br\/inicio\/wp-json\/wp\/v2\/tags?post=8547"}],"curies":[{"name":"wp","href":"https:\/\/api.w.org\/{rel}","templated":true}]}}