{"id":8551,"date":"2018-08-22T18:49:18","date_gmt":"2018-08-22T21:49:18","guid":{"rendered":"http:\/\/newsinfoco.com.br\/?p=8551"},"modified":"2018-08-22T18:49:18","modified_gmt":"2018-08-22T21:49:18","slug":"cuidando-do-cuidador-prefeitura-promove-momento-de-arte-poesia-e-relaxamento-atraves-da-musica-para-profissionais-da-saude","status":"publish","type":"post","link":"https:\/\/newsinfoco.com.br\/inicio\/cuidando-do-cuidador-prefeitura-promove-momento-de-arte-poesia-e-relaxamento-atraves-da-musica-para-profissionais-da-saude\/","title":{"rendered":"\u201cCuidando do cuidador\u201d: Prefeitura promove momento de arte, poesia e relaxamento atrav\u00e9s da m\u00fasica para profissionais da sa\u00fade"},"content":{"rendered":"<p style=\"text-align: justify;\"><span style=\"color: #000000;\">Com foco em promover um momento de relaxamento atrav\u00e9s da m\u00fasica a profissionais da sa\u00fade, a Prefeitura Municipal, atrav\u00e9s da Secretaria de Sa\u00fade (SESAU), promoveu, na \u00faltima ter\u00e7a-feira (22), uma noite de compartilhamento entre profissionais do setor.<\/span><\/p>\n<p style=\"text-align: justify;\"><span style=\"color: #000000;\">A atra\u00e7\u00e3o do evento foi a performance da cantora l\u00edrica soprano Andreia Bien, que entoou can\u00e7\u00f5es emblem\u00e1ticas e grandes cl\u00e1ssicos da m\u00fasica, como \u201cPerhaps Love\u201d, \u201cLa Vie em Rose\u201d e \u201cSe eu n\u00e3o te amasse tanto assim\u201d.<\/span><br \/>\n<span style=\"color: #000000;\">A abertura ficou por conta do poeta L\u00e1zaro Zacariades, que interpretou textos autorais intercalados por can\u00e7\u00f5es populares da inf\u00e2ncia.<\/span><\/p><div class=\"newsi-conteudo_19\" id=\"newsi-913482955\"><a href=\"https:\/\/www.instagram.com\/prefeituraalagoinhas?igsh=YzgzdDJ1bWR3aWI4\" aria-label=\"SAVE_20251006_221555\"><img loading=\"lazy\" decoding=\"async\" src=\"https:\/\/newsinfoco.com.br\/inicio\/wp-content\/uploads\/2025\/10\/SAVE_20251006_221555-rotated.jpg\" alt=\"\"  srcset=\"https:\/\/newsinfoco.com.br\/inicio\/wp-content\/uploads\/2025\/10\/SAVE_20251006_221555-rotated.jpg 1140w, https:\/\/newsinfoco.com.br\/inicio\/wp-content\/uploads\/2025\/10\/SAVE_20251006_221555-300x52.jpg 300w, https:\/\/newsinfoco.com.br\/inicio\/wp-content\/uploads\/2025\/10\/SAVE_20251006_221555-1024x177.jpg 1024w, https:\/\/newsinfoco.com.br\/inicio\/wp-content\/uploads\/2025\/10\/SAVE_20251006_221555-768x133.jpg 768w, https:\/\/newsinfoco.com.br\/inicio\/wp-content\/uploads\/2025\/10\/SAVE_20251006_221555-600x104.jpg 600w, https:\/\/newsinfoco.com.br\/inicio\/wp-content\/uploads\/2025\/10\/SAVE_20251006_221555-696x120.jpg 696w, https:\/\/newsinfoco.com.br\/inicio\/wp-content\/uploads\/2025\/10\/SAVE_20251006_221555-1068x185.jpg 1068w\" sizes=\"(max-width: 1140px) 100vw, 1140px\" width=\"1140\" height=\"197\"   \/><\/a><\/div>\n<p style=\"text-align: justify;\"><span style=\"color: #000000;\">De acordo com o secret\u00e1rio de sa\u00fade do munic\u00edpio, Moacir Lira, a inten\u00e7\u00e3o era proporcionar um momento de viv\u00eancia e experimenta\u00e7\u00e3o entre profissionais da sa\u00fade fora da rotina de atendimentos e do ambiente de trabalho.<\/span><\/p>\n<p><img decoding=\"async\" src=\"https:\/\/www.alagoinhas.ba.gov.br\/wp-content\/uploads\/2018\/08\/30328375288_41e91c4e00_z.jpg\" \/><\/p>\n<p style=\"text-align: justify;\"><span style=\"color: #000000;\">\u201cProfissionais de sa\u00fade lidam com a dor, lidam com o sofrimento o tempo inteiro, e eu sempre fico perguntando \u2018eles vivem cuidando das pessoas, mas quem \u00e9 que cuida deles?\u2019. Ent\u00e3o a gente entende que a arte, a possibilidade de escutar uma boa m\u00fasica, se configura como um momento importante de autoconhecimento, um momento de rela\u00e7\u00f5es interpessoais, de poder ter o encontro com outros profissionais e aproveitar uma noite maravilhosa de relaxamento\u201d, pontuou.<\/span><\/p>\n<p style=\"text-align: justify;\"><span style=\"color: #000000;\">A a\u00e7\u00e3o faz parte das propostas j\u00e1 desenvolvidas pela SESAU de humaniza\u00e7\u00e3o, cuidado e aten\u00e7\u00e3o \u00e0 sa\u00fade mental dos profissionais que lidam diariamente com decis\u00f5es importantes, situa\u00e7\u00f5es de estresse e extensas jornadas de trabalho.<\/span><\/p>\n<p style=\"text-align: justify;\"><span style=\"color: #000000;\">E o intuito, segundo Moacir Lira, \u00e9 fazer ainda mais. \u201cO Cuidando do Cuidador \u00e9 um projeto que deve se ampliar. Quanto mais pessoas sensibilizadas com o cuidado e o acolhimento ao ser humano, melhor. Pretendemos estreitar la\u00e7os com psic\u00f3logos da cidade, terapeutas, educadores f\u00edsicos e massoterapeutas para promover novas atividades com foco em cuidar daqueles que cuidam\u201d, afirmou.<\/span><\/p>\n<p>Andreia Bien, a cantora convidada, que est\u00e1 na Bahia desde o dia 13 de agosto e chegou a Alagoinhas ap\u00f3s uma s\u00e9rie de apresenta\u00e7\u00f5es em Salvador, falou sobre a m\u00fasica enquanto instrumento terap\u00eautico e ressaltou que, desde os prim\u00f3rdios, a percep\u00e7\u00e3o do homem atrav\u00e9s do som \u00e9 capaz de afetar a sa\u00fade emocional.<\/p>\n<p>Foi valendo-se da universalidade das can\u00e7\u00f5es e convidando o p\u00fablico para a intera\u00e7\u00e3o que a cantoria animou a noite desta ter\u00e7a-feira no Centro de Cultura. Quem esteve no local, n\u00e3o saiu imune ao show: cantou junto e se deliciou do in\u00edcio ao fim.<\/p>\n<p>A SESAU informou que as datas das pr\u00f3ximas realiza\u00e7\u00f5es ser\u00e3o divulgadas em breve e comunicou que, embora as atividades sejam direcionadas a profissionais da sa\u00fade, todos os interessados podem participar.<\/p>\n<p><a href=\"http:\/\/newsinfoco.com.br\/wp-content\/uploads\/2018\/08\/29258800347_568912701c_z.jpg\"><img loading=\"lazy\" decoding=\"async\" class=\"alignnone size-medium wp-image-8552\" src=\"http:\/\/newsinfoco.com.br\/wp-content\/uploads\/2018\/08\/29258800347_568912701c_z-300x199.jpg\" alt=\"\" width=\"300\" height=\"199\" srcset=\"https:\/\/newsinfoco.com.br\/inicio\/wp-content\/uploads\/2018\/08\/29258800347_568912701c_z-300x199.jpg 300w, https:\/\/newsinfoco.com.br\/inicio\/wp-content\/uploads\/2018\/08\/29258800347_568912701c_z-600x398.jpg 600w, https:\/\/newsinfoco.com.br\/inicio\/wp-content\/uploads\/2018\/08\/29258800347_568912701c_z-634x420.jpg 634w, https:\/\/newsinfoco.com.br\/inicio\/wp-content\/uploads\/2018\/08\/29258800347_568912701c_z.jpg 640w\" sizes=\"auto, (max-width: 300px) 100vw, 300px\" \/><\/a> <a href=\"http:\/\/newsinfoco.com.br\/wp-content\/uploads\/2018\/08\/29258808637_effa8aae7e_z.jpg\"><img loading=\"lazy\" decoding=\"async\" class=\"alignnone size-medium wp-image-8553\" src=\"http:\/\/newsinfoco.com.br\/wp-content\/uploads\/2018\/08\/29258808637_effa8aae7e_z-300x199.jpg\" alt=\"\" width=\"300\" height=\"199\" srcset=\"https:\/\/newsinfoco.com.br\/inicio\/wp-content\/uploads\/2018\/08\/29258808637_effa8aae7e_z-300x199.jpg 300w, https:\/\/newsinfoco.com.br\/inicio\/wp-content\/uploads\/2018\/08\/29258808637_effa8aae7e_z-600x398.jpg 600w, https:\/\/newsinfoco.com.br\/inicio\/wp-content\/uploads\/2018\/08\/29258808637_effa8aae7e_z-634x420.jpg 634w, https:\/\/newsinfoco.com.br\/inicio\/wp-content\/uploads\/2018\/08\/29258808637_effa8aae7e_z.jpg 640w\" sizes=\"auto, (max-width: 300px) 100vw, 300px\" \/><\/a> <a href=\"http:\/\/newsinfoco.com.br\/wp-content\/uploads\/2018\/08\/44147428232_f98e6864f6_z.jpg\"><img loading=\"lazy\" decoding=\"async\" class=\"alignnone size-medium wp-image-8554\" src=\"http:\/\/newsinfoco.com.br\/wp-content\/uploads\/2018\/08\/44147428232_f98e6864f6_z-300x199.jpg\" alt=\"\" width=\"300\" height=\"199\" srcset=\"https:\/\/newsinfoco.com.br\/inicio\/wp-content\/uploads\/2018\/08\/44147428232_f98e6864f6_z-300x199.jpg 300w, https:\/\/newsinfoco.com.br\/inicio\/wp-content\/uploads\/2018\/08\/44147428232_f98e6864f6_z-600x398.jpg 600w, https:\/\/newsinfoco.com.br\/inicio\/wp-content\/uploads\/2018\/08\/44147428232_f98e6864f6_z-634x420.jpg 634w, https:\/\/newsinfoco.com.br\/inicio\/wp-content\/uploads\/2018\/08\/44147428232_f98e6864f6_z.jpg 640w\" sizes=\"auto, (max-width: 300px) 100vw, 300px\" \/><\/a> <a href=\"http:\/\/newsinfoco.com.br\/wp-content\/uploads\/2018\/08\/44147437922_bfd4320689_z.jpg\"><img loading=\"lazy\" decoding=\"async\" class=\"alignnone size-medium wp-image-8555\" src=\"http:\/\/newsinfoco.com.br\/wp-content\/uploads\/2018\/08\/44147437922_bfd4320689_z-300x199.jpg\" alt=\"\" width=\"300\" height=\"199\" srcset=\"https:\/\/newsinfoco.com.br\/inicio\/wp-content\/uploads\/2018\/08\/44147437922_bfd4320689_z-300x199.jpg 300w, https:\/\/newsinfoco.com.br\/inicio\/wp-content\/uploads\/2018\/08\/44147437922_bfd4320689_z-600x398.jpg 600w, https:\/\/newsinfoco.com.br\/inicio\/wp-content\/uploads\/2018\/08\/44147437922_bfd4320689_z-634x420.jpg 634w, https:\/\/newsinfoco.com.br\/inicio\/wp-content\/uploads\/2018\/08\/44147437922_bfd4320689_z.jpg 640w\" sizes=\"auto, (max-width: 300px) 100vw, 300px\" \/><\/a> <a href=\"http:\/\/newsinfoco.com.br\/wp-content\/uploads\/2018\/08\/44195687331_f770d12ccf_z.jpg\"><img loading=\"lazy\" decoding=\"async\" class=\"alignnone size-medium wp-image-8556\" src=\"http:\/\/newsinfoco.com.br\/wp-content\/uploads\/2018\/08\/44195687331_f770d12ccf_z-300x199.jpg\" alt=\"\" width=\"300\" height=\"199\" srcset=\"https:\/\/newsinfoco.com.br\/inicio\/wp-content\/uploads\/2018\/08\/44195687331_f770d12ccf_z-300x199.jpg 300w, https:\/\/newsinfoco.com.br\/inicio\/wp-content\/uploads\/2018\/08\/44195687331_f770d12ccf_z-600x398.jpg 600w, https:\/\/newsinfoco.com.br\/inicio\/wp-content\/uploads\/2018\/08\/44195687331_f770d12ccf_z-634x420.jpg 634w, https:\/\/newsinfoco.com.br\/inicio\/wp-content\/uploads\/2018\/08\/44195687331_f770d12ccf_z.jpg 640w\" sizes=\"auto, (max-width: 300px) 100vw, 300px\" \/><\/a><\/p>\n<h5 style=\"text-align: right;\"><span style=\"color: #999999;\">Fonte: SECOM SESAU<\/span><\/h5>\n<div class='share-to-whatsapp-wrapper'><div class='share-on-whsp'>Share on: <\/div><a data-text='\u201cCuidando do cuidador\u201d: Prefeitura promove momento de arte, poesia e relaxamento atrav\u00e9s da m\u00fasica para profissionais da sa\u00fade' data-link='https:\/\/newsinfoco.com.br\/inicio\/cuidando-do-cuidador-prefeitura-promove-momento-de-arte-poesia-e-relaxamento-atraves-da-musica-para-profissionais-da-saude\/' class='whatsapp-button whatsapp-share'>WhatsApp<\/a><div class='clear '><\/div><\/div>","protected":false},"excerpt":{"rendered":"<p>Com foco em promover um momento de relaxamento atrav\u00e9s da m\u00fasica a profissionais da sa\u00fade, a Prefeitura Municipal, atrav\u00e9s da Secretaria de Sa\u00fade (SESAU), promoveu, na \u00faltima ter\u00e7a-feira (22), uma noite de compartilhamento entre profissionais do setor. A atra\u00e7\u00e3o do evento foi a performance da cantora l\u00edrica soprano Andreia Bien, que entoou can\u00e7\u00f5es emblem\u00e1ticas e [&hellip;]<\/p>\n","protected":false},"author":1,"featured_media":8554,"comment_status":"open","ping_status":"open","sticky":false,"template":"","format":"standard","meta":{"om_disable_all_campaigns":false,"_exactmetrics_skip_tracking":false,"_exactmetrics_sitenote_active":false,"_exactmetrics_sitenote_note":"","_exactmetrics_sitenote_category":0,"footnotes":""},"categories":[38,30],"tags":[53,54,101],"class_list":["post-8551","post","type-post","status-publish","format-standard","has-post-thumbnail","hentry","category-alagoinhas-e-regiao","category-destaque","tag-alagoinhas","tag-prefeitura","tag-secom-sesau"],"aioseo_notices":[],"_links":{"self":[{"href":"https:\/\/newsinfoco.com.br\/inicio\/wp-json\/wp\/v2\/posts\/8551","targetHints":{"allow":["GET"]}}],"collection":[{"href":"https:\/\/newsinfoco.com.br\/inicio\/wp-json\/wp\/v2\/posts"}],"about":[{"href":"https:\/\/newsinfoco.com.br\/inicio\/wp-json\/wp\/v2\/types\/post"}],"author":[{"embeddable":true,"href":"https:\/\/newsinfoco.com.br\/inicio\/wp-json\/wp\/v2\/users\/1"}],"replies":[{"embeddable":true,"href":"https:\/\/newsinfoco.com.br\/inicio\/wp-json\/wp\/v2\/comments?post=8551"}],"version-history":[{"count":0,"href":"https:\/\/newsinfoco.com.br\/inicio\/wp-json\/wp\/v2\/posts\/8551\/revisions"}],"wp:featuredmedia":[{"embeddable":true,"href":"https:\/\/newsinfoco.com.br\/inicio\/wp-json\/wp\/v2\/media\/8554"}],"wp:attachment":[{"href":"https:\/\/newsinfoco.com.br\/inicio\/wp-json\/wp\/v2\/media?parent=8551"}],"wp:term":[{"taxonomy":"category","embeddable":true,"href":"https:\/\/newsinfoco.com.br\/inicio\/wp-json\/wp\/v2\/categories?post=8551"},{"taxonomy":"post_tag","embeddable":true,"href":"https:\/\/newsinfoco.com.br\/inicio\/wp-json\/wp\/v2\/tags?post=8551"}],"curies":[{"name":"wp","href":"https:\/\/api.w.org\/{rel}","templated":true}]}}