{"id":8562,"date":"2018-08-23T09:49:49","date_gmt":"2018-08-23T12:49:49","guid":{"rendered":"http:\/\/newsinfoco.com.br\/?p=8562"},"modified":"2018-08-23T09:49:49","modified_gmt":"2018-08-23T12:49:49","slug":"joesley-batista-e-condenado-a-pagar-r-300-mil-a-temer-por-danos-morais","status":"publish","type":"post","link":"https:\/\/newsinfoco.com.br\/inicio\/joesley-batista-e-condenado-a-pagar-r-300-mil-a-temer-por-danos-morais\/","title":{"rendered":"Joesley Batista \u00e9 condenado a pagar R$ 300 mil a Temer por danos morais"},"content":{"rendered":"<p style=\"text-align: justify;\">A 3\u00aa Turma C\u00edvel do Tribunal de Justi\u00e7a do Distrito Federal e dos Territ\u00f3rios, por 3 votos a 2, decidiu condenar o empres\u00e1rio Joesley Batista, dono da JBS, a pagar R$ 300 mil em indeniza\u00e7\u00e3o por danos morais ao presidente Michel Temer (MDB). A senten\u00e7a se refere \u00e0s declara\u00e7\u00f5es dadas pelo empres\u00e1rio a revista \u00c9poca.<\/p>\n<p style=\"text-align: justify;\">\nO pedido de indeniza\u00e7\u00e3o da defesa de Michel Temer havia sido negado pela Justi\u00e7a do Distrito Federal , mas os advogados apresentaram um recurso sob o argumento que as ofensas eram inequ\u00edvocas e que Joesley Batista foi muito al\u00e9m de apenas relatar fatos, pois teria adjetivado as condutas e atribu\u00eddo ao Presidente a pr\u00e1tica de crimes espec\u00edficos e determinados.<\/p><div class=\"newsi-conteudo_19\" id=\"newsi-3738714439\"><a href=\"https:\/\/www.instagram.com\/prefeituraalagoinhas?igsh=YzgzdDJ1bWR3aWI4\" aria-label=\"SAVE_20251006_221555\"><img loading=\"lazy\" decoding=\"async\" src=\"https:\/\/newsinfoco.com.br\/inicio\/wp-content\/uploads\/2025\/10\/SAVE_20251006_221555-rotated.jpg\" alt=\"\"  srcset=\"https:\/\/newsinfoco.com.br\/inicio\/wp-content\/uploads\/2025\/10\/SAVE_20251006_221555-rotated.jpg 1140w, https:\/\/newsinfoco.com.br\/inicio\/wp-content\/uploads\/2025\/10\/SAVE_20251006_221555-300x52.jpg 300w, https:\/\/newsinfoco.com.br\/inicio\/wp-content\/uploads\/2025\/10\/SAVE_20251006_221555-1024x177.jpg 1024w, https:\/\/newsinfoco.com.br\/inicio\/wp-content\/uploads\/2025\/10\/SAVE_20251006_221555-768x133.jpg 768w, https:\/\/newsinfoco.com.br\/inicio\/wp-content\/uploads\/2025\/10\/SAVE_20251006_221555-600x104.jpg 600w, https:\/\/newsinfoco.com.br\/inicio\/wp-content\/uploads\/2025\/10\/SAVE_20251006_221555-696x120.jpg 696w, https:\/\/newsinfoco.com.br\/inicio\/wp-content\/uploads\/2025\/10\/SAVE_20251006_221555-1068x185.jpg 1068w\" sizes=\"(max-width: 1140px) 100vw, 1140px\" width=\"1140\" height=\"197\"   \/><\/a><\/div>\n<p style=\"text-align: justify;\">\nO presidente pedia indeniza\u00e7\u00e3o por danos morais por causa de declara\u00e7\u00f5es do empres\u00e1rio \u00e0 revista \u00c9poca em junho do ano passado. Na entrevista, Joesley havia dito que Michel Temer \u00e9 o \u201cchefe da maior e mais perigosa organiza\u00e7\u00e3o criminosa\u201d do Brasil.<\/p>\n<p style=\"text-align: justify;\">Leia tamb\u00e9m: Temer diz \u00e0 PF n\u00e3o ter \u201cci\u00eancia\u201d sobre suposta propina da Odebrecht<\/p>\n<p style=\"text-align: justify;\">Joesley tamb\u00e9m revelava sobre como tratava as supostas propinas com Temer, Eduardo Cunha e L\u00facio Funaro. Para ele, o presidente o via como um empres\u00e1rio que \u201cpoderia financiar as campanhas dele e fazer esquemas que renderiam propina\u201d.<\/p>\n<p style=\"text-align: justify;\">\u201cH\u00e1 pol\u00edticos que acreditam que pelo simples fato do cargo que ele est\u00e1 ocupando j\u00e1 o habilita a voc\u00ea ficar devendo favores a ele. J\u00e1 o habilita a pedir algo a voc\u00ea de maneira que seja quase uma obriga\u00e7\u00e3o voc\u00ea fazer. Temer \u00e9 assim\u201d, disse tamb\u00e9m, durante a entrevista que motivou a a\u00e7\u00e3o dos advogados do presidente.<\/p>\n<p style=\"text-align: justify;\">Tr\u00eas meses depois, a Procuradoria-Geral da Rep\u00fablica (PGR), que havia concedido imunidade total aos irm\u00e3os Batista, pediu a anula\u00e7\u00e3o da dela\u00e7\u00e3o premiada por omiss\u00e3o de informa\u00e7\u00f5es. Joesley foi acusado ainda pela PGR de ter contado, em seu processo de colabora\u00e7\u00e3o, com a ajuda ilegal do ainda procurador Marcelo Miller.<\/p>\n<p style=\"text-align: justify;\">Leia tamb\u00e9m: PF envia novas perguntas a Temer sobre suposta propina da Odebrecht ao MDB<\/p>\n<p style=\"text-align: justify;\">Com as suspeitas de fraude na dela\u00e7\u00e3o &#8211; ainda n\u00e3o examinada pelo Supremo Tribunal Federal (STF) &#8211; Joesley Batista ficou cerca de seis meses preso. Atualmente, ele cumpre medidas cautelares e n\u00e3o pode se ausentar do pa\u00eds. Assim como Miller, os donos da JBS respondem a inqu\u00e9ritos hoje sob o comando da procuradora-geral Raquel Dodge.<\/p>\n<h6 style=\"text-align: right;\">Fonte:ig<\/h6>\n<div class='share-to-whatsapp-wrapper'><div class='share-on-whsp'>Share on: <\/div><a data-text='Joesley Batista \u00e9 condenado a pagar R$ 300 mil a Temer por danos morais' data-link='https:\/\/newsinfoco.com.br\/inicio\/joesley-batista-e-condenado-a-pagar-r-300-mil-a-temer-por-danos-morais\/' class='whatsapp-button whatsapp-share'>WhatsApp<\/a><div class='clear '><\/div><\/div>","protected":false},"excerpt":{"rendered":"<p>A 3\u00aa Turma C\u00edvel do Tribunal de Justi\u00e7a do Distrito Federal e dos Territ\u00f3rios, por 3 votos a 2, decidiu condenar o empres\u00e1rio Joesley Batista, dono da JBS, a pagar R$ 300 mil em indeniza\u00e7\u00e3o por danos morais ao presidente Michel Temer (MDB). A senten\u00e7a se refere \u00e0s declara\u00e7\u00f5es dadas pelo empres\u00e1rio a revista \u00c9poca. [&hellip;]<\/p>\n","protected":false},"author":1,"featured_media":8563,"comment_status":"open","ping_status":"open","sticky":false,"template":"","format":"standard","meta":{"om_disable_all_campaigns":false,"_exactmetrics_skip_tracking":false,"_exactmetrics_sitenote_active":false,"_exactmetrics_sitenote_note":"","_exactmetrics_sitenote_category":0,"footnotes":""},"categories":[21],"tags":[],"class_list":["post-8562","post","type-post","status-publish","format-standard","has-post-thumbnail","hentry","category-brasil"],"aioseo_notices":[],"_links":{"self":[{"href":"https:\/\/newsinfoco.com.br\/inicio\/wp-json\/wp\/v2\/posts\/8562","targetHints":{"allow":["GET"]}}],"collection":[{"href":"https:\/\/newsinfoco.com.br\/inicio\/wp-json\/wp\/v2\/posts"}],"about":[{"href":"https:\/\/newsinfoco.com.br\/inicio\/wp-json\/wp\/v2\/types\/post"}],"author":[{"embeddable":true,"href":"https:\/\/newsinfoco.com.br\/inicio\/wp-json\/wp\/v2\/users\/1"}],"replies":[{"embeddable":true,"href":"https:\/\/newsinfoco.com.br\/inicio\/wp-json\/wp\/v2\/comments?post=8562"}],"version-history":[{"count":0,"href":"https:\/\/newsinfoco.com.br\/inicio\/wp-json\/wp\/v2\/posts\/8562\/revisions"}],"wp:featuredmedia":[{"embeddable":true,"href":"https:\/\/newsinfoco.com.br\/inicio\/wp-json\/wp\/v2\/media\/8563"}],"wp:attachment":[{"href":"https:\/\/newsinfoco.com.br\/inicio\/wp-json\/wp\/v2\/media?parent=8562"}],"wp:term":[{"taxonomy":"category","embeddable":true,"href":"https:\/\/newsinfoco.com.br\/inicio\/wp-json\/wp\/v2\/categories?post=8562"},{"taxonomy":"post_tag","embeddable":true,"href":"https:\/\/newsinfoco.com.br\/inicio\/wp-json\/wp\/v2\/tags?post=8562"}],"curies":[{"name":"wp","href":"https:\/\/api.w.org\/{rel}","templated":true}]}}