{"id":857,"date":"2018-03-07T20:30:05","date_gmt":"2018-03-07T23:30:05","guid":{"rendered":"http:\/\/newsinfoco.com.br\/?p=857"},"modified":"2018-03-07T20:30:05","modified_gmt":"2018-03-07T23:30:05","slug":"equipe-tecnica-de-alagoinhas-finaliza-trabalho-e-sistema-soboco-volta-a-operar-normalmente","status":"publish","type":"post","link":"https:\/\/newsinfoco.com.br\/inicio\/equipe-tecnica-de-alagoinhas-finaliza-trabalho-e-sistema-soboco-volta-a-operar-normalmente\/","title":{"rendered":"Equipe t\u00e9cnica de Alagoinhas finaliza trabalho e Sistema Soboc\u00f3 volta a operar normalmente"},"content":{"rendered":"<p style=\"text-align: justify;\"><span style=\"color: #000000;\">O Servi\u00e7o Aut\u00f4nomo de \u00c1gua e Esgoto (SAAE) Alagoinhas, por meio da Diretoria T\u00e9cnica, finalizou, por volta das 14h desta quarta-feira (7), a for\u00e7a-tarefa no Sistema Soboc\u00f3.<\/span><\/p>\n<p style=\"text-align: justify;\"><span style=\"color: #000000;\">Devido a um problema eletrot\u00e9cnico ocorrido no in\u00edcio da\u00a0 manh\u00e3,\u00a0 o Sistema Soboc\u00f3, respons\u00e1vel pelo abastecimento de 60% da cidade, ficou temporariamente fora de opera\u00e7\u00e3o.<\/span><\/p><div class=\"newsi-conteudo_19\" id=\"newsi-3042942629\"><a href=\"https:\/\/www.instagram.com\/prefeituraalagoinhas?igsh=YzgzdDJ1bWR3aWI4\" aria-label=\"SAVE_20251006_221555\"><img loading=\"lazy\" decoding=\"async\" src=\"https:\/\/newsinfoco.com.br\/inicio\/wp-content\/uploads\/2025\/10\/SAVE_20251006_221555-rotated.jpg\" alt=\"\"  srcset=\"https:\/\/newsinfoco.com.br\/inicio\/wp-content\/uploads\/2025\/10\/SAVE_20251006_221555-rotated.jpg 1140w, https:\/\/newsinfoco.com.br\/inicio\/wp-content\/uploads\/2025\/10\/SAVE_20251006_221555-300x52.jpg 300w, https:\/\/newsinfoco.com.br\/inicio\/wp-content\/uploads\/2025\/10\/SAVE_20251006_221555-1024x177.jpg 1024w, https:\/\/newsinfoco.com.br\/inicio\/wp-content\/uploads\/2025\/10\/SAVE_20251006_221555-768x133.jpg 768w, https:\/\/newsinfoco.com.br\/inicio\/wp-content\/uploads\/2025\/10\/SAVE_20251006_221555-600x104.jpg 600w, https:\/\/newsinfoco.com.br\/inicio\/wp-content\/uploads\/2025\/10\/SAVE_20251006_221555-696x120.jpg 696w, https:\/\/newsinfoco.com.br\/inicio\/wp-content\/uploads\/2025\/10\/SAVE_20251006_221555-1068x185.jpg 1068w\" sizes=\"(max-width: 1140px) 100vw, 1140px\" width=\"1140\" height=\"197\"   \/><\/a><\/div>\n<p style=\"text-align: justify;\"><span style=\"color: #000000;\">A autarquia lamenta os transtornos causados aos usu\u00e1rios e refor\u00e7a seu compromisso em buscar assegurar a presta\u00e7\u00e3o de um servi\u00e7o de qualidade.<\/span><\/p>\n<p style=\"text-align: justify;\"><span style=\"color: #000000;\">O Sistema j\u00e1 voltou a operar normalmente e o abastecimento est\u00e1 sendo retomado gradativamente.<\/span><\/p>\n<p style=\"text-align: justify;\">\n<p style=\"text-align: justify;\"><span style=\"color: #000000;\"><strong>CONTATOS DE ATENDIMENTO AO USU\u00c1RIO<\/strong><\/span><\/p>\n<p style=\"text-align: justify;\"><span style=\"color: #000000;\">WhatsApp: (75) 981804500<\/span><\/p>\n<p style=\"text-align: justify;\"><span style=\"color: #000000;\">Call Center: 0800 702 7065<\/span><\/p>\n<p style=\"text-align: justify;\"><span style=\"color: #000000;\">Ouvidoria:\u00a0<a style=\"color: #000000;\" href=\"mailto:ouvidoria@alagoinhas.ba.gov.br\">ouvidoria@alagoinhas.ba.gov.br<\/a><\/span><\/p>\n<div style=\"text-align: justify;\" align=\"right\"><span style=\"color: #000000;\">\u00a0<\/span><\/div>\n<h6 align=\"right\"><span style=\"color: #999999;\">fonte:SECOM,SAAE,Prefeitura\u00a0<\/span><\/h6>\n<div class='share-to-whatsapp-wrapper'><div class='share-on-whsp'>Share on: <\/div><a data-text='Equipe t\u00e9cnica de Alagoinhas finaliza trabalho e Sistema Soboc\u00f3 volta a operar normalmente' data-link='https:\/\/newsinfoco.com.br\/inicio\/equipe-tecnica-de-alagoinhas-finaliza-trabalho-e-sistema-soboco-volta-a-operar-normalmente\/' class='whatsapp-button whatsapp-share'>WhatsApp<\/a><div class='clear '><\/div><\/div>","protected":false},"excerpt":{"rendered":"<p>O Servi\u00e7o Aut\u00f4nomo de \u00c1gua e Esgoto (SAAE) Alagoinhas, por meio da Diretoria T\u00e9cnica, finalizou, por volta das 14h desta quarta-feira (7), a for\u00e7a-tarefa no Sistema Soboc\u00f3. Devido a um problema eletrot\u00e9cnico ocorrido no in\u00edcio da\u00a0 manh\u00e3,\u00a0 o Sistema Soboc\u00f3, respons\u00e1vel pelo abastecimento de 60% da cidade, ficou temporariamente fora de opera\u00e7\u00e3o. A autarquia lamenta [&hellip;]<\/p>\n","protected":false},"author":1,"featured_media":163,"comment_status":"open","ping_status":"open","sticky":false,"template":"","format":"standard","meta":{"om_disable_all_campaigns":false,"_exactmetrics_skip_tracking":false,"_exactmetrics_sitenote_active":false,"_exactmetrics_sitenote_note":"","_exactmetrics_sitenote_category":0,"footnotes":""},"categories":[38,30],"tags":[53,54,55],"class_list":["post-857","post","type-post","status-publish","format-standard","has-post-thumbnail","hentry","category-alagoinhas-e-regiao","category-destaque","tag-alagoinhas","tag-prefeitura","tag-saae"],"aioseo_notices":[],"_links":{"self":[{"href":"https:\/\/newsinfoco.com.br\/inicio\/wp-json\/wp\/v2\/posts\/857","targetHints":{"allow":["GET"]}}],"collection":[{"href":"https:\/\/newsinfoco.com.br\/inicio\/wp-json\/wp\/v2\/posts"}],"about":[{"href":"https:\/\/newsinfoco.com.br\/inicio\/wp-json\/wp\/v2\/types\/post"}],"author":[{"embeddable":true,"href":"https:\/\/newsinfoco.com.br\/inicio\/wp-json\/wp\/v2\/users\/1"}],"replies":[{"embeddable":true,"href":"https:\/\/newsinfoco.com.br\/inicio\/wp-json\/wp\/v2\/comments?post=857"}],"version-history":[{"count":0,"href":"https:\/\/newsinfoco.com.br\/inicio\/wp-json\/wp\/v2\/posts\/857\/revisions"}],"wp:featuredmedia":[{"embeddable":true,"href":"https:\/\/newsinfoco.com.br\/inicio\/wp-json\/wp\/v2\/media\/163"}],"wp:attachment":[{"href":"https:\/\/newsinfoco.com.br\/inicio\/wp-json\/wp\/v2\/media?parent=857"}],"wp:term":[{"taxonomy":"category","embeddable":true,"href":"https:\/\/newsinfoco.com.br\/inicio\/wp-json\/wp\/v2\/categories?post=857"},{"taxonomy":"post_tag","embeddable":true,"href":"https:\/\/newsinfoco.com.br\/inicio\/wp-json\/wp\/v2\/tags?post=857"}],"curies":[{"name":"wp","href":"https:\/\/api.w.org\/{rel}","templated":true}]}}