{"id":8604,"date":"2018-08-23T18:21:10","date_gmt":"2018-08-23T21:21:10","guid":{"rendered":"http:\/\/newsinfoco.com.br\/?p=8604"},"modified":"2018-08-23T18:21:10","modified_gmt":"2018-08-23T21:21:10","slug":"na-frente-pelo-esporte-prefeitura-leva-45-atletas-para-a-33a-corrida-duque-de-caxias-em-jacobina-neste-final-de-semana","status":"publish","type":"post","link":"https:\/\/newsinfoco.com.br\/inicio\/na-frente-pelo-esporte-prefeitura-leva-45-atletas-para-a-33a-corrida-duque-de-caxias-em-jacobina-neste-final-de-semana\/","title":{"rendered":"Na frente pelo esporte: Prefeitura leva 45 atletas para a 33\u00aa Corrida Duque de Caxias, em Jacobina, neste final de semana"},"content":{"rendered":"<p style=\"text-align: justify;\"><span style=\"color: #000000;\">Em mais uma iniciativa de apoio \u00e0s modalidades esportivas e aos atletas alagoinhenses, a Prefeitura Municipal, atrav\u00e9s da Secretaria de Cultura, Esporte e Turismo (SECET), re\u00fane a diretoria de esportes da pasta para levar 45 competidores da cidade \u00e0 tradicional Corrida Duque de Caxias, em Jacobina, que chega, este ano, \u00e0 33\u00aa edi\u00e7\u00e3o.<\/span><\/p>\n<p style=\"text-align: justify;\"><span style=\"color: #000000;\">A concentra\u00e7\u00e3o para sa\u00edda dos atletas de Alagoinhas est\u00e1 marcada para este s\u00e1bado (25), \u00e0s 6h30, da Pra\u00e7a Rui Barbosa, em frente \u00e0 SECET. \u201c\u00c9 uma oportunidade para que os atletas participem de uma das melhores corridas do interior da Bahia. Vamos eu, o subsecret\u00e1rio Arnaldo e o agente de planejamento Adilson, e as expectativas s\u00e3o as melhores. A Prefeitura tem dado esse apoio e estar\u00e1 l\u00e1 este ano, mais uma vez\u201d, afirmou o diretor de esportes da Secretaria Luiz Ornelas, o \u201cBar\u00e3o\u201d.<\/span><\/p><div class=\"newsi-conteudo_19\" id=\"newsi-826971613\"><a href=\"https:\/\/www.instagram.com\/prefeituraalagoinhas?igsh=YzgzdDJ1bWR3aWI4\" aria-label=\"SAVE_20251006_221555\"><img loading=\"lazy\" decoding=\"async\" src=\"https:\/\/newsinfoco.com.br\/inicio\/wp-content\/uploads\/2025\/10\/SAVE_20251006_221555-rotated.jpg\" alt=\"\"  srcset=\"https:\/\/newsinfoco.com.br\/inicio\/wp-content\/uploads\/2025\/10\/SAVE_20251006_221555-rotated.jpg 1140w, https:\/\/newsinfoco.com.br\/inicio\/wp-content\/uploads\/2025\/10\/SAVE_20251006_221555-300x52.jpg 300w, https:\/\/newsinfoco.com.br\/inicio\/wp-content\/uploads\/2025\/10\/SAVE_20251006_221555-1024x177.jpg 1024w, https:\/\/newsinfoco.com.br\/inicio\/wp-content\/uploads\/2025\/10\/SAVE_20251006_221555-768x133.jpg 768w, https:\/\/newsinfoco.com.br\/inicio\/wp-content\/uploads\/2025\/10\/SAVE_20251006_221555-600x104.jpg 600w, https:\/\/newsinfoco.com.br\/inicio\/wp-content\/uploads\/2025\/10\/SAVE_20251006_221555-696x120.jpg 696w, https:\/\/newsinfoco.com.br\/inicio\/wp-content\/uploads\/2025\/10\/SAVE_20251006_221555-1068x185.jpg 1068w\" sizes=\"(max-width: 1140px) 100vw, 1140px\" width=\"1140\" height=\"197\"   \/><\/a><\/div>\n<p style=\"text-align: justify;\"><span style=\"color: #000000;\">Segundo ele, o fomento \u00e0s modalidades esportivas tem sido uma exig\u00eancia do prefeito Joaquim Neto, que se preocupa com o esporte enquanto propulsor da sa\u00fade e da qualidade de vida.<\/span><\/p>\n<p style=\"text-align: justify;\"><span style=\"color: #000000;\">Ap\u00f3s percorrer mais de 270 quil\u00f4metros de estrada na viagem at\u00e9 Jacobina, os atletas devem se preparar, no domingo (26), para correr percursos de 5km e de 10km, em uma prova de largada \u00fanica.<\/span><\/p>\n<p style=\"text-align: justify;\"><span style=\"color: #000000;\">O apoio para a participa\u00e7\u00e3o no evento \u00e9 da Prefeitura Municipal em parceria com a Associa\u00e7\u00e3o de Atletismo.<\/span><\/p>\n<h5 style=\"text-align: right;\"><span style=\"color: #999999;\">Fonte: SECOM SECET<\/span><\/h5>\n<div style=\"text-align: justify;\" align=\"right\"><\/div>\n<div class='share-to-whatsapp-wrapper'><div class='share-on-whsp'>Share on: <\/div><a data-text='Na frente pelo esporte: Prefeitura leva 45 atletas para a 33\u00aa Corrida Duque de Caxias, em Jacobina, neste final de semana' data-link='https:\/\/newsinfoco.com.br\/inicio\/na-frente-pelo-esporte-prefeitura-leva-45-atletas-para-a-33a-corrida-duque-de-caxias-em-jacobina-neste-final-de-semana\/' class='whatsapp-button whatsapp-share'>WhatsApp<\/a><div class='clear '><\/div><\/div>","protected":false},"excerpt":{"rendered":"<p>Em mais uma iniciativa de apoio \u00e0s modalidades esportivas e aos atletas alagoinhenses, a Prefeitura Municipal, atrav\u00e9s da Secretaria de Cultura, Esporte e Turismo (SECET), re\u00fane a diretoria de esportes da pasta para levar 45 competidores da cidade \u00e0 tradicional Corrida Duque de Caxias, em Jacobina, que chega, este ano, \u00e0 33\u00aa edi\u00e7\u00e3o. A concentra\u00e7\u00e3o [&hellip;]<\/p>\n","protected":false},"author":1,"featured_media":8605,"comment_status":"open","ping_status":"open","sticky":false,"template":"","format":"standard","meta":{"om_disable_all_campaigns":false,"_exactmetrics_skip_tracking":false,"_exactmetrics_sitenote_active":false,"_exactmetrics_sitenote_note":"","_exactmetrics_sitenote_category":0,"footnotes":""},"categories":[38,30],"tags":[53,54,121],"class_list":["post-8604","post","type-post","status-publish","format-standard","has-post-thumbnail","hentry","category-alagoinhas-e-regiao","category-destaque","tag-alagoinhas","tag-prefeitura","tag-secom-secet"],"aioseo_notices":[],"_links":{"self":[{"href":"https:\/\/newsinfoco.com.br\/inicio\/wp-json\/wp\/v2\/posts\/8604","targetHints":{"allow":["GET"]}}],"collection":[{"href":"https:\/\/newsinfoco.com.br\/inicio\/wp-json\/wp\/v2\/posts"}],"about":[{"href":"https:\/\/newsinfoco.com.br\/inicio\/wp-json\/wp\/v2\/types\/post"}],"author":[{"embeddable":true,"href":"https:\/\/newsinfoco.com.br\/inicio\/wp-json\/wp\/v2\/users\/1"}],"replies":[{"embeddable":true,"href":"https:\/\/newsinfoco.com.br\/inicio\/wp-json\/wp\/v2\/comments?post=8604"}],"version-history":[{"count":0,"href":"https:\/\/newsinfoco.com.br\/inicio\/wp-json\/wp\/v2\/posts\/8604\/revisions"}],"wp:featuredmedia":[{"embeddable":true,"href":"https:\/\/newsinfoco.com.br\/inicio\/wp-json\/wp\/v2\/media\/8605"}],"wp:attachment":[{"href":"https:\/\/newsinfoco.com.br\/inicio\/wp-json\/wp\/v2\/media?parent=8604"}],"wp:term":[{"taxonomy":"category","embeddable":true,"href":"https:\/\/newsinfoco.com.br\/inicio\/wp-json\/wp\/v2\/categories?post=8604"},{"taxonomy":"post_tag","embeddable":true,"href":"https:\/\/newsinfoco.com.br\/inicio\/wp-json\/wp\/v2\/tags?post=8604"}],"curies":[{"name":"wp","href":"https:\/\/api.w.org\/{rel}","templated":true}]}}