{"id":8607,"date":"2018-08-23T19:58:03","date_gmt":"2018-08-23T22:58:03","guid":{"rendered":"http:\/\/newsinfoco.com.br\/?p=8607"},"modified":"2018-08-23T19:58:03","modified_gmt":"2018-08-23T22:58:03","slug":"exclusiva-ex-vereador-cabeca-sera-reconduzido-ao-cargo-de-coordenador-de-iluminacao-publica-da-prefeitura-de-alagoinhas","status":"publish","type":"post","link":"https:\/\/newsinfoco.com.br\/inicio\/exclusiva-ex-vereador-cabeca-sera-reconduzido-ao-cargo-de-coordenador-de-iluminacao-publica-da-prefeitura-de-alagoinhas\/","title":{"rendered":"Exclusiva: Ex-vereador Cabe\u00e7a ser\u00e1 reconduzido ao cargo de coordenador de ilumina\u00e7\u00e3o p\u00fablica da prefeitura de Alagoinhas"},"content":{"rendered":"<p style=\"text-align: justify;\">Ap\u00f3s ser exonerado pelo prefeito Joaquim Neto(DEM) na \u00faltima ter\u00e7a-feira(21), o ex-vereador Cabe\u00e7a ser\u00e1 renomeado ao cargo de coordenador de ilumina\u00e7\u00e3o p\u00fablica da secretaria de servi\u00e7os p\u00fablicos de Alagoinhas(SESEP) nos pr\u00f3ximos dias.<\/p>\n<p style=\"text-align: justify;\">A informa\u00e7\u00e3o conseguida com exclusividade pelo site News Infoco foi confirmada agora pouco pelo secret\u00e1rio da pasta, Harnoldo Azi(DEM).<\/p><div class=\"newsi-conteudo_19\" id=\"newsi-4153716566\"><a href=\"https:\/\/www.instagram.com\/prefeituraalagoinhas?igsh=YzgzdDJ1bWR3aWI4\" aria-label=\"SAVE_20251006_221555\"><img loading=\"lazy\" decoding=\"async\" src=\"https:\/\/newsinfoco.com.br\/inicio\/wp-content\/uploads\/2025\/10\/SAVE_20251006_221555-rotated.jpg\" alt=\"\"  srcset=\"https:\/\/newsinfoco.com.br\/inicio\/wp-content\/uploads\/2025\/10\/SAVE_20251006_221555-rotated.jpg 1140w, https:\/\/newsinfoco.com.br\/inicio\/wp-content\/uploads\/2025\/10\/SAVE_20251006_221555-300x52.jpg 300w, https:\/\/newsinfoco.com.br\/inicio\/wp-content\/uploads\/2025\/10\/SAVE_20251006_221555-1024x177.jpg 1024w, https:\/\/newsinfoco.com.br\/inicio\/wp-content\/uploads\/2025\/10\/SAVE_20251006_221555-768x133.jpg 768w, https:\/\/newsinfoco.com.br\/inicio\/wp-content\/uploads\/2025\/10\/SAVE_20251006_221555-600x104.jpg 600w, https:\/\/newsinfoco.com.br\/inicio\/wp-content\/uploads\/2025\/10\/SAVE_20251006_221555-696x120.jpg 696w, https:\/\/newsinfoco.com.br\/inicio\/wp-content\/uploads\/2025\/10\/SAVE_20251006_221555-1068x185.jpg 1068w\" sizes=\"(max-width: 1140px) 100vw, 1140px\" width=\"1140\" height=\"197\"   \/><\/a><\/div>\n<p style=\"text-align: justify;\">Tanto Cabe\u00e7a, quanto Harnoldo Azi foram pegos de surpresa com a noticia do decreto de exonera\u00e7\u00e3o divulgada pelo programa Primeira M\u00e3o, da r\u00e1dio 95,7 fm, na manh\u00e3 de quarta-feira(22).<\/p>\n<p style=\"text-align: justify;\">Na ocasi\u00e3o, Harnoldo chegou a ligar para o programa e n\u00e3o disfar\u00e7ou o seu descontentamento com a decis\u00e3o do prefeito.<\/p>\n<p style=\"text-align: justify;\">Oficialmente o discurso da prefeitura ser\u00e1 de que tudo n\u00e3o passou de uma simples troca de cargos. Isso porque Cabe\u00e7a era lotado no gabinete do prefeito e fora cedido \u00e0 SESEP por meio de portaria, e agora ser\u00e1 nomeado no cargo que anteriormente ocupava por cess\u00e3o.<\/p>\n<p style=\"text-align: justify;\">Por\u00e9m, segundo fontes ouvidas pelo site News Infoco, a exonera\u00e7\u00e3o foi motivada pela participa\u00e7\u00e3o de Cabe\u00e7a em uma reuni\u00e3o que discutia o apoio de detentores de cargo de confian\u00e7a da prefeitura a um deputado n\u00e3o alinhado ao prefeito Joaquim Neto. Isso teria sido entendido pelo prefeito como um ato de trai\u00e7\u00e3o.<\/p>\n<p style=\"text-align: justify;\">Agora, a recondu\u00e7\u00e3o de Cabe\u00e7a ao mesmo posto que ocupara \u00e9 vista como uma interfer\u00eancia direta do grupo pol\u00edtico respons\u00e1vel pelas indica\u00e7\u00f5es da SESEP.<\/p>\n<h6 style=\"text-align: right;\"><span style=\"color: #999999;\">Por Caio Pimenta para o News Infoco<\/span><\/h6>\n<div class='share-to-whatsapp-wrapper'><div class='share-on-whsp'>Share on: <\/div><a data-text='Exclusiva: Ex-vereador Cabe\u00e7a ser\u00e1 reconduzido ao cargo de coordenador de ilumina\u00e7\u00e3o p\u00fablica da prefeitura de Alagoinhas' data-link='https:\/\/newsinfoco.com.br\/inicio\/exclusiva-ex-vereador-cabeca-sera-reconduzido-ao-cargo-de-coordenador-de-iluminacao-publica-da-prefeitura-de-alagoinhas\/' class='whatsapp-button whatsapp-share'>WhatsApp<\/a><div class='clear '><\/div><\/div>","protected":false},"excerpt":{"rendered":"<p>Ap\u00f3s ser exonerado pelo prefeito Joaquim Neto(DEM) na \u00faltima ter\u00e7a-feira(21), o ex-vereador Cabe\u00e7a ser\u00e1 renomeado ao cargo de coordenador de ilumina\u00e7\u00e3o p\u00fablica da secretaria de servi\u00e7os p\u00fablicos de Alagoinhas(SESEP) nos pr\u00f3ximos dias. A informa\u00e7\u00e3o conseguida com exclusividade pelo site News Infoco foi confirmada agora pouco pelo secret\u00e1rio da pasta, Harnoldo Azi(DEM). Tanto Cabe\u00e7a, quanto Harnoldo [&hellip;]<\/p>\n","protected":false},"author":1,"featured_media":8608,"comment_status":"open","ping_status":"open","sticky":false,"template":"","format":"standard","meta":{"om_disable_all_campaigns":false,"_exactmetrics_skip_tracking":false,"_exactmetrics_sitenote_active":false,"_exactmetrics_sitenote_note":"","_exactmetrics_sitenote_category":0,"footnotes":""},"categories":[38,30],"tags":[],"class_list":["post-8607","post","type-post","status-publish","format-standard","has-post-thumbnail","hentry","category-alagoinhas-e-regiao","category-destaque"],"aioseo_notices":[],"_links":{"self":[{"href":"https:\/\/newsinfoco.com.br\/inicio\/wp-json\/wp\/v2\/posts\/8607","targetHints":{"allow":["GET"]}}],"collection":[{"href":"https:\/\/newsinfoco.com.br\/inicio\/wp-json\/wp\/v2\/posts"}],"about":[{"href":"https:\/\/newsinfoco.com.br\/inicio\/wp-json\/wp\/v2\/types\/post"}],"author":[{"embeddable":true,"href":"https:\/\/newsinfoco.com.br\/inicio\/wp-json\/wp\/v2\/users\/1"}],"replies":[{"embeddable":true,"href":"https:\/\/newsinfoco.com.br\/inicio\/wp-json\/wp\/v2\/comments?post=8607"}],"version-history":[{"count":0,"href":"https:\/\/newsinfoco.com.br\/inicio\/wp-json\/wp\/v2\/posts\/8607\/revisions"}],"wp:featuredmedia":[{"embeddable":true,"href":"https:\/\/newsinfoco.com.br\/inicio\/wp-json\/wp\/v2\/media\/8608"}],"wp:attachment":[{"href":"https:\/\/newsinfoco.com.br\/inicio\/wp-json\/wp\/v2\/media?parent=8607"}],"wp:term":[{"taxonomy":"category","embeddable":true,"href":"https:\/\/newsinfoco.com.br\/inicio\/wp-json\/wp\/v2\/categories?post=8607"},{"taxonomy":"post_tag","embeddable":true,"href":"https:\/\/newsinfoco.com.br\/inicio\/wp-json\/wp\/v2\/tags?post=8607"}],"curies":[{"name":"wp","href":"https:\/\/api.w.org\/{rel}","templated":true}]}}