{"id":8610,"date":"2018-08-24T08:42:14","date_gmt":"2018-08-24T11:42:14","guid":{"rendered":"http:\/\/newsinfoco.com.br\/?p=8610"},"modified":"2018-08-24T08:44:24","modified_gmt":"2018-08-24T11:44:24","slug":"alagoinhas-medica-e-pacientes-sao-assaltados-dentro-do-posto-de-saude-da-rua-do-aviao","status":"publish","type":"post","link":"https:\/\/newsinfoco.com.br\/inicio\/alagoinhas-medica-e-pacientes-sao-assaltados-dentro-do-posto-de-saude-da-rua-do-aviao\/","title":{"rendered":"Alagoinhas: M\u00e9dica e pacientes s\u00e3o assaltados dentro do posto de sa\u00fade da Rua do Avi\u00e3o"},"content":{"rendered":"<p style=\"text-align: justify;\">A inseguran\u00e7a nos postos de sa\u00fade de Alagoinhas \u00e9 um fato. No \u00faltimo dia 02 de agosto, o posto de sa\u00fade do 21 de Setembro foi alvo da a\u00e7\u00e3o de bandidos que roubaram m\u00e9dico e pacientes no local <strong><a href=\"http:\/\/newsinfoco.com.br\/2018\/08\/03\/alagoinhas-medico-e-assaltado-enquanto-atendia-pacientes-no-posto-de-saude-do-21-de-setembro\/\">(veja aqui)<\/a><\/strong>. Na tarde de ontem(23) foi a vez do posto de sa\u00fade da rua do Avi\u00e3o ser assaltado por meliantes.<\/p>\n<p style=\"text-align: justify;\">Segundo relatos dos presentes, dois bandidos invadiram a unidade de sa\u00fade e saquearam todos que estavam no local, incluindo a m\u00e9dica que prestava atendimento no momento. V\u00e1rios celulares foram levados pelos assaltantes.<\/p><div class=\"newsi-conteudo_19\" id=\"newsi-2628172211\"><a href=\"https:\/\/www.instagram.com\/prefeituraalagoinhas?igsh=YzgzdDJ1bWR3aWI4\" aria-label=\"SAVE_20251006_221555\"><img loading=\"lazy\" decoding=\"async\" src=\"https:\/\/newsinfoco.com.br\/inicio\/wp-content\/uploads\/2025\/10\/SAVE_20251006_221555-rotated.jpg\" alt=\"\"  srcset=\"https:\/\/newsinfoco.com.br\/inicio\/wp-content\/uploads\/2025\/10\/SAVE_20251006_221555-rotated.jpg 1140w, https:\/\/newsinfoco.com.br\/inicio\/wp-content\/uploads\/2025\/10\/SAVE_20251006_221555-300x52.jpg 300w, https:\/\/newsinfoco.com.br\/inicio\/wp-content\/uploads\/2025\/10\/SAVE_20251006_221555-1024x177.jpg 1024w, https:\/\/newsinfoco.com.br\/inicio\/wp-content\/uploads\/2025\/10\/SAVE_20251006_221555-768x133.jpg 768w, https:\/\/newsinfoco.com.br\/inicio\/wp-content\/uploads\/2025\/10\/SAVE_20251006_221555-600x104.jpg 600w, https:\/\/newsinfoco.com.br\/inicio\/wp-content\/uploads\/2025\/10\/SAVE_20251006_221555-696x120.jpg 696w, https:\/\/newsinfoco.com.br\/inicio\/wp-content\/uploads\/2025\/10\/SAVE_20251006_221555-1068x185.jpg 1068w\" sizes=\"(max-width: 1140px) 100vw, 1140px\" width=\"1140\" height=\"197\"   \/><\/a><\/div>\n<p style=\"text-align: justify;\">Ainda de acordo com a m\u00e9dica, essa n\u00e3o \u00e9 a primeira vez que ela passa por esse tipo de transtorno. Ela afirmou que semana passada o seu carro foi arrombado por bandidos no estacionamento do mesmo posto de sa\u00fade.<\/p>\n<p style=\"text-align: justify;\">A inseguran\u00e7a nas unidades de sa\u00fade do munic\u00edpio tem preocupado servidores e popula\u00e7\u00e3o.<\/p>\n<h6 style=\"text-align: right;\"><span style=\"color: #999999;\">Por Alex Almeida para o News Infoco<\/span><\/h6>\n<div class='share-to-whatsapp-wrapper'><div class='share-on-whsp'>Share on: <\/div><a data-text='Alagoinhas: M\u00e9dica e pacientes s\u00e3o assaltados dentro do posto de sa\u00fade da Rua do Avi\u00e3o' data-link='https:\/\/newsinfoco.com.br\/inicio\/alagoinhas-medica-e-pacientes-sao-assaltados-dentro-do-posto-de-saude-da-rua-do-aviao\/' class='whatsapp-button whatsapp-share'>WhatsApp<\/a><div class='clear '><\/div><\/div>","protected":false},"excerpt":{"rendered":"<p>A inseguran\u00e7a nos postos de sa\u00fade de Alagoinhas \u00e9 um fato. No \u00faltimo dia 02 de agosto, o posto de sa\u00fade do 21 de Setembro foi alvo da a\u00e7\u00e3o de bandidos que roubaram m\u00e9dico e pacientes no local (veja aqui). Na tarde de ontem(23) foi a vez do posto de sa\u00fade da rua do Avi\u00e3o [&hellip;]<\/p>\n","protected":false},"author":1,"featured_media":8611,"comment_status":"open","ping_status":"open","sticky":false,"template":"","format":"standard","meta":{"om_disable_all_campaigns":false,"_exactmetrics_skip_tracking":false,"_exactmetrics_sitenote_active":false,"_exactmetrics_sitenote_note":"","_exactmetrics_sitenote_category":0,"footnotes":""},"categories":[38,30],"tags":[],"class_list":["post-8610","post","type-post","status-publish","format-standard","has-post-thumbnail","hentry","category-alagoinhas-e-regiao","category-destaque"],"aioseo_notices":[],"_links":{"self":[{"href":"https:\/\/newsinfoco.com.br\/inicio\/wp-json\/wp\/v2\/posts\/8610","targetHints":{"allow":["GET"]}}],"collection":[{"href":"https:\/\/newsinfoco.com.br\/inicio\/wp-json\/wp\/v2\/posts"}],"about":[{"href":"https:\/\/newsinfoco.com.br\/inicio\/wp-json\/wp\/v2\/types\/post"}],"author":[{"embeddable":true,"href":"https:\/\/newsinfoco.com.br\/inicio\/wp-json\/wp\/v2\/users\/1"}],"replies":[{"embeddable":true,"href":"https:\/\/newsinfoco.com.br\/inicio\/wp-json\/wp\/v2\/comments?post=8610"}],"version-history":[{"count":0,"href":"https:\/\/newsinfoco.com.br\/inicio\/wp-json\/wp\/v2\/posts\/8610\/revisions"}],"wp:featuredmedia":[{"embeddable":true,"href":"https:\/\/newsinfoco.com.br\/inicio\/wp-json\/wp\/v2\/media\/8611"}],"wp:attachment":[{"href":"https:\/\/newsinfoco.com.br\/inicio\/wp-json\/wp\/v2\/media?parent=8610"}],"wp:term":[{"taxonomy":"category","embeddable":true,"href":"https:\/\/newsinfoco.com.br\/inicio\/wp-json\/wp\/v2\/categories?post=8610"},{"taxonomy":"post_tag","embeddable":true,"href":"https:\/\/newsinfoco.com.br\/inicio\/wp-json\/wp\/v2\/tags?post=8610"}],"curies":[{"name":"wp","href":"https:\/\/api.w.org\/{rel}","templated":true}]}}