{"id":8660,"date":"2018-08-25T21:48:30","date_gmt":"2018-08-26T00:48:30","guid":{"rendered":"http:\/\/newsinfoco.com.br\/?p=8660"},"modified":"2018-08-25T21:48:30","modified_gmt":"2018-08-26T00:48:30","slug":"abaixo-de-deus-e-ela-a-feira-que-me-da-o-pao-de-cada-dia-afirma-a-feirante-marilene-dos-santos-da-central-de-abastecimento","status":"publish","type":"post","link":"https:\/\/newsinfoco.com.br\/inicio\/abaixo-de-deus-e-ela-a-feira-que-me-da-o-pao-de-cada-dia-afirma-a-feirante-marilene-dos-santos-da-central-de-abastecimento\/","title":{"rendered":"\u201cAbaixo de Deus, \u00e9 ela, a feira, que me d\u00e1 o p\u00e3o de cada dia\u201d, afirma a feirante Marilene dos Santos, da Central de Abastecimento"},"content":{"rendered":"<p style=\"text-align: justify;\"><span style=\"color: #000000;\">De onde vem a salada fresca que vai parar na sua mesa na hora do almo\u00e7o? E a farinha, o feij\u00e3o, o aipim cozido do fim de tarde? Pode ser que o produto que enche o seu prato n\u00e3o tenha exatamente a mesma origem da mercadoria que abastece a dispensa de Jo\u00e3o, a mesa de Francisco, ou a cesta de Ant\u00f4nia, mas, na contram\u00e3o do produto industrializado ou das grandes filas de supermercado, s\u00e3o as feiras que fornecem, suprem e alimentam milhares de pessoas todos os dias no Brasil.<\/span><\/p>\n<p style=\"text-align: justify;\"><span style=\"color: #000000;\">Se a concorr\u00eancia com as grandes redes de comercializa\u00e7\u00e3o n\u00e3o parece justa e a crise econ\u00f4mica n\u00e3o favorece, os profissionais do setor resistem e apostam diariamente no frescor do alimento, na qualidade do produto e no traquejo do atendimento cuidadoso para conquistar o p\u00fablico.<\/span><\/p><div class=\"newsi-conteudo_19\" id=\"newsi-3728634938\"><a href=\"https:\/\/www.instagram.com\/prefeituraalagoinhas?igsh=YzgzdDJ1bWR3aWI4\" aria-label=\"SAVE_20251006_221555\"><img loading=\"lazy\" decoding=\"async\" src=\"https:\/\/newsinfoco.com.br\/inicio\/wp-content\/uploads\/2025\/10\/SAVE_20251006_221555-rotated.jpg\" alt=\"\"  srcset=\"https:\/\/newsinfoco.com.br\/inicio\/wp-content\/uploads\/2025\/10\/SAVE_20251006_221555-rotated.jpg 1140w, https:\/\/newsinfoco.com.br\/inicio\/wp-content\/uploads\/2025\/10\/SAVE_20251006_221555-300x52.jpg 300w, https:\/\/newsinfoco.com.br\/inicio\/wp-content\/uploads\/2025\/10\/SAVE_20251006_221555-1024x177.jpg 1024w, https:\/\/newsinfoco.com.br\/inicio\/wp-content\/uploads\/2025\/10\/SAVE_20251006_221555-768x133.jpg 768w, https:\/\/newsinfoco.com.br\/inicio\/wp-content\/uploads\/2025\/10\/SAVE_20251006_221555-600x104.jpg 600w, https:\/\/newsinfoco.com.br\/inicio\/wp-content\/uploads\/2025\/10\/SAVE_20251006_221555-696x120.jpg 696w, https:\/\/newsinfoco.com.br\/inicio\/wp-content\/uploads\/2025\/10\/SAVE_20251006_221555-1068x185.jpg 1068w\" sizes=\"(max-width: 1140px) 100vw, 1140px\" width=\"1140\" height=\"197\"   \/><\/a><\/div>\n<p style=\"text-align: justify;\"><span style=\"color: #000000;\">Se funciona? Desde 25 de agosto de 1914, quando 26 feirantes realizaram a 1\u00aa Feira Livre do Brasil, no Largo General Os\u00f3rio, estado de S\u00e3o Paulo, o h\u00e1bito de vender diretamente ao consumidor virou tradi\u00e7\u00e3o regulamentada em lei.<\/span><\/p>\n<p style=\"text-align: justify;\"><span style=\"color: #000000;\">S\u00e3o doces, pescados, carnes, frutas, verduras, temperos, utens\u00edlios, roupas e produtos diversos comercializados em todas as cidades brasileiras por profissionais que, durante esses mais de 100 anos, se estabeleceram, se adaptaram e se reinventaram na arte de vender.<\/span><\/p>\n<p style=\"text-align: justify;\"><span style=\"color: #000000;\">Em Alagoinhas, a maior parte dos feirantes da cidade \u2013 todo mundo sabe \u2013 se concentra na Central de Abastecimento (CEAB). Com setores de hortifruti, confec\u00e7\u00f5es, cal\u00e7ados, flores, lanches, cereais, carnes, artesanatos e constru\u00e7\u00f5es, a Central conta atualmente com mais de 2.300 feirantes cadastrados.<\/span><\/p>\n<p><img decoding=\"async\" src=\"https:\/\/www.alagoinhas.ba.gov.br\/wp-content\/uploads\/2018\/08\/WhatsApp-Image-2018-08-23-at-16.07.01-1024x768.jpeg\" \/><\/p>\n<p style=\"text-align: justify;\">Gente como S. Jo\u00e3o, que contabiliza, em anos de trabalho como feirante, quase a idade da CEAB no munic\u00edpio. Aos 71 anos e cheio de energia para comercializar os produtos na feira, Jo\u00e3o de Oliveira garante que n\u00e3o quer parar. \u201cEu comecei a comercializar tem mais ou menos uns 30 anos. Eu vim desde a feira l\u00e1 de cima pra c\u00e1. O que eu planto \u00e9 um quiabinho, uns p\u00e9s de milho, mam\u00e3o, que muitas vezes nascem no quintal. Eu sou aposentado. Agora eu tenho minha barraca aqui para ajudar em algumas coisas, sabe como \u00e9? E tamb\u00e9m para fazer uma terapia no corpo, porque eu aqui me sinto melhor do que em casa. Ficar em casa parado n\u00e3o \u00e9 bom, que eu j\u00e1 sou muito acostumado a movimentar. A feira para mim \u00e9 uma distra\u00e7\u00e3o e tamb\u00e9m uma renda\u201d, comentou.<\/p>\n<p style=\"text-align: justify;\">Para Marilene S\u00e3o Pedro dos Santos, de 45 anos, n\u00e3o \u00e9 diferente. \u201cComo dizia o povo de antigamente, trabalho assim \u2018desde quando nasciam os dentes\u2019. Comecei com uns 15 anos, trabalhando para os outros\u201d, afirmou.<\/p>\n<p><img decoding=\"async\" src=\"https:\/\/www.alagoinhas.ba.gov.br\/wp-content\/uploads\/2018\/08\/WhatsApp-Image-2018-08-23-at-16.16.40.jpeg\" \/><\/p>\n<p>Agora Marilene tem a pr\u00f3pria barraca e trabalha com uma ajudante na atividade que a ajuda a manter os tr\u00eas filhos, de 5, 9 e 11 anos estudando. \u201cRapaz, eu j\u00e1 me acostumei nessa feira, viu? Abaixo de Deus, \u00e9 ela, que me d\u00e1 o p\u00e3o de cada dia. N\u00e3o \u00e9 como eu imaginava, porque aqui \u00e9 um jogo, tem semana que a gente ganha, tem semana que a gente perde, e vamos vivendo um dia ap\u00f3s o outro. Por\u00e9m, \u00e9 de onde eu tiro o meu sustento e dos meus 3 filhos, daqui da feira\u201d, enfatizou.<\/p>\n<p>Criada na d\u00e9cada de 80, a CEAB ainda est\u00e1 distante do ideal de estrutura f\u00edsica para abrigar quem comercializa os produtos no local, mas o secret\u00e1rio de agricultura do munic\u00edpio, Geraldo Almeida, destaca que, embora n\u00e3o tenha passado pela revitaliza\u00e7\u00e3o total necess\u00e1ria, a CEAB passou, nesta gest\u00e3o, por mudan\u00e7as significativas. \u201cQuando assumimos a Central, encontramos um espa\u00e7o em estado de deteriora\u00e7\u00e3o muito grande. Era um local que estava sendo muito maltratado, negligenciado no cumprimento do regimento, sem controle, sem comando, com port\u00f5es abertos dia e noite. A situa\u00e7\u00e3o era degradante. Evidente que ainda existe muita coisa a ser feita, que os galp\u00f5es precisam ser completamente revitalizados e que h\u00e1 quest\u00f5es importantes ainda para serem tratadas, mas temos nos empenhado em fazer um trabalho de melhoramento e quem freq\u00fcenta o local diariamente sente a diferen\u00e7a\u201d, explicou.<\/p>\n<p>Desde que assumiu a pasta, a Secretaria de Agricultura (SEMAG) iniciou a reforma dos sanit\u00e1rios, fez a desobstru\u00e7\u00e3o de calhas, substituiu mais de 200 l\u00e2mpadas para a melhoria da ilumina\u00e7\u00e3o, realizou uma revis\u00e3o parcial da rede el\u00e9trica, estabeleceu o hor\u00e1rio de funcionamento dos port\u00f5es, refor\u00e7ou a seguran\u00e7a e realizou opera\u00e7\u00f5es conjuntas com outros \u00f3rg\u00e3os municipais para garantir e orientar propriet\u00e1rios de bares sobre hor\u00e1rios de funcionamento no local.<\/p>\n<p>O desafio para garantir melhorias, segundo o secret\u00e1rio, \u00e9 di\u00e1rio, mas a equipe tem se empenhado para trazer solu\u00e7\u00f5es efetivas que transformem os galp\u00f5es em ambientes favor\u00e1veis \u00e0 comercializa\u00e7\u00e3o. \u201cSabemos que precisamos ainda de melhorias para o aproveitamento dos espa\u00e7os, para a estrutura e para a organiza\u00e7\u00e3o. \u00c9 com foco nesses avan\u00e7os que temos trabalhado. E j\u00e1 temos um recurso aprovado da Caixa Econ\u00f4mica Federal da ordem de 3 milh\u00f5es de reais apenas aguardando a licita\u00e7\u00e3o para que possamos iniciar a requalifica\u00e7\u00e3o completa do mercado popular de confec\u00e7\u00f5es no local\u201d, garantiu Geraldo Almeida.<\/p>\n<p>E, embora ainda esperem essas melhorias estruturais que favore\u00e7am os setores e contribuam para a comercializa\u00e7\u00e3o dos produtos, os trabalhadores continuam acreditando na feira que abastece as mesas das fam\u00edlias em todas as regi\u00f5es da cidade.<\/p>\n<div id=\"attachment_21284\" class=\"wp-caption aligncenter\"><img loading=\"lazy\" decoding=\"async\" class=\"wp-image-21284 size-large\" src=\"https:\/\/www.alagoinhas.ba.gov.br\/wp-content\/uploads\/2018\/08\/WhatsApp-Image-2018-08-23-at-16.06.56-1024x768.jpeg\" sizes=\"auto, (max-width: 800px) 100vw, 800px\" srcset=\"https:\/\/www.alagoinhas.ba.gov.br\/wp-content\/uploads\/2018\/08\/WhatsApp-Image-2018-08-23-at-16.06.56-1024x768.jpeg 1024w, https:\/\/www.alagoinhas.ba.gov.br\/wp-content\/uploads\/2018\/08\/WhatsApp-Image-2018-08-23-at-16.06.56-300x225.jpeg 300w, https:\/\/www.alagoinhas.ba.gov.br\/wp-content\/uploads\/2018\/08\/WhatsApp-Image-2018-08-23-at-16.06.56-768x576.jpeg 768w, https:\/\/www.alagoinhas.ba.gov.br\/wp-content\/uploads\/2018\/08\/WhatsApp-Image-2018-08-23-at-16.06.56.jpeg 1032w\" alt=\"\" width=\"800\" height=\"600\" \/><\/p>\n<p class=\"wp-caption-text\">Imagem: Ana Maria Simono\/SECOM<\/p>\n<\/div>\n<p style=\"text-align: justify;\"><span style=\"color: #000000;\">Edna de Souza tem mais de 3 d\u00e9cadas na feira: desde os 9, acompanhava o pai no dia a dia de ir e voltar \u00e0 Central, e o trabalho, que passou de pai para filha, se tornou n\u00e3o apenas h\u00e1bito, mas mem\u00f3ria, hist\u00f3ria constru\u00edda e compartilhada em fam\u00edlia. \u201cEle faleceu. Hoje estamos eu, minha irm\u00e3 e meu esposo. N\u00f3s n\u00e3o temos ro\u00e7a, n\u00f3s compramos ro\u00e7a. A gente chega 6h, 6h30, sai 18h. \u00c9 muito bom, \u00e9 divertido. Conhecemos pessoas, passamos informa\u00e7\u00f5es sobre frutas, verduras, o que pode, o que n\u00e3o pode para uma dieta. Aprendi tudo com meu pai e com os fregueses\u201d, pontuou.<\/span><\/p>\n<p style=\"text-align: justify;\"><span style=\"color: #000000;\">O que a feira representa para ela, depois de uma trajet\u00f3ria de 30 anos de \u2018vai e vem\u2019 na Central de Abastecimento da cidade?<\/span><\/p>\n<p style=\"text-align: justify;\"><span style=\"color: #000000;\">\u201cMuita lembran\u00e7a e muita emo\u00e7\u00e3o, por causa do pai. Tem 16 anos falecido, mas \u00e9 como se fosse hoje. Tenho uma filha de 18 anos, feirante tamb\u00e9m\u201d, disse Edna de Souza, cheia de orgulho.<\/span><\/p>\n<p style=\"text-align: justify;\"><span style=\"color: #000000;\">A atividade, que atravessa gera\u00e7\u00f5es, deixa marcas positivas na hist\u00f3ria contada e na hist\u00f3ria viva, do local que, desde 1988, mant\u00e9m o movimento de escoamento da produ\u00e7\u00e3o. \u201cA Central \u00e9 um importante mercado popular que abastece grande parte da popula\u00e7\u00e3o de Alagoinhas. \u00c9 um espa\u00e7o tradicional, que est\u00e1 enraizado na cultura popular. \u00c9 em fun\u00e7\u00e3o dessa import\u00e2ncia que nos preocupamos e que temos nos empenhado para recuperar e trazer melhorias aos espa\u00e7os interno e externo da CEAB\u201d, finalizou o secret\u00e1rio Geraldo Almeida.<\/span><\/p>\n<div id=\"attachment_21285\" class=\"wp-caption aligncenter\"><img loading=\"lazy\" decoding=\"async\" class=\"wp-image-21285 size-large\" src=\"https:\/\/www.alagoinhas.ba.gov.br\/wp-content\/uploads\/2018\/08\/WhatsApp-Image-2018-08-23-at-16.13.40-1024x576.jpeg\" sizes=\"auto, (max-width: 800px) 100vw, 800px\" srcset=\"https:\/\/www.alagoinhas.ba.gov.br\/wp-content\/uploads\/2018\/08\/WhatsApp-Image-2018-08-23-at-16.13.40-1024x576.jpeg 1024w, https:\/\/www.alagoinhas.ba.gov.br\/wp-content\/uploads\/2018\/08\/WhatsApp-Image-2018-08-23-at-16.13.40-300x169.jpeg 300w, https:\/\/www.alagoinhas.ba.gov.br\/wp-content\/uploads\/2018\/08\/WhatsApp-Image-2018-08-23-at-16.13.40-768x432.jpeg 768w, https:\/\/www.alagoinhas.ba.gov.br\/wp-content\/uploads\/2018\/08\/WhatsApp-Image-2018-08-23-at-16.13.40.jpeg 1280w\" alt=\"\" width=\"800\" height=\"450\" \/><\/p>\n<p class=\"wp-caption-text\">Imagem: Heloisa Gomes\/SECOM<\/p>\n<\/div>\n<p style=\"text-align: justify;\"><span style=\"color: #000000;\">A SEMAG parabenizou as Marilenes, as Ednas, o Jo\u00e3o e todos os outros feirantes pelo seu dia e pelo trabalho incans\u00e1vel que essas pessoas v\u00eam realizando h\u00e1 d\u00e9cadas para manter abastecida a mesa do cidad\u00e3o alagoinhense. A Secretaria informou ainda que deve fazer uma comemora\u00e7\u00e3o formal na ter\u00e7a-feira, dia 28 de agosto, com palestras do SEBRAE sobre micro empreendedor individual, do Banco do Nordeste sobre opera\u00e7\u00f5es de micro cr\u00e9dito para feirantes e do IFBaiano quanto \u00e0 manipula\u00e7\u00e3o de alimentos para a comercializa\u00e7\u00e3o na feira.<\/span><\/p>\n<p style=\"text-align: justify;\"><span style=\"color: #000000;\">O secret\u00e1rio Geraldo Almeida aproveita a oportunidade para escutar as principais demandas apontadas pelos feirantes e para falar sobre as melhorias e projetos em curso para a Central de Abastecimento da cidade. O evento ser\u00e1 realizado no IF Baiano, a partir das 8h.<\/span><\/p>\n<h5 align=\"right\"><span style=\"color: #999999;\">Fonte: SECOM\u00a0<\/span><\/h5>\n<div class='share-to-whatsapp-wrapper'><div class='share-on-whsp'>Share on: <\/div><a data-text='\u201cAbaixo de Deus, \u00e9 ela, a feira, que me d\u00e1 o p\u00e3o de cada dia\u201d, afirma a feirante Marilene dos Santos, da Central de Abastecimento' data-link='https:\/\/newsinfoco.com.br\/inicio\/abaixo-de-deus-e-ela-a-feira-que-me-da-o-pao-de-cada-dia-afirma-a-feirante-marilene-dos-santos-da-central-de-abastecimento\/' class='whatsapp-button whatsapp-share'>WhatsApp<\/a><div class='clear '><\/div><\/div>","protected":false},"excerpt":{"rendered":"<p>De onde vem a salada fresca que vai parar na sua mesa na hora do almo\u00e7o? E a farinha, o feij\u00e3o, o aipim cozido do fim de tarde? Pode ser que o produto que enche o seu prato n\u00e3o tenha exatamente a mesma origem da mercadoria que abastece a dispensa de Jo\u00e3o, a mesa de [&hellip;]<\/p>\n","protected":false},"author":1,"featured_media":8661,"comment_status":"open","ping_status":"open","sticky":false,"template":"","format":"standard","meta":{"om_disable_all_campaigns":false,"_exactmetrics_skip_tracking":false,"_exactmetrics_sitenote_active":false,"_exactmetrics_sitenote_note":"","_exactmetrics_sitenote_category":0,"footnotes":""},"categories":[38,30],"tags":[53,54,56],"class_list":["post-8660","post","type-post","status-publish","format-standard","has-post-thumbnail","hentry","category-alagoinhas-e-regiao","category-destaque","tag-alagoinhas","tag-prefeitura","tag-secom"],"aioseo_notices":[],"_links":{"self":[{"href":"https:\/\/newsinfoco.com.br\/inicio\/wp-json\/wp\/v2\/posts\/8660","targetHints":{"allow":["GET"]}}],"collection":[{"href":"https:\/\/newsinfoco.com.br\/inicio\/wp-json\/wp\/v2\/posts"}],"about":[{"href":"https:\/\/newsinfoco.com.br\/inicio\/wp-json\/wp\/v2\/types\/post"}],"author":[{"embeddable":true,"href":"https:\/\/newsinfoco.com.br\/inicio\/wp-json\/wp\/v2\/users\/1"}],"replies":[{"embeddable":true,"href":"https:\/\/newsinfoco.com.br\/inicio\/wp-json\/wp\/v2\/comments?post=8660"}],"version-history":[{"count":0,"href":"https:\/\/newsinfoco.com.br\/inicio\/wp-json\/wp\/v2\/posts\/8660\/revisions"}],"wp:featuredmedia":[{"embeddable":true,"href":"https:\/\/newsinfoco.com.br\/inicio\/wp-json\/wp\/v2\/media\/8661"}],"wp:attachment":[{"href":"https:\/\/newsinfoco.com.br\/inicio\/wp-json\/wp\/v2\/media?parent=8660"}],"wp:term":[{"taxonomy":"category","embeddable":true,"href":"https:\/\/newsinfoco.com.br\/inicio\/wp-json\/wp\/v2\/categories?post=8660"},{"taxonomy":"post_tag","embeddable":true,"href":"https:\/\/newsinfoco.com.br\/inicio\/wp-json\/wp\/v2\/tags?post=8660"}],"curies":[{"name":"wp","href":"https:\/\/api.w.org\/{rel}","templated":true}]}}