{"id":8663,"date":"2018-08-25T21:55:19","date_gmt":"2018-08-26T00:55:19","guid":{"rendered":"http:\/\/newsinfoco.com.br\/?p=8663"},"modified":"2018-08-25T21:55:19","modified_gmt":"2018-08-26T00:55:19","slug":"prefeito-joaquim-neto-prestigia-posses-das-novas-diretorias-da-autrmaa-e-da-fenacab-alagoinhas","status":"publish","type":"post","link":"https:\/\/newsinfoco.com.br\/inicio\/prefeito-joaquim-neto-prestigia-posses-das-novas-diretorias-da-autrmaa-e-da-fenacab-alagoinhas\/","title":{"rendered":"Prefeito Joaquim Neto prestigia posses das novas diretorias da AUTRMAA e da FENACAB\/Alagoinhas"},"content":{"rendered":"<p style=\"text-align: justify;\"><span style=\"color: #000000;\">O prefeito Joaquim Neto, prestigiou, na manh\u00e3 desta sexta-feira (24), as posses das novas diretorias da Associa\u00e7\u00e3o dos Terreiros de Matriz Africana de Alagoinhas (AUTRMAA) e da \u00a0Federa\u00e7\u00e3o Nacional do Culto Afro-Brasileiro (FENACAB\/Alagoinhas). A solenidade ocorreu no Sal\u00e3o Verde da Prefeitura e contou com as presen\u00e7as da vice-prefeita e secret\u00e1ria de Cultura, Esporte e Turismo (SECET), Iraci Gama, do secret\u00e1rio de Desenvolvimento e Meio Ambiente, Ed\u00e9sio Cardoso, de Sa\u00fade , Moacir Lira, do vereador Luciano Almeida, e de representantes da FENACAB de Salvador e de Feira de Santana, do Conselho Municipal Afrodescendente e\u00a0 de terreiros de Candombl\u00e9 do munic\u00edpio. <\/span><\/p>\n<p style=\"text-align: justify;\"><span style=\"color: #000000;\">Fundada h\u00e1 mais de dez anos, a FENACAB\/Alagoinhas empossou a m\u00e3e de santo Jaciara Santos de Jesus, que est\u00e1 \u00e0 frente de duas casas religiosas na cidade. \u201c\u00c9 muito importante a atua\u00e7\u00e3o da entidade no trabalho de refor\u00e7ar a nossa religiosidade em todas as partes, combatendo o preconceito e resgatando a nossa cultura, atrav\u00e9s de diversas atividades que valorizam os povos de matriz africana \u201c, afirmou.<\/span><\/p><div class=\"newsi-conteudo_19\" id=\"newsi-1384341684\"><a href=\"https:\/\/www.instagram.com\/prefeituraalagoinhas?igsh=YzgzdDJ1bWR3aWI4\" aria-label=\"SAVE_20251006_221555\"><img loading=\"lazy\" decoding=\"async\" src=\"https:\/\/newsinfoco.com.br\/inicio\/wp-content\/uploads\/2025\/10\/SAVE_20251006_221555-rotated.jpg\" alt=\"\"  srcset=\"https:\/\/newsinfoco.com.br\/inicio\/wp-content\/uploads\/2025\/10\/SAVE_20251006_221555-rotated.jpg 1140w, https:\/\/newsinfoco.com.br\/inicio\/wp-content\/uploads\/2025\/10\/SAVE_20251006_221555-300x52.jpg 300w, https:\/\/newsinfoco.com.br\/inicio\/wp-content\/uploads\/2025\/10\/SAVE_20251006_221555-1024x177.jpg 1024w, https:\/\/newsinfoco.com.br\/inicio\/wp-content\/uploads\/2025\/10\/SAVE_20251006_221555-768x133.jpg 768w, https:\/\/newsinfoco.com.br\/inicio\/wp-content\/uploads\/2025\/10\/SAVE_20251006_221555-600x104.jpg 600w, https:\/\/newsinfoco.com.br\/inicio\/wp-content\/uploads\/2025\/10\/SAVE_20251006_221555-696x120.jpg 696w, https:\/\/newsinfoco.com.br\/inicio\/wp-content\/uploads\/2025\/10\/SAVE_20251006_221555-1068x185.jpg 1068w\" sizes=\"(max-width: 1140px) 100vw, 1140px\" width=\"1140\" height=\"197\"   \/><\/a><\/div>\n<p style=\"text-align: justify;\"><span style=\"color: #000000;\">\u201cApesar de toda resist\u00eancia, preconceito e discrimina\u00e7\u00e3o, nossa religi\u00e3o e nossa cultura est\u00e3o vivas, e esta \u00e9 a nossa luta di\u00e1ria, mant\u00ea-las vivas.\u00a0 Em Alagoinhas,\u00a0 podemos afirmar que estamos avan\u00e7ando nestas quest\u00f5es e isso se deve muito ao papel da gest\u00e3o, que se mostra sens\u00edvel \u00e0 causa e vem lutando junto com as entidades\u201d, enfatizou\u00a0o novo presidente da AUTRMAA, Luiz Cezar<\/span><\/p>\n<p style=\"text-align: justify;\"><span style=\"color: #000000;\">A riqueza e a diversidade observadas nas religi\u00f5es de matriz africana, que representam in\u00fameras na\u00e7\u00f5es e diversas culturas, foram destacadas pela vice-prefeita Iraci Gama, \u00a0ao saudar a mesa e os convidados que ocuparam o Sal\u00e3o Verde. \u201d A intoler\u00e2ncia religiosa \u00e9 dirigida principalmente aos praticantes da Umbanda, Candombl\u00e9, apesar de representarem a leg\u00edtima express\u00e3o que tanto nos influenciou e enriqueceu a nossa cultura\u201d, afirmou.<\/span><\/p>\n<p style=\"text-align: justify;\"><span style=\"color: #000000;\">\u201cEstamos empenhados na constru\u00e7\u00e3o de um di\u00e1logo constante e na implementa\u00e7\u00e3o de pol\u00edticas p\u00fablicas voltadas aos povos de terreiros e de matriz africana, dando a\u00a0 nossa contribui\u00e7\u00e3o para fortalecimento da cultura brasileira,\u00a0 da valoriza\u00e7\u00e3o dos espa\u00e7os como fomentadores de cultura, de desenvolvimento e para o combate \u00e0 intoler\u00e2ncia religiosa, o que acredito que seja obriga\u00e7\u00e3o de todos os gestores\u201d, afirmou o prefeito Joaquim Neto.<\/span><\/p>\n<p style=\"text-align: justify;\"><span style=\"color: #000000;\"><strong>Avan\u00e7os<\/strong><\/span><\/p>\n<p style=\"text-align: justify;\"><span style=\"color: #000000;\">Em \u00a011 de julho deste ano, em um dia hist\u00f3rico e emocionante para o munic\u00edpio, o prefeito Joaquim Neto assinou quatro decretos que lan\u00e7am o Programa Terreiro\u00a0 Legal, o reconhecimento e cadastramento das baianas de acaraj\u00e9, mingau e vendedoras de beiju, o reconhecimento dos templos das religi\u00f5es de matriz africana existentes no munic\u00edpio como organiza\u00e7\u00f5es religiosas para fins jur\u00eddicos administrativos e sociais, passando a ter os mesmo benef\u00edcios sociais e tribut\u00e1rios de outras religi\u00f5es, como isen\u00e7\u00e3o de impostos e capta\u00e7\u00e3o de recursos p\u00fablicos, \u00a0e a regulamenta\u00e7\u00e3o da indument\u00e1ria das baianas de acaraj\u00e9, que\u00a0 ter\u00e3o de seguir as tradi\u00e7\u00f5es para o uso de vestimenta e para montar o tabuleiro.<\/span><\/p>\n<p style=\"text-align: justify;\"><span style=\"color: #000000;\">Por meio do Programa Terreiro Legal, os Povos e Comunidades de Terreiros\u00a0 ter\u00e3o mais facilidade para fazer regulariza\u00e7\u00e3o fundi\u00e1ria e se organizar como institui\u00e7\u00f5es jur\u00eddicas. O decreto engloba\u00a0 povos e comunidades como Unzon, Mansu, Centros de Umbanda, Centros de Caboclo, de Il\u00ea Ax\u00e9 e outros. A Secretaria de Cultura, Esporte e Turismo(SECET), em parceria com a Diretoria de Repara\u00e7\u00e3o ir\u00e1 organizar um banco de dados com o registro das comunidades que existem em Alagoinhas.<\/span><\/p>\n<p style=\"text-align: justify;\"><span style=\"color: #000000;\">CONFIRA GALERIA DE FOTOS:<\/span><\/p>\n<p><a href=\"http:\/\/newsinfoco.com.br\/wp-content\/uploads\/2018\/08\/44198776412_e9eafd7eac_z.jpg\"><img loading=\"lazy\" decoding=\"async\" class=\"alignnone size-medium wp-image-8668\" src=\"http:\/\/newsinfoco.com.br\/wp-content\/uploads\/2018\/08\/44198776412_e9eafd7eac_z-300x199.jpg\" alt=\"\" width=\"300\" height=\"199\" srcset=\"https:\/\/newsinfoco.com.br\/inicio\/wp-content\/uploads\/2018\/08\/44198776412_e9eafd7eac_z-300x199.jpg 300w, https:\/\/newsinfoco.com.br\/inicio\/wp-content\/uploads\/2018\/08\/44198776412_e9eafd7eac_z-600x398.jpg 600w, https:\/\/newsinfoco.com.br\/inicio\/wp-content\/uploads\/2018\/08\/44198776412_e9eafd7eac_z-634x420.jpg 634w, https:\/\/newsinfoco.com.br\/inicio\/wp-content\/uploads\/2018\/08\/44198776412_e9eafd7eac_z.jpg 640w\" sizes=\"auto, (max-width: 300px) 100vw, 300px\" \/><\/a> <a href=\"http:\/\/newsinfoco.com.br\/wp-content\/uploads\/2018\/08\/44198772842_560e860146_z.jpg\"><img loading=\"lazy\" decoding=\"async\" class=\"alignnone size-medium wp-image-8667\" src=\"http:\/\/newsinfoco.com.br\/wp-content\/uploads\/2018\/08\/44198772842_560e860146_z-300x199.jpg\" alt=\"\" width=\"300\" height=\"199\" srcset=\"https:\/\/newsinfoco.com.br\/inicio\/wp-content\/uploads\/2018\/08\/44198772842_560e860146_z-300x199.jpg 300w, https:\/\/newsinfoco.com.br\/inicio\/wp-content\/uploads\/2018\/08\/44198772842_560e860146_z-600x398.jpg 600w, https:\/\/newsinfoco.com.br\/inicio\/wp-content\/uploads\/2018\/08\/44198772842_560e860146_z-634x420.jpg 634w, https:\/\/newsinfoco.com.br\/inicio\/wp-content\/uploads\/2018\/08\/44198772842_560e860146_z.jpg 640w\" sizes=\"auto, (max-width: 300px) 100vw, 300px\" \/><\/a> <a href=\"http:\/\/newsinfoco.com.br\/wp-content\/uploads\/2018\/08\/44198723962_7a15effaed_z.jpg\"><img loading=\"lazy\" decoding=\"async\" class=\"alignnone size-medium wp-image-8666\" src=\"http:\/\/newsinfoco.com.br\/wp-content\/uploads\/2018\/08\/44198723962_7a15effaed_z-300x199.jpg\" alt=\"\" width=\"300\" height=\"199\" srcset=\"https:\/\/newsinfoco.com.br\/inicio\/wp-content\/uploads\/2018\/08\/44198723962_7a15effaed_z-300x199.jpg 300w, https:\/\/newsinfoco.com.br\/inicio\/wp-content\/uploads\/2018\/08\/44198723962_7a15effaed_z-600x398.jpg 600w, https:\/\/newsinfoco.com.br\/inicio\/wp-content\/uploads\/2018\/08\/44198723962_7a15effaed_z-634x420.jpg 634w, https:\/\/newsinfoco.com.br\/inicio\/wp-content\/uploads\/2018\/08\/44198723962_7a15effaed_z.jpg 640w\" sizes=\"auto, (max-width: 300px) 100vw, 300px\" \/><\/a> <a href=\"http:\/\/newsinfoco.com.br\/wp-content\/uploads\/2018\/08\/43530159564_a9129134f1_z.jpg\"><img loading=\"lazy\" decoding=\"async\" class=\"alignnone size-medium wp-image-8665\" src=\"http:\/\/newsinfoco.com.br\/wp-content\/uploads\/2018\/08\/43530159564_a9129134f1_z-300x199.jpg\" alt=\"\" width=\"300\" height=\"199\" srcset=\"https:\/\/newsinfoco.com.br\/inicio\/wp-content\/uploads\/2018\/08\/43530159564_a9129134f1_z-300x199.jpg 300w, https:\/\/newsinfoco.com.br\/inicio\/wp-content\/uploads\/2018\/08\/43530159564_a9129134f1_z-600x398.jpg 600w, https:\/\/newsinfoco.com.br\/inicio\/wp-content\/uploads\/2018\/08\/43530159564_a9129134f1_z-634x420.jpg 634w, https:\/\/newsinfoco.com.br\/inicio\/wp-content\/uploads\/2018\/08\/43530159564_a9129134f1_z.jpg 640w\" sizes=\"auto, (max-width: 300px) 100vw, 300px\" \/><\/a> <a href=\"http:\/\/newsinfoco.com.br\/wp-content\/uploads\/2018\/08\/42440077970_c7c97732e6_z.jpg\"><img loading=\"lazy\" decoding=\"async\" class=\"alignnone size-medium wp-image-8664\" src=\"http:\/\/newsinfoco.com.br\/wp-content\/uploads\/2018\/08\/42440077970_c7c97732e6_z-300x199.jpg\" alt=\"\" width=\"300\" height=\"199\" srcset=\"https:\/\/newsinfoco.com.br\/inicio\/wp-content\/uploads\/2018\/08\/42440077970_c7c97732e6_z-300x199.jpg 300w, https:\/\/newsinfoco.com.br\/inicio\/wp-content\/uploads\/2018\/08\/42440077970_c7c97732e6_z-600x398.jpg 600w, https:\/\/newsinfoco.com.br\/inicio\/wp-content\/uploads\/2018\/08\/42440077970_c7c97732e6_z-634x420.jpg 634w, https:\/\/newsinfoco.com.br\/inicio\/wp-content\/uploads\/2018\/08\/42440077970_c7c97732e6_z.jpg 640w\" sizes=\"auto, (max-width: 300px) 100vw, 300px\" \/><\/a><\/p>\n<h5 style=\"text-align: right;\"><span style=\"color: #999999;\">Fonte: SECOM SECET<\/span><\/h5>\n<div class='share-to-whatsapp-wrapper'><div class='share-on-whsp'>Share on: <\/div><a data-text='Prefeito Joaquim Neto prestigia posses das novas diretorias da AUTRMAA e da FENACAB\/Alagoinhas' data-link='https:\/\/newsinfoco.com.br\/inicio\/prefeito-joaquim-neto-prestigia-posses-das-novas-diretorias-da-autrmaa-e-da-fenacab-alagoinhas\/' class='whatsapp-button whatsapp-share'>WhatsApp<\/a><div class='clear '><\/div><\/div>","protected":false},"excerpt":{"rendered":"<p>O prefeito Joaquim Neto, prestigiou, na manh\u00e3 desta sexta-feira (24), as posses das novas diretorias da Associa\u00e7\u00e3o dos Terreiros de Matriz Africana de Alagoinhas (AUTRMAA) e da \u00a0Federa\u00e7\u00e3o Nacional do Culto Afro-Brasileiro (FENACAB\/Alagoinhas). A solenidade ocorreu no Sal\u00e3o Verde da Prefeitura e contou com as presen\u00e7as da vice-prefeita e secret\u00e1ria de Cultura, Esporte e Turismo [&hellip;]<\/p>\n","protected":false},"author":1,"featured_media":8665,"comment_status":"open","ping_status":"open","sticky":false,"template":"","format":"standard","meta":{"om_disable_all_campaigns":false,"_exactmetrics_skip_tracking":false,"_exactmetrics_sitenote_active":false,"_exactmetrics_sitenote_note":"","_exactmetrics_sitenote_category":0,"footnotes":""},"categories":[38,30],"tags":[53,54,121],"class_list":["post-8663","post","type-post","status-publish","format-standard","has-post-thumbnail","hentry","category-alagoinhas-e-regiao","category-destaque","tag-alagoinhas","tag-prefeitura","tag-secom-secet"],"aioseo_notices":[],"_links":{"self":[{"href":"https:\/\/newsinfoco.com.br\/inicio\/wp-json\/wp\/v2\/posts\/8663","targetHints":{"allow":["GET"]}}],"collection":[{"href":"https:\/\/newsinfoco.com.br\/inicio\/wp-json\/wp\/v2\/posts"}],"about":[{"href":"https:\/\/newsinfoco.com.br\/inicio\/wp-json\/wp\/v2\/types\/post"}],"author":[{"embeddable":true,"href":"https:\/\/newsinfoco.com.br\/inicio\/wp-json\/wp\/v2\/users\/1"}],"replies":[{"embeddable":true,"href":"https:\/\/newsinfoco.com.br\/inicio\/wp-json\/wp\/v2\/comments?post=8663"}],"version-history":[{"count":0,"href":"https:\/\/newsinfoco.com.br\/inicio\/wp-json\/wp\/v2\/posts\/8663\/revisions"}],"wp:featuredmedia":[{"embeddable":true,"href":"https:\/\/newsinfoco.com.br\/inicio\/wp-json\/wp\/v2\/media\/8665"}],"wp:attachment":[{"href":"https:\/\/newsinfoco.com.br\/inicio\/wp-json\/wp\/v2\/media?parent=8663"}],"wp:term":[{"taxonomy":"category","embeddable":true,"href":"https:\/\/newsinfoco.com.br\/inicio\/wp-json\/wp\/v2\/categories?post=8663"},{"taxonomy":"post_tag","embeddable":true,"href":"https:\/\/newsinfoco.com.br\/inicio\/wp-json\/wp\/v2\/tags?post=8663"}],"curies":[{"name":"wp","href":"https:\/\/api.w.org\/{rel}","templated":true}]}}