{"id":8888,"date":"2018-09-01T07:34:05","date_gmt":"2018-09-01T10:34:05","guid":{"rendered":"http:\/\/newsinfoco.com.br\/?p=8888"},"modified":"2018-09-01T07:34:05","modified_gmt":"2018-09-01T10:34:05","slug":"confira-a-agenda-dos-candidatos-ao-governo-da-bahia-neste-fim-de-semana","status":"publish","type":"post","link":"https:\/\/newsinfoco.com.br\/inicio\/confira-a-agenda-dos-candidatos-ao-governo-da-bahia-neste-fim-de-semana\/","title":{"rendered":"Confira a agenda dos candidatos ao governo da Bahia neste fim-de-semana"},"content":{"rendered":"<p style=\"text-align: justify;\"><span style=\"color: #000000;\">Com o in\u00edcio da propaganda eleitoral no r\u00e1dio e na TV, os candidatos intensificam suas agendas pelo interior. Veja as atividades dos governadur\u00e1veis para este fim-de-semana:<\/span><\/p>\n<p style=\"text-align: justify;\"><span style=\"color: #000000;\"><strong>Z\u00e9 Ronaldo (DEM)<\/strong>\u00a0<\/span><\/p><div class=\"newsi-conteudo_19\" id=\"newsi-3628566252\"><a href=\"https:\/\/www.instagram.com\/prefeituraalagoinhas?igsh=YzgzdDJ1bWR3aWI4\" aria-label=\"SAVE_20251006_221555\"><img loading=\"lazy\" decoding=\"async\" src=\"https:\/\/newsinfoco.com.br\/inicio\/wp-content\/uploads\/2025\/10\/SAVE_20251006_221555-rotated.jpg\" alt=\"\"  srcset=\"https:\/\/newsinfoco.com.br\/inicio\/wp-content\/uploads\/2025\/10\/SAVE_20251006_221555-rotated.jpg 1140w, https:\/\/newsinfoco.com.br\/inicio\/wp-content\/uploads\/2025\/10\/SAVE_20251006_221555-300x52.jpg 300w, https:\/\/newsinfoco.com.br\/inicio\/wp-content\/uploads\/2025\/10\/SAVE_20251006_221555-1024x177.jpg 1024w, https:\/\/newsinfoco.com.br\/inicio\/wp-content\/uploads\/2025\/10\/SAVE_20251006_221555-768x133.jpg 768w, https:\/\/newsinfoco.com.br\/inicio\/wp-content\/uploads\/2025\/10\/SAVE_20251006_221555-600x104.jpg 600w, https:\/\/newsinfoco.com.br\/inicio\/wp-content\/uploads\/2025\/10\/SAVE_20251006_221555-696x120.jpg 696w, https:\/\/newsinfoco.com.br\/inicio\/wp-content\/uploads\/2025\/10\/SAVE_20251006_221555-1068x185.jpg 1068w\" sizes=\"(max-width: 1140px) 100vw, 1140px\" width=\"1140\" height=\"197\"   \/><\/a><\/div>\n<p style=\"text-align: justify;\"><span style=\"color: #000000;\">1\u00ba de setembro<\/span><br \/>\n<span style=\"color: #000000;\">Feira de Santana<\/span><br \/>\n<span style=\"color: #000000;\">9h &#8211; Encontro com lideran\u00e7as pol\u00edticas\u00a0<\/span><br \/>\n<span style=\"color: #000000;\">10h Participa do lan\u00e7amento oficial da candidatura do deputado estadual Carlos Geilson<\/span><br \/>\n<span style=\"color: #000000;\">Ibicara\u00ed<\/span><br \/>\n<span style=\"color: #000000;\">15h &#8211; Encontro com lideran\u00e7as pol\u00edticas<\/span><br \/>\n<span style=\"color: #000000;\">Camac\u00e3<\/span><br \/>\n<span style=\"color: #000000;\">18h &#8211; Encontro Regional com lideran\u00e7as pol\u00edticas<\/span><\/p>\n<p style=\"text-align: justify;\"><span style=\"color: #000000;\">2 de setembro<\/span><br \/>\n<span style=\"color: #000000;\">11h &#8211; Carreata saindo de Nova Itarana\u00a0<\/span><br \/>\n<span style=\"color: #000000;\">11h45 \u2013 Ita\u00edpe (distrito de Planaltino)<\/span><br \/>\n<span style=\"color: #000000;\">13h \u2013 Planaltino\u00a0<\/span><br \/>\n<span style=\"color: #000000;\">15h \u2013 Marac\u00e1s\u00a0<\/span><br \/>\n<span style=\"color: #000000;\">16h \u2013 Lajedo \u00a0<\/span><br \/>\n<span style=\"color: #000000;\">17h \u2013 Itiru\u00e7u \u00a0<\/span><br \/>\n<span style=\"color: #000000;\">18h \u2013 Jaguaquara<\/span><\/p>\n<p style=\"text-align: justify;\"><span style=\"color: #000000;\"><strong>Jo\u00e3o Santana (MDB)\u00a0<\/strong><\/span><\/p>\n<p style=\"text-align: justify;\"><span style=\"color: #000000;\">1\u00ba setembro\u00a0<\/span><br \/>\n<span style=\"color: #000000;\">Vit\u00f3ria da Conquista<\/span><br \/>\n<span style=\"color: #000000;\">10h &#8211; Lan\u00e7amento da candidatura de Gilmar Ferraz para Deputado Estadual<\/span><br \/>\n<span style=\"color: #000000;\">11h &#8211; Inaugura\u00e7\u00e3o do Comit\u00ea Central de Campanha<\/span><\/p>\n<p style=\"text-align: justify;\"><span style=\"color: #000000;\">2 de setembro<\/span><br \/>\n<span style=\"color: #000000;\">Agenda pessoal<\/span><\/p>\n<p style=\"text-align: justify;\"><span style=\"color: #000000;\"><strong>Jo\u00e3o Henrique (PRTB)<\/strong><\/span><\/p>\n<p style=\"text-align: justify;\"><span style=\"color: #000000;\">1\u00ba setembro\u00a0<\/span><br \/>\n<span style=\"color: #000000;\">Manh\u00e3 \u2013 reuni\u00e3o com lideran\u00e7as<\/span><br \/>\n<span style=\"color: #000000;\">Tarde: grava\u00e7\u00e3o programa eleitoral<\/span><\/p>\n<p style=\"text-align: justify;\"><span style=\"color: #000000;\">2 de setembro<\/span><br \/>\n<span style=\"color: #000000;\">Manh\u00e3: grava\u00e7\u00e3o para redes sociais<\/span><br \/>\n<span style=\"color: #000000;\">Noite: agenda pessoal<\/span><\/p>\n<p style=\"text-align: justify;\"><span style=\"color: #000000;\"><strong>C\u00e9lia Sacramento (REDE)<\/strong><\/span><\/p>\n<p style=\"text-align: justify;\"><span style=\"color: #000000;\">1\u00ba de setembro<\/span><br \/>\n<span style=\"color: #000000;\">Salvador<\/span><br \/>\n<span style=\"color: #000000;\">9h &#8211; debate com lideran\u00e7as do povo de santo no Grande Hotel da Barra<\/span><br \/>\n<span style=\"color: #000000;\">Tarde: agenda pessoal<\/span><br \/>\n<span style=\"color: #000000;\">19h \u2013 evento no TCA<\/span><\/p>\n<p style=\"text-align: justify;\"><span style=\"color: #000000;\">2 de setembro<\/span><br \/>\n<span style=\"color: #000000;\">Salvador<\/span><br \/>\n<span style=\"color: #000000;\">6h &#8211; Caminhada Matinal<\/span><br \/>\n<span style=\"color: #000000;\">13h \u2013 feijoada no Pelourinho<\/span><br \/>\n<span style=\"color: #000000;\">Noite: agenda pessoal<\/span><\/p>\n<p style=\"text-align: justify;\"><span style=\"color: #000000;\"><strong>Rui Costa (PT)<\/strong><\/span><\/p>\n<p style=\"text-align: justify;\"><span style=\"color: #000000;\">1\u00ba de setembro<\/span><br \/>\n<span style=\"color: #000000;\">9h &#8211; Caminhada e Ato p\u00fablico em Janda\u00edra (Concentra\u00e7\u00e3o: Rua Duque de Caxias &#8211; Casa da Farinha)\u00a0<\/span><br \/>\n<span style=\"color: #000000;\">11h &#8211; Caminhada em Esplanada (Concentra\u00e7\u00e3o: Av. M\u00e1rio Andreazza, ao lado do Col\u00e9gio CNEC)\u00a0<\/span><br \/>\n<span style=\"color: #000000;\">13h &#8211; Caminhada em Entre Rios (Concentra\u00e7\u00e3o: Trevo na entrada da cidade)<\/span><br \/>\n<span style=\"color: #000000;\">14h30 &#8211; Caminhada em Ara\u00e7\u00e1s (Concentra\u00e7\u00e3o: Av. Eronildes Soares Bonfim, entrada da cidade)<\/span><br \/>\n<span style=\"color: #000000;\">16h &#8211; Caminhada em Catu (Concentra\u00e7\u00e3o: Largo da M\u00e3ozinha, bairro: Bar\u00e3o de Cama\u00e7ari)<\/span><\/p>\n<p style=\"text-align: justify;\"><span style=\"color: #000000;\">2 de setembro<\/span><br \/>\n<span style=\"color: #000000;\">9h &#8211; Caminhada e Ato p\u00fablico em Alagoinhas<\/span><\/p>\n<p style=\"text-align: justify;\"><span style=\"color: #000000;\"><strong>Marcos Mendes (Psol)<\/strong><\/span><\/p>\n<p style=\"text-align: justify;\"><span style=\"color: #000000;\">1\u00ba de setembro<\/span><br \/>\n<span style=\"color: #000000;\">9h \u2013 Bate-papo com a juventude de Vit\u00f3ria da Conquista, com as presen\u00e7as dos candidatos a deputados pelo PSOL-BA, Hamilton Assis (federal), Mozart Tanajura Jr. (federal) e Euvaldo (estadual);<\/span><br \/>\n<span style=\"color: #000000;\">14h &#8211; Atividade no Assentamento Amaralina, em Vit\u00f3ria da Conquista, com os candidatos a deputados pelo PSOL-BA, Hamilton Assis (federal), Mozart Tanajura Jr. (federal) e Euvaldo (estadual);<\/span><br \/>\n<span style=\"color: #000000;\">18h &#8211; Panfletagem e conversa com lideran\u00e7as comunit\u00e1rias e pol\u00edticas, em Lucaia (Planalto);<\/span><br \/>\n<span style=\"color: #000000;\">20h &#8211; Reuni\u00e3o e panfletagem com lideran\u00e7as comunit\u00e1rias e pol\u00edticas, em Po\u00e7\u00f5es.<\/span><\/p>\n<p style=\"text-align: justify;\"><span style=\"color: #000000;\">2 de setembro<\/span><br \/>\n<span style=\"color: #000000;\">15h &#8211; Parada LGBT do Sub\u00farbio<\/span><\/p>\n<p>&nbsp;<\/p>\n<h6 style=\"text-align: right;\">Fonte:Bnews<\/h6>\n<div class='share-to-whatsapp-wrapper'><div class='share-on-whsp'>Share on: <\/div><a data-text='Confira a agenda dos candidatos ao governo da Bahia neste fim-de-semana' data-link='https:\/\/newsinfoco.com.br\/inicio\/confira-a-agenda-dos-candidatos-ao-governo-da-bahia-neste-fim-de-semana\/' class='whatsapp-button whatsapp-share'>WhatsApp<\/a><div class='clear '><\/div><\/div>","protected":false},"excerpt":{"rendered":"<p>Com o in\u00edcio da propaganda eleitoral no r\u00e1dio e na TV, os candidatos intensificam suas agendas pelo interior. Veja as atividades dos governadur\u00e1veis para este fim-de-semana: Z\u00e9 Ronaldo (DEM)\u00a0 1\u00ba de setembro Feira de Santana 9h &#8211; Encontro com lideran\u00e7as pol\u00edticas\u00a0 10h Participa do lan\u00e7amento oficial da candidatura do deputado estadual Carlos Geilson Ibicara\u00ed 15h [&hellip;]<\/p>\n","protected":false},"author":1,"featured_media":0,"comment_status":"open","ping_status":"open","sticky":false,"template":"","format":"standard","meta":{"om_disable_all_campaigns":false,"_exactmetrics_skip_tracking":false,"_exactmetrics_sitenote_active":false,"_exactmetrics_sitenote_note":"","_exactmetrics_sitenote_category":0,"footnotes":""},"categories":[19],"tags":[],"class_list":["post-8888","post","type-post","status-publish","format-standard","hentry","category-bahia"],"aioseo_notices":[],"_links":{"self":[{"href":"https:\/\/newsinfoco.com.br\/inicio\/wp-json\/wp\/v2\/posts\/8888","targetHints":{"allow":["GET"]}}],"collection":[{"href":"https:\/\/newsinfoco.com.br\/inicio\/wp-json\/wp\/v2\/posts"}],"about":[{"href":"https:\/\/newsinfoco.com.br\/inicio\/wp-json\/wp\/v2\/types\/post"}],"author":[{"embeddable":true,"href":"https:\/\/newsinfoco.com.br\/inicio\/wp-json\/wp\/v2\/users\/1"}],"replies":[{"embeddable":true,"href":"https:\/\/newsinfoco.com.br\/inicio\/wp-json\/wp\/v2\/comments?post=8888"}],"version-history":[{"count":0,"href":"https:\/\/newsinfoco.com.br\/inicio\/wp-json\/wp\/v2\/posts\/8888\/revisions"}],"wp:attachment":[{"href":"https:\/\/newsinfoco.com.br\/inicio\/wp-json\/wp\/v2\/media?parent=8888"}],"wp:term":[{"taxonomy":"category","embeddable":true,"href":"https:\/\/newsinfoco.com.br\/inicio\/wp-json\/wp\/v2\/categories?post=8888"},{"taxonomy":"post_tag","embeddable":true,"href":"https:\/\/newsinfoco.com.br\/inicio\/wp-json\/wp\/v2\/tags?post=8888"}],"curies":[{"name":"wp","href":"https:\/\/api.w.org\/{rel}","templated":true}]}}