{"id":8891,"date":"2018-09-01T07:41:06","date_gmt":"2018-09-01T10:41:06","guid":{"rendered":"http:\/\/newsinfoco.com.br\/?p=8891"},"modified":"2018-09-01T07:41:06","modified_gmt":"2018-09-01T10:41:06","slug":"rui-costa-e-apoiadores-realizam-caminhada-neste-sabado-em-esplanada","status":"publish","type":"post","link":"https:\/\/newsinfoco.com.br\/inicio\/rui-costa-e-apoiadores-realizam-caminhada-neste-sabado-em-esplanada\/","title":{"rendered":"Rui Costa e apoiadores realizam caminhada neste s\u00e1bado em Esplanada"},"content":{"rendered":"<p style=\"text-align: justify;\"><span style=\"color: #000000;\">De acordo programa\u00e7\u00e3o de equipe de Campanha do Governador Rui Costa, candidato a reelei\u00e7\u00e3o o mesmo estar\u00e1 mais uma vez em Esplanada neste s\u00e1bado (01\/09), a partir das 10:30.<\/span><\/p>\n<p style=\"text-align: justify;\"><span style=\"color: #000000;\">Estar\u00e3o apoiando o ato o ex-prefeito Rodrigo de Castro Lima, o Deputado Estadual e candidato a reelei\u00e7\u00e3o Alex Lima, a Senadora e candidata a Deputada Federal L\u00eddice da Mata, o Deputado Estadual e candidato ao Senado \u00c2ngelo Coronel e o ex-governador da Bahia Jacques Wagner, candidato ao Senado Federal.<\/span><\/p><div class=\"newsi-conteudo_19\" id=\"newsi-2656643844\"><a href=\"https:\/\/www.instagram.com\/prefeituraalagoinhas?igsh=YzgzdDJ1bWR3aWI4\" aria-label=\"SAVE_20251006_221555\"><img loading=\"lazy\" decoding=\"async\" src=\"https:\/\/newsinfoco.com.br\/inicio\/wp-content\/uploads\/2025\/10\/SAVE_20251006_221555-rotated.jpg\" alt=\"\"  srcset=\"https:\/\/newsinfoco.com.br\/inicio\/wp-content\/uploads\/2025\/10\/SAVE_20251006_221555-rotated.jpg 1140w, https:\/\/newsinfoco.com.br\/inicio\/wp-content\/uploads\/2025\/10\/SAVE_20251006_221555-300x52.jpg 300w, https:\/\/newsinfoco.com.br\/inicio\/wp-content\/uploads\/2025\/10\/SAVE_20251006_221555-1024x177.jpg 1024w, https:\/\/newsinfoco.com.br\/inicio\/wp-content\/uploads\/2025\/10\/SAVE_20251006_221555-768x133.jpg 768w, https:\/\/newsinfoco.com.br\/inicio\/wp-content\/uploads\/2025\/10\/SAVE_20251006_221555-600x104.jpg 600w, https:\/\/newsinfoco.com.br\/inicio\/wp-content\/uploads\/2025\/10\/SAVE_20251006_221555-696x120.jpg 696w, https:\/\/newsinfoco.com.br\/inicio\/wp-content\/uploads\/2025\/10\/SAVE_20251006_221555-1068x185.jpg 1068w\" sizes=\"(max-width: 1140px) 100vw, 1140px\" width=\"1140\" height=\"197\"   \/><\/a><\/div>\n<p><span style=\"color: #000000;\">O ponto de partida ser\u00e1 no antigo supermercado Barros, atual comit\u00ea de Alex.<\/span><\/p>\n<h6 style=\"text-align: right;\"><\/h6>\n<h6 style=\"text-align: right;\">Fonte:Esplanadanews<\/h6>\n<div class='share-to-whatsapp-wrapper'><div class='share-on-whsp'>Share on: <\/div><a data-text='Rui Costa e apoiadores realizam caminhada neste s\u00e1bado em Esplanada' data-link='https:\/\/newsinfoco.com.br\/inicio\/rui-costa-e-apoiadores-realizam-caminhada-neste-sabado-em-esplanada\/' class='whatsapp-button whatsapp-share'>WhatsApp<\/a><div class='clear '><\/div><\/div>","protected":false},"excerpt":{"rendered":"<p>De acordo programa\u00e7\u00e3o de equipe de Campanha do Governador Rui Costa, candidato a reelei\u00e7\u00e3o o mesmo estar\u00e1 mais uma vez em Esplanada neste s\u00e1bado (01\/09), a partir das 10:30. Estar\u00e3o apoiando o ato o ex-prefeito Rodrigo de Castro Lima, o Deputado Estadual e candidato a reelei\u00e7\u00e3o Alex Lima, a Senadora e candidata a Deputada Federal [&hellip;]<\/p>\n","protected":false},"author":1,"featured_media":8892,"comment_status":"open","ping_status":"open","sticky":false,"template":"","format":"standard","meta":{"om_disable_all_campaigns":false,"_exactmetrics_skip_tracking":false,"_exactmetrics_sitenote_active":false,"_exactmetrics_sitenote_note":"","_exactmetrics_sitenote_category":0,"footnotes":""},"categories":[38],"tags":[],"class_list":["post-8891","post","type-post","status-publish","format-standard","has-post-thumbnail","hentry","category-alagoinhas-e-regiao"],"aioseo_notices":[],"_links":{"self":[{"href":"https:\/\/newsinfoco.com.br\/inicio\/wp-json\/wp\/v2\/posts\/8891","targetHints":{"allow":["GET"]}}],"collection":[{"href":"https:\/\/newsinfoco.com.br\/inicio\/wp-json\/wp\/v2\/posts"}],"about":[{"href":"https:\/\/newsinfoco.com.br\/inicio\/wp-json\/wp\/v2\/types\/post"}],"author":[{"embeddable":true,"href":"https:\/\/newsinfoco.com.br\/inicio\/wp-json\/wp\/v2\/users\/1"}],"replies":[{"embeddable":true,"href":"https:\/\/newsinfoco.com.br\/inicio\/wp-json\/wp\/v2\/comments?post=8891"}],"version-history":[{"count":0,"href":"https:\/\/newsinfoco.com.br\/inicio\/wp-json\/wp\/v2\/posts\/8891\/revisions"}],"wp:featuredmedia":[{"embeddable":true,"href":"https:\/\/newsinfoco.com.br\/inicio\/wp-json\/wp\/v2\/media\/8892"}],"wp:attachment":[{"href":"https:\/\/newsinfoco.com.br\/inicio\/wp-json\/wp\/v2\/media?parent=8891"}],"wp:term":[{"taxonomy":"category","embeddable":true,"href":"https:\/\/newsinfoco.com.br\/inicio\/wp-json\/wp\/v2\/categories?post=8891"},{"taxonomy":"post_tag","embeddable":true,"href":"https:\/\/newsinfoco.com.br\/inicio\/wp-json\/wp\/v2\/tags?post=8891"}],"curies":[{"name":"wp","href":"https:\/\/api.w.org\/{rel}","templated":true}]}}