{"id":8896,"date":"2018-09-01T11:06:49","date_gmt":"2018-09-01T14:06:49","guid":{"rendered":"http:\/\/newsinfoco.com.br\/?p=8896"},"modified":"2018-09-01T11:06:49","modified_gmt":"2018-09-01T14:06:49","slug":"presidente-da-camara-de-vereadores-roberto-torres-propoe-emenda-coletiva-para-ampliar-a-seguranca-em-alagoinhas","status":"publish","type":"post","link":"https:\/\/newsinfoco.com.br\/inicio\/presidente-da-camara-de-vereadores-roberto-torres-propoe-emenda-coletiva-para-ampliar-a-seguranca-em-alagoinhas\/","title":{"rendered":"Presidente da C\u00e2mara de Vereadores, Roberto Torres, prop\u00f5e emenda coletiva para ampliar a seguran\u00e7a em Alagoinhas"},"content":{"rendered":"<p style=\"text-align: justify;\">Os \u00edndices de viol\u00eancia no munic\u00edpio de Alagoinhas t\u00eam preocupado cada vez mais a popula\u00e7\u00e3o. Por essa raz\u00e3o, a seguran\u00e7a p\u00fablica tem sido um tema recorrente nos debates e discuss\u00f5es dos diferentes c\u00edrculos e segmentos da sociedade.<\/p>\n<p style=\"text-align: justify;\">Pensando em contribuir para minimizar o problema, durante uma reuni\u00e3o recente entre as For\u00e7as Empresariais, Minist\u00e9rio P\u00fablico e o 4\u00ba Batalh\u00e3o da Pol\u00edcia Militar em Alagoinhas, o presidente da C\u00e2mara de Vereadores de Alagoinhas, Roberto Torres, sugeriu a destina\u00e7\u00e3o de uma emenda coletiva para viabilizar o monitoramento da cidade atrav\u00e9s da implanta\u00e7\u00e3o de um sistema de c\u00e2meras de seguran\u00e7a.<\/p><div class=\"newsi-conteudo_19\" id=\"newsi-1850798894\"><a href=\"https:\/\/www.instagram.com\/prefeituraalagoinhas?igsh=YzgzdDJ1bWR3aWI4\" aria-label=\"SAVE_20251006_221555\"><img loading=\"lazy\" decoding=\"async\" src=\"https:\/\/newsinfoco.com.br\/inicio\/wp-content\/uploads\/2025\/10\/SAVE_20251006_221555-rotated.jpg\" alt=\"\"  srcset=\"https:\/\/newsinfoco.com.br\/inicio\/wp-content\/uploads\/2025\/10\/SAVE_20251006_221555-rotated.jpg 1140w, https:\/\/newsinfoco.com.br\/inicio\/wp-content\/uploads\/2025\/10\/SAVE_20251006_221555-300x52.jpg 300w, https:\/\/newsinfoco.com.br\/inicio\/wp-content\/uploads\/2025\/10\/SAVE_20251006_221555-1024x177.jpg 1024w, https:\/\/newsinfoco.com.br\/inicio\/wp-content\/uploads\/2025\/10\/SAVE_20251006_221555-768x133.jpg 768w, https:\/\/newsinfoco.com.br\/inicio\/wp-content\/uploads\/2025\/10\/SAVE_20251006_221555-600x104.jpg 600w, https:\/\/newsinfoco.com.br\/inicio\/wp-content\/uploads\/2025\/10\/SAVE_20251006_221555-696x120.jpg 696w, https:\/\/newsinfoco.com.br\/inicio\/wp-content\/uploads\/2025\/10\/SAVE_20251006_221555-1068x185.jpg 1068w\" sizes=\"(max-width: 1140px) 100vw, 1140px\" width=\"1140\" height=\"197\"   \/><\/a><\/div>\n<p style=\"text-align: justify;\">\u201cN\u00f3s podemos contribuir. N\u00e3o \u00e9 admiss\u00edvel que uma cidade como Alagoinhas n\u00e3o tenha c\u00e2meras no centro comercial, nos bairros, nas ruas e vias principais que d\u00e3o acesso \u00e0 cidade. Acredito que o poder ostensivo das c\u00e2meras aliado a um sistema de monitoramento e an\u00e1lise das imagens, gerida pelos \u00f3rg\u00e3os de seguran\u00e7a j\u00e1 estabelecidos, \u00e9 um mecanismo importante e diminuir\u00e1 consideravelmente as a\u00e7\u00f5es criminosas\u201d, ressaltou o presidente.<\/p>\n<h6 style=\"text-align: right;\"><span style=\"color: #999999;\">Fonte: Ascom C\u00e2mara Municipal de Alagoinhas<\/span><\/h6>\n<div class='share-to-whatsapp-wrapper'><div class='share-on-whsp'>Share on: <\/div><a data-text='Presidente da C\u00e2mara de Vereadores, Roberto Torres, prop\u00f5e emenda coletiva para ampliar a seguran\u00e7a em Alagoinhas' data-link='https:\/\/newsinfoco.com.br\/inicio\/presidente-da-camara-de-vereadores-roberto-torres-propoe-emenda-coletiva-para-ampliar-a-seguranca-em-alagoinhas\/' class='whatsapp-button whatsapp-share'>WhatsApp<\/a><div class='clear '><\/div><\/div>","protected":false},"excerpt":{"rendered":"<p>Os \u00edndices de viol\u00eancia no munic\u00edpio de Alagoinhas t\u00eam preocupado cada vez mais a popula\u00e7\u00e3o. Por essa raz\u00e3o, a seguran\u00e7a p\u00fablica tem sido um tema recorrente nos debates e discuss\u00f5es dos diferentes c\u00edrculos e segmentos da sociedade. Pensando em contribuir para minimizar o problema, durante uma reuni\u00e3o recente entre as For\u00e7as Empresariais, Minist\u00e9rio P\u00fablico e [&hellip;]<\/p>\n","protected":false},"author":1,"featured_media":3041,"comment_status":"open","ping_status":"open","sticky":false,"template":"","format":"standard","meta":{"om_disable_all_campaigns":false,"_exactmetrics_skip_tracking":false,"_exactmetrics_sitenote_active":false,"_exactmetrics_sitenote_note":"","_exactmetrics_sitenote_category":0,"footnotes":""},"categories":[38,30],"tags":[],"class_list":["post-8896","post","type-post","status-publish","format-standard","has-post-thumbnail","hentry","category-alagoinhas-e-regiao","category-destaque"],"aioseo_notices":[],"_links":{"self":[{"href":"https:\/\/newsinfoco.com.br\/inicio\/wp-json\/wp\/v2\/posts\/8896","targetHints":{"allow":["GET"]}}],"collection":[{"href":"https:\/\/newsinfoco.com.br\/inicio\/wp-json\/wp\/v2\/posts"}],"about":[{"href":"https:\/\/newsinfoco.com.br\/inicio\/wp-json\/wp\/v2\/types\/post"}],"author":[{"embeddable":true,"href":"https:\/\/newsinfoco.com.br\/inicio\/wp-json\/wp\/v2\/users\/1"}],"replies":[{"embeddable":true,"href":"https:\/\/newsinfoco.com.br\/inicio\/wp-json\/wp\/v2\/comments?post=8896"}],"version-history":[{"count":0,"href":"https:\/\/newsinfoco.com.br\/inicio\/wp-json\/wp\/v2\/posts\/8896\/revisions"}],"wp:featuredmedia":[{"embeddable":true,"href":"https:\/\/newsinfoco.com.br\/inicio\/wp-json\/wp\/v2\/media\/3041"}],"wp:attachment":[{"href":"https:\/\/newsinfoco.com.br\/inicio\/wp-json\/wp\/v2\/media?parent=8896"}],"wp:term":[{"taxonomy":"category","embeddable":true,"href":"https:\/\/newsinfoco.com.br\/inicio\/wp-json\/wp\/v2\/categories?post=8896"},{"taxonomy":"post_tag","embeddable":true,"href":"https:\/\/newsinfoco.com.br\/inicio\/wp-json\/wp\/v2\/tags?post=8896"}],"curies":[{"name":"wp","href":"https:\/\/api.w.org\/{rel}","templated":true}]}}