{"id":8901,"date":"2018-09-01T13:01:01","date_gmt":"2018-09-01T16:01:01","guid":{"rendered":"http:\/\/newsinfoco.com.br\/?p=8901"},"modified":"2018-09-01T13:23:59","modified_gmt":"2018-09-01T16:23:59","slug":"rui-costa-visita-alagoinhas-neste-domingo-2","status":"publish","type":"post","link":"https:\/\/newsinfoco.com.br\/inicio\/rui-costa-visita-alagoinhas-neste-domingo-2\/","title":{"rendered":"Rui Costa visita Alagoinhas neste domingo (2)"},"content":{"rendered":"<p style=\"text-align: justify;\">O munic\u00edpio de Alagoinhas, no Litoral Norte, vai receber, neste domingo (2), a comitiva da &#8220;Correria pela Bahia&#8221;, com o candidato \u00e0 reelei\u00e7\u00e3o pelo PT, Rui Costa e os tamb\u00e9m candidatos a vice-governador, Jo\u00e3o Le\u00e3o (PP), e a senador, Jaques Wagner (PT) e Angelo Coronel (PSD).<\/p>\n<p style=\"text-align: justify;\">O ponto de concentra\u00e7\u00e3o com a popula\u00e7\u00e3o de Alagoinhas ser\u00e1 a Avenida Joseph Wagner, \u00e0s 9h. A carreata seguir\u00e1 at\u00e9 a Pra\u00e7a Santa Isabel, onde haver\u00e1 com\u00edcio da coliga\u00e7\u00e3o &#8220;Mais trabalho por toda a Bahia&#8221;.<\/p><div class=\"newsi-conteudo_19\" id=\"newsi-3278061899\"><a href=\"https:\/\/www.instagram.com\/prefeituraalagoinhas?igsh=YzgzdDJ1bWR3aWI4\" aria-label=\"SAVE_20251006_221555\"><img loading=\"lazy\" decoding=\"async\" src=\"https:\/\/newsinfoco.com.br\/inicio\/wp-content\/uploads\/2025\/10\/SAVE_20251006_221555-rotated.jpg\" alt=\"\"  srcset=\"https:\/\/newsinfoco.com.br\/inicio\/wp-content\/uploads\/2025\/10\/SAVE_20251006_221555-rotated.jpg 1140w, https:\/\/newsinfoco.com.br\/inicio\/wp-content\/uploads\/2025\/10\/SAVE_20251006_221555-300x52.jpg 300w, https:\/\/newsinfoco.com.br\/inicio\/wp-content\/uploads\/2025\/10\/SAVE_20251006_221555-1024x177.jpg 1024w, https:\/\/newsinfoco.com.br\/inicio\/wp-content\/uploads\/2025\/10\/SAVE_20251006_221555-768x133.jpg 768w, https:\/\/newsinfoco.com.br\/inicio\/wp-content\/uploads\/2025\/10\/SAVE_20251006_221555-600x104.jpg 600w, https:\/\/newsinfoco.com.br\/inicio\/wp-content\/uploads\/2025\/10\/SAVE_20251006_221555-696x120.jpg 696w, https:\/\/newsinfoco.com.br\/inicio\/wp-content\/uploads\/2025\/10\/SAVE_20251006_221555-1068x185.jpg 1068w\" sizes=\"(max-width: 1140px) 100vw, 1140px\" width=\"1140\" height=\"197\"   \/><\/a><\/div>\n<p style=\"text-align: justify;\">Na segunda (3), Rui pega a estrada rumo a mais seis cidades. Capim Grosso, na Bacia de Jacu\u00edpe, ser\u00e1 o primeiro destino, onde ter\u00e1 carreata \u00e0s 9h; depois segue para S\u00e3o Jos\u00e9 do Jacu\u00edpe (Itatiaia), Gavi\u00e3o, Nova F\u00e1tima, Riach\u00e3o do Jacu\u00edpe e termina com caminhada e ato p\u00fablico em Tanquinho, a partir das 17h.<\/p>\n<h6 style=\"text-align: right;\"><span style=\"color: #999999;\">fonte: Ascom Rui Costa<\/span><\/h6>\n<h6 style=\"text-align: right;\"><span style=\"color: #999999;\">foto: Carlos Casaes\/Jornal Grande Bahia<\/span><\/h6>\n<div class='share-to-whatsapp-wrapper'><div class='share-on-whsp'>Share on: <\/div><a data-text='Rui Costa visita Alagoinhas neste domingo (2)' data-link='https:\/\/newsinfoco.com.br\/inicio\/rui-costa-visita-alagoinhas-neste-domingo-2\/' class='whatsapp-button whatsapp-share'>WhatsApp<\/a><div class='clear '><\/div><\/div>","protected":false},"excerpt":{"rendered":"<p>O munic\u00edpio de Alagoinhas, no Litoral Norte, vai receber, neste domingo (2), a comitiva da &#8220;Correria pela Bahia&#8221;, com o candidato \u00e0 reelei\u00e7\u00e3o pelo PT, Rui Costa e os tamb\u00e9m candidatos a vice-governador, Jo\u00e3o Le\u00e3o (PP), e a senador, Jaques Wagner (PT) e Angelo Coronel (PSD). O ponto de concentra\u00e7\u00e3o com a popula\u00e7\u00e3o de Alagoinhas [&hellip;]<\/p>\n","protected":false},"author":1,"featured_media":8902,"comment_status":"open","ping_status":"open","sticky":false,"template":"","format":"standard","meta":{"om_disable_all_campaigns":false,"_exactmetrics_skip_tracking":false,"_exactmetrics_sitenote_active":false,"_exactmetrics_sitenote_note":"","_exactmetrics_sitenote_category":0,"footnotes":""},"categories":[19,30],"tags":[],"class_list":["post-8901","post","type-post","status-publish","format-standard","has-post-thumbnail","hentry","category-bahia","category-destaque"],"aioseo_notices":[],"_links":{"self":[{"href":"https:\/\/newsinfoco.com.br\/inicio\/wp-json\/wp\/v2\/posts\/8901","targetHints":{"allow":["GET"]}}],"collection":[{"href":"https:\/\/newsinfoco.com.br\/inicio\/wp-json\/wp\/v2\/posts"}],"about":[{"href":"https:\/\/newsinfoco.com.br\/inicio\/wp-json\/wp\/v2\/types\/post"}],"author":[{"embeddable":true,"href":"https:\/\/newsinfoco.com.br\/inicio\/wp-json\/wp\/v2\/users\/1"}],"replies":[{"embeddable":true,"href":"https:\/\/newsinfoco.com.br\/inicio\/wp-json\/wp\/v2\/comments?post=8901"}],"version-history":[{"count":0,"href":"https:\/\/newsinfoco.com.br\/inicio\/wp-json\/wp\/v2\/posts\/8901\/revisions"}],"wp:featuredmedia":[{"embeddable":true,"href":"https:\/\/newsinfoco.com.br\/inicio\/wp-json\/wp\/v2\/media\/8902"}],"wp:attachment":[{"href":"https:\/\/newsinfoco.com.br\/inicio\/wp-json\/wp\/v2\/media?parent=8901"}],"wp:term":[{"taxonomy":"category","embeddable":true,"href":"https:\/\/newsinfoco.com.br\/inicio\/wp-json\/wp\/v2\/categories?post=8901"},{"taxonomy":"post_tag","embeddable":true,"href":"https:\/\/newsinfoco.com.br\/inicio\/wp-json\/wp\/v2\/tags?post=8901"}],"curies":[{"name":"wp","href":"https:\/\/api.w.org\/{rel}","templated":true}]}}